{"id":7139,"date":"2018-05-23T14:39:41","date_gmt":"2018-05-23T14:39:41","guid":{"rendered":"http:\/\/fmriachuelo.com.ar\/?p=7139"},"modified":"2018-05-23T14:39:41","modified_gmt":"2018-05-23T14:39:41","slug":"marcelo-montenegro-absolvieron-a-los-policias-que-lo-mataron","status":"publish","type":"post","link":"http:\/\/fmriachuelo.it10.com.ar\/index.php\/2018\/05\/23\/marcelo-montenegro-absolvieron-a-los-policias-que-lo-mataron\/","title":{"rendered":"Marcelo Montenegro: absolvieron a los polic\u00edas que lo mataron"},"content":{"rendered":"<p><strong>[ *Por Colectivo de Medios de Comunicaci\u00f3n Popular 23\/05\/2018 ] Ayer\u00a0se conoci\u00f3 el veredicto en el juicio por el asesinato de Marcelo Montenegro en Julio del 2012. Emmanuel Alejandro D\u00edaz, Mario Nicol\u00e1s Medina y Diego Marcelo Calder\u00f3n, los tres integrantes de la fuerza policial, fueron absueltos por el Tribunal Oral y Criminal N\u00b0 30 integrado por los jueces Luis Mar\u00eda Rizzi, Marcela M\u00f3nica Rodr\u00edguez<\/strong> y<strong> Guillermo Enrique Friele.\u00a0<\/strong><\/p>\n<p><img loading=\"lazy\" decoding=\"async\" class=\"size-full wp-image-7145 aligncenter\" src=\"http:\/\/fmriachuelo.com.ar\/wp-content\/uploads\/2018\/05\/WhatsApp-Image-2018-05-23-at-11.36.06-AM.jpeg\" alt=\"\" width=\"639\" height=\"960\" srcset=\"http:\/\/fmriachuelo.it10.com.ar\/wp-content\/uploads\/2018\/05\/WhatsApp-Image-2018-05-23-at-11.36.06-AM.jpeg 639w, http:\/\/fmriachuelo.it10.com.ar\/wp-content\/uploads\/2018\/05\/WhatsApp-Image-2018-05-23-at-11.36.06-AM-200x300.jpeg 200w\" sizes=\"auto, (max-width: 639px) 100vw, 639px\" \/><\/p>\n<p>No fue f\u00e1cil llegar al juicio por el asesinato de Marcelo Montenegro. En la madrugada del s\u00e1bado 7 de julio de 2012, el \u00abPela\u00bb iba junto a Alejandro Nahuel Maturano en un Twingo denunciado como robado. La polic\u00eda los persigui\u00f3, les dispar\u00f3, y uno de esos disparos entr\u00f3 por atr\u00e1s en el asiento del acompa\u00f1ante en el que iba Marcelo, y le caus\u00f3 la muerte. El auto choc\u00f3 en Piedrabuena y Saraza, en el barrio de Lugano.<br \/>\nLos tres polic\u00edas imputados fueron sobrese\u00eddos tres veces, y s\u00f3lo la tercera vez que se apel\u00f3 se logr\u00f3 llegar al juicio oral. Ayer se sell\u00f3 la impunidad en primera instancia, con el veredicto que absolvi\u00f3 a Emmanuel Alejandro D\u00edaz, Mario Nicol\u00e1s Medina y Diego Marcelo Calder\u00f3n. Los\/a abogados\/a de la querella, Federico Paruolo, Nahuel Berguier y Gabriela Carpineti (de la Asociaci\u00f3n Miguel Bru) hab\u00edan solicitado la pena de cadena perpetua para los tres integrantes de la fuerza policial, mientras que la fiscal Graciela Gils Carb\u00f3, que trabaj\u00f3 constantemente acompa\u00f1ada por la PROCUVIN, acompa\u00f1\u00f3 el pedido de perpetua para Emmanuel Alejandro D\u00edaz y Diego Marcelo Calder\u00f3n, y solicit\u00f3 una pena menor para quien conduc\u00eda el m\u00f3vil policial, Mario Nicol\u00e1s Medina.<br \/>\nCabe destacar que durante las audiencias que se desarrollaron en los Tribunales de la calle Paraguay 1500, los testigos fueron todos, excepto uno, polic\u00edas. La excepci\u00f3n al uniforme policial fue Alejandro Nahuel Maturano, que manejaba esa noche el coche en el que iba con Marcelo Montenegro. La declaraci\u00f3n de Maturano no se tom\u00f3 en cuenta porque firm\u00f3 un juicio abreviado, donde reconoci\u00f3 que \u00e9l y Marcelo Montenegro llevaban un arma en el auto. Para este Poder Judicial eso alcanza para no considerar aspecto alguno de su declaraci\u00f3n, a pesar de haberlo citado, y de que su declaraci\u00f3n fue realizada delante de los polic\u00edas imputados, mientras contin\u00faa privado de su libertad.<br \/>\nNo importa si los juicios abreviados son utilizados para extorsionar a los pibes, para que reconozcan cosas que no hicieron a cambio de recuperar en menos tiempo lo m\u00e1s preciado que tienen: su libertad. No importa si las victimas\/victimarios (para el Poder Judicial) no tienen acceso a una defensa real, que les informe, consulte, explique, o que garantice el acceso a una leg\u00edtima defensa.<br \/>\nEn definitiva, con una declaraci\u00f3n que no se tuvo en cuenta, el resto de los testimonios que quedaron en pie durante las audiencias del juicio fueron de integrantes de las fuerzas policiales.<br \/>\nPor lo que pudimos reconstruir (a\u00fan sin los fundamentos que estar\u00e1n el 30 de mayo), Mario Nicol\u00e1s Medina, quien manejaba el patrullero que persegu\u00eda el auto en el que iba Marcelo \u00abEl Pela\u00bb Montenegro, fue absuelto por unanimidad. Los otros dos, Emmanuel Alejandro D\u00edaz y Diego Marcelo Calder\u00f3n tambi\u00e9n fueron absueltos, a pesar de estar probado que de sus armas reglamentarias salieron 2 y 3 disparos. En sus casos el fallo fue dividido. Para absolverlos en este caso, los jueces, o bien justificaron el accionar de los efectivos policiales, haciendo lugar una vez m\u00e1s a la versi\u00f3n policial que sostiene respond\u00edan a un enfrentamiento, o bien les otorgaron el \u201cbeneficio de la duda\u201d ya que durante el juicio oral no se logr\u00f3 probar de cu\u00e1l de las dos armas (si de la D\u00edaz o la de Calder\u00f3n) sali\u00f3 el proyectil que mat\u00f3 a Marcelo Montenegro.<br \/>\nFederico Paruolo, abogado de la querella, expres\u00f3 al conocer el veredicto que \u201cno esperamos esa resoluci\u00f3n porque consideramos que las pruebas eran claras. Pero tenemos que esperar los fundamentos para hacer una cr\u00edtica seria\u201d<\/p>\n<p><strong>Un nuevo dolor<\/strong><br \/>\nRosa Montenegro, la mam\u00e1 de Marcelo, no esperaba que la justicia le vuelva a fallar.<strong><em> \u201cNosotros no lo esper\u00e1bamos, ya ten\u00edan todo planeado, apenas entramos no hablaron nada, nos hicieron esperar dos horas, cuando nos volvieron a llamar de nuevo y ni m\u00ed abogado estuvo presente\u201d.<\/em> <\/strong><br \/>\nRosa cree en Dios, y m\u00e1s de una vez nos dijo que ese Dios iba a tocar a los jueces para hacer justicia. Pero no.\u00a0Ayer se encontr\u00f3 una vez m\u00e1s con la espera, esa que apuesta al desgaste y al cansancio. Esa espera por la que la citan a las 9:30 para dar el veredicto cerca de las 13:00. Esta espera que termina por absolver a los tres polic\u00edas implicados, con un poder judicial que anoticia \u201cdevolver\u00e1 las pertenencias\u201d del Pela, pero tambi\u00e9n a los polic\u00edas imputados, ahora absueltos. Sus pertenencias son sus armas, con las que seguramente volver\u00e1n a las calles. Las de Marcelo, un anillo.<\/p>\n<p><img loading=\"lazy\" decoding=\"async\" class=\"alignnone size-full wp-image-7142\" src=\"http:\/\/fmriachuelo.com.ar\/wp-content\/uploads\/2018\/05\/WhatsApp-Image-2018-05-23-at-9.31.46-AM-1.jpeg\" alt=\"\" width=\"960\" height=\"710\" srcset=\"http:\/\/fmriachuelo.it10.com.ar\/wp-content\/uploads\/2018\/05\/WhatsApp-Image-2018-05-23-at-9.31.46-AM-1.jpeg 960w, http:\/\/fmriachuelo.it10.com.ar\/wp-content\/uploads\/2018\/05\/WhatsApp-Image-2018-05-23-at-9.31.46-AM-1-300x222.jpeg 300w, http:\/\/fmriachuelo.it10.com.ar\/wp-content\/uploads\/2018\/05\/WhatsApp-Image-2018-05-23-at-9.31.46-AM-1-768x568.jpeg 768w, http:\/\/fmriachuelo.it10.com.ar\/wp-content\/uploads\/2018\/05\/WhatsApp-Image-2018-05-23-at-9.31.46-AM-1-750x555.jpeg 750w\" sizes=\"auto, (max-width: 960px) 100vw, 960px\" \/><br \/>\nRosa dice, no sin quebrarse entre la tristeza y la impotencia, que est\u00e1 decidida a seguir hasta lo \u00faltimo. Su compa\u00f1era, Rosa Bru, la apuntala: <strong><em>\u00abes lo mismo que les den el arma y les digan salgan a matar, la vida de un pibe no vale nada. Esta absoluci\u00f3n se da en este contexto de avanzada represiva sobre los sectores populares y de retroceso en el respeto a los Derechos Humanos de parte del gobierno\u00bb.<\/em> <\/strong><br \/>\n\u00abDesde la Asociaci\u00f3n Miguel Bru vamos a apelar, y m\u00e1s temprano que tarde se har\u00e1 justicia por el asesinato de Marcelo\u201d, concluy\u00f3 Rosa. Ayer, ante este nuevo atropello a las familias de barrios populares que ven morir a sus hijas e hijos en manos de las fuerzas represivas, y que ni siquiera consiguen justicia luego, volvemos a gritar: <strong><em>\u00a1Ni un pibe ni una piba menos!<\/em><\/strong><br \/>\n<strong>*FM La Caterva, FM Riachuelo, Radio Gr\u00e1fica, La Retaguardia, Agencia Paco Urondo, Sur Capitalino<\/strong><\/p>\n","protected":false},"excerpt":{"rendered":"<p>[ *Por Colectivo de Medios de Comunicaci\u00f3n Popular 23\/05\/2018 ] Ayer\u00a0se conoci\u00f3 el veredicto en el juicio por el asesinato de Marcelo Montenegro en Julio del 2012. Emmanuel Alejandro D\u00edaz, Mario Nicol\u00e1s Medina y Diego Marcelo Calder\u00f3n, los tres integrantes de la fuerza policial, fueron absueltos por el Tribunal Oral y Criminal N\u00b0 30 integrado [&hellip;]<\/p>\n","protected":false},"author":5,"featured_media":7141,"comment_status":"open","ping_status":"open","sticky":false,"template":"","format":"standard","meta":{"_monsterinsights_skip_tracking":false,"_monsterinsights_sitenote_active":false,"_monsterinsights_sitenote_note":"","_monsterinsights_sitenote_category":0,"jnews-multi-image_gallery":[],"jnews_single_post":[],"jnews_primary_category":[],"_joinchat":[],"footnotes":""},"categories":[79,76],"tags":[],"class_list":["post-7139","post","type-post","status-publish","format-standard","has-post-thumbnail","hentry","category-nadie-se-salva-solo","category-salud-comunitaria"],"_links":{"self":[{"href":"http:\/\/fmriachuelo.it10.com.ar\/index.php\/wp-json\/wp\/v2\/posts\/7139","targetHints":{"allow":["GET"]}}],"collection":[{"href":"http:\/\/fmriachuelo.it10.com.ar\/index.php\/wp-json\/wp\/v2\/posts"}],"about":[{"href":"http:\/\/fmriachuelo.it10.com.ar\/index.php\/wp-json\/wp\/v2\/types\/post"}],"author":[{"embeddable":true,"href":"http:\/\/fmriachuelo.it10.com.ar\/index.php\/wp-json\/wp\/v2\/users\/5"}],"replies":[{"embeddable":true,"href":"http:\/\/fmriachuelo.it10.com.ar\/index.php\/wp-json\/wp\/v2\/comments?post=7139"}],"version-history":[{"count":0,"href":"http:\/\/fmriachuelo.it10.com.ar\/index.php\/wp-json\/wp\/v2\/posts\/7139\/revisions"}],"wp:featuredmedia":[{"embeddable":true,"href":"http:\/\/fmriachuelo.it10.com.ar\/index.php\/wp-json\/wp\/v2\/media\/7141"}],"wp:attachment":[{"href":"http:\/\/fmriachuelo.it10.com.ar\/index.php\/wp-json\/wp\/v2\/media?parent=7139"}],"wp:term":[{"taxonomy":"category","embeddable":true,"href":"http:\/\/fmriachuelo.it10.com.ar\/index.php\/wp-json\/wp\/v2\/categories?post=7139"},{"taxonomy":"post_tag","embeddable":true,"href":"http:\/\/fmriachuelo.it10.com.ar\/index.php\/wp-json\/wp\/v2\/tags?post=7139"}],"curies":[{"name":"wp","href":"https:\/\/api.w.org\/{rel}","templated":true}]}}