{"id":7122,"date":"2018-05-21T23:05:08","date_gmt":"2018-05-21T23:05:08","guid":{"rendered":"http:\/\/fmriachuelo.com.ar\/?p=7122"},"modified":"2018-05-21T23:05:08","modified_gmt":"2018-05-21T23:05:08","slug":"persecucion-a-carreros-y-recicladores-en-quilmes","status":"publish","type":"post","link":"http:\/\/fmriachuelo.it10.com.ar\/index.php\/2018\/05\/21\/persecucion-a-carreros-y-recicladores-en-quilmes\/","title":{"rendered":"PERSECUCI\u00d3N A CARREROS Y RECICLADORES EN QUILMES"},"content":{"rendered":"<p><strong>[FM RIACHUELO 21\/05\/2018] Este mediod\u00eda trabajadores del reciclado se movilizaron a los tribunales penales de Quilmes para reclamar la devoluci\u00f3n de sus caballos secuestrados en un allanamiento el viernes pasado. La justicia, haci\u00e9ndose eco de las denuncias de las asociaciones proteccionistas de los derechos de los animales, dej\u00f3 sin sus herramientas de trabajo a un grupo importante de recicladores, que no pueden llevar la comida a la mesa, en tanto no les devuelvan a sus animales.<\/strong><\/p>\n<p>Rompe el Cerco Informativo (lunes a viernes 18hs) habl\u00f3 con Laura Cibelli, integrante de la Federaci\u00f3n Argentina de Cartoneros, Carreros y Recicladores que denunci\u00f3 la negativa del municipio de resolver el problema, mediante la ejecuci\u00f3n de pol\u00edticas que permita sostener un sistema de reciclado que incluya a las cooperativas y brinde respuestas a los mas de 500 carreros. Laura sostuvo que \u201cnegar el problema no resuelve nada. Somos 500 carreros, m\u00e1s much\u00edsimos cartoneros de a pie, necesitamos una pol\u00edtica de reciclado que nos incluya. La situaci\u00f3n sanitaria es grave. No se puede gobernar tapando, nosotros estamos abiertos al dialogo, a que se arme una mesa de trabajo, hemos presentado proyectos de ordenanzas, propuestas concretas y no hay respuestas.\u201d<\/p>\n<p>Una de las propuestas presentada por los trabajadores consiste en realizar una prueba con 30 cartoneros que trabajen en el centro de la ciudad con un sistema de rutas similar al implementado en la Ciudad de Buenos Aires, el cami\u00f3n deber\u00eda pasar en un horario determinado para realizar la separaci\u00f3n en origen, y transportar el material a un Ecopunto, donde se lo clasifique y comercialice a trav\u00e9s de cooperativas. La trabajadora explic\u00f3 que \u201cno hablamos de grandes inversiones para un municipio, pedimos voluntad de trabajar con las cooperativas de cartoneros. Tambi\u00e9n que se lleve a cabo la ordenanza de grandes generadores, que producen gran material de residuos reciclables, y que esos generadores se les entreguen (como establece la ley provincial), a las cooperativas, as\u00ed aumentamos el volumen, las ganancias y mejoramos las condiciones.\u201d<\/p>\n<p>Ma\u00f1ana desde las 11hs, los trabajadores cartoneros, carreros y recicladores concentrar\u00e1n en la estaci\u00f3n de Quilmes y de ah\u00ed marcharan hacia el municipio. \u201cHoy fuimos con los carreros, ma\u00f1ana iremos con toda la Federaci\u00f3n y otras organizaciones como CTEP, Barrios de pie y la CCC, porque ac\u00e1 lo que est\u00e1 pasando no tiene que ver s\u00f3lo con si caballo si o caballo no, hay trabajadores que est\u00e1n siendo perseguidos y por otro lado, hay falta de pol\u00edticas con respecto a esto. En Quilmes no hay pol\u00edticas de reciclado, y tampoco de recolecci\u00f3n de basura. Hay barrios tapados de mugre porque no pasa el cami\u00f3n, para algunos ciudadanos no hay pol\u00edticas desde el estado\u201d, sostuvo Laura.<\/p>\n<p>Por \u00faltimo la recicladora se refiri\u00f3 a la \u201cbenevolencia (por parte del Estado) con sectores proteccionistas, que para nosotros ya rondan el fascismo, y no la defensa de los animales. Ac\u00e1 persiguen a los pobres.\u201d Y resalt\u00f3 la preocupaci\u00f3n de los trabajadores por las condiciones en las que se encuentran sus animales: \u201cson parte de la familia se los llevan y no sabes ni donde ni como est\u00e1n, si los est\u00e1n cuidando. Los sacan de la familia y de su rutina. El carrero a veces no come para darle al caballo\u201d.<\/p>\n<p>Escucha la entrevista completa a Laura Cibelli en el siguiente link:<\/p>\n<p><a href=\"https:\/\/radiocut.fm\/audiocut\/situacion-de-los-cartoneros-carreros-y-recicladores-de-quilmes-\/\">https:\/\/radiocut.fm\/audiocut\/situacion-de-los-cartoneros-carreros-y-recicladores-de-quilmes-\/<\/a><\/p>\n","protected":false},"excerpt":{"rendered":"<p>[FM RIACHUELO 21\/05\/2018] Este mediod\u00eda trabajadores del reciclado se movilizaron a los tribunales penales de Quilmes para reclamar la devoluci\u00f3n de sus caballos secuestrados en un allanamiento el viernes pasado. La justicia, haci\u00e9ndose eco de las denuncias de las asociaciones proteccionistas de los derechos de los animales, dej\u00f3 sin sus herramientas de trabajo a un [&hellip;]<\/p>\n","protected":false},"author":5,"featured_media":7123,"comment_status":"open","ping_status":"open","sticky":false,"template":"","format":"standard","meta":{"_monsterinsights_skip_tracking":false,"_monsterinsights_sitenote_active":false,"_monsterinsights_sitenote_note":"","_monsterinsights_sitenote_category":0,"jnews-multi-image_gallery":[],"jnews_single_post":[],"jnews_primary_category":[],"_joinchat":[],"footnotes":""},"categories":[76],"tags":[],"class_list":["post-7122","post","type-post","status-publish","format-standard","has-post-thumbnail","hentry","category-salud-comunitaria"],"_links":{"self":[{"href":"http:\/\/fmriachuelo.it10.com.ar\/index.php\/wp-json\/wp\/v2\/posts\/7122","targetHints":{"allow":["GET"]}}],"collection":[{"href":"http:\/\/fmriachuelo.it10.com.ar\/index.php\/wp-json\/wp\/v2\/posts"}],"about":[{"href":"http:\/\/fmriachuelo.it10.com.ar\/index.php\/wp-json\/wp\/v2\/types\/post"}],"author":[{"embeddable":true,"href":"http:\/\/fmriachuelo.it10.com.ar\/index.php\/wp-json\/wp\/v2\/users\/5"}],"replies":[{"embeddable":true,"href":"http:\/\/fmriachuelo.it10.com.ar\/index.php\/wp-json\/wp\/v2\/comments?post=7122"}],"version-history":[{"count":0,"href":"http:\/\/fmriachuelo.it10.com.ar\/index.php\/wp-json\/wp\/v2\/posts\/7122\/revisions"}],"wp:featuredmedia":[{"embeddable":true,"href":"http:\/\/fmriachuelo.it10.com.ar\/index.php\/wp-json\/wp\/v2\/media\/7123"}],"wp:attachment":[{"href":"http:\/\/fmriachuelo.it10.com.ar\/index.php\/wp-json\/wp\/v2\/media?parent=7122"}],"wp:term":[{"taxonomy":"category","embeddable":true,"href":"http:\/\/fmriachuelo.it10.com.ar\/index.php\/wp-json\/wp\/v2\/categories?post=7122"},{"taxonomy":"post_tag","embeddable":true,"href":"http:\/\/fmriachuelo.it10.com.ar\/index.php\/wp-json\/wp\/v2\/tags?post=7122"}],"curies":[{"name":"wp","href":"https:\/\/api.w.org\/{rel}","templated":true}]}}