{"id":712,"date":"2015-02-25T15:38:00","date_gmt":"2015-02-25T15:38:00","guid":{"rendered":"http:\/\/fmriachuelo.observatorioess.org.ar\/index.php\/2015\/02\/25\/iniciativa-desde-argentina-en-apoyo-a-la-revolucion-bolivariana\/"},"modified":"2025-03-26T15:32:28","modified_gmt":"2025-03-26T18:32:28","slug":"iniciativa-desde-argentina-en-apoyo-a-la-revolucion-bolivariana","status":"publish","type":"post","link":"http:\/\/fmriachuelo.it10.com.ar\/index.php\/2015\/02\/25\/iniciativa-desde-argentina-en-apoyo-a-la-revolucion-bolivariana\/","title":{"rendered":"INICIATIVA DESDE ARGENTINA EN APOYO A LA REVOLUCI\u00d3N BOLIVARIANA"},"content":{"rendered":"<p><span style=\"color: red;font-family: Verdana, sans-serif;font-size: x-large\"><b>\u00a1\u00a1\u00a1URGENTE!!!<\/b><\/span><\/p>\n<div><span style=\"font-family: Verdana, sans-serif\"><b>FENTE A LA RECIENTE INTENTONA GOLPISTA:<\/b><\/span><\/div>\n<div><span style=\"color: red;font-family: Verdana, sans-serif;font-size: large\"><b>CONVOCAMOS A LA URGENTE SOLIDARIDAD CON VENEZUELA BOLIVARIANA<\/b><\/span><\/div>\n<div style=\"clear: both;text-align: center\"><a href=\"http:\/\/3.bp.blogspot.com\/-MNB0sxOpH1g\/VO3sUUt6nVI\/AAAAAAAAC0U\/XxQ_SiKWuHM\/s1600\/62E78F83-8E54-4AD4-B81E-3AF05F4431E0.jpeg\" style=\"clear: left;float: left;margin-bottom: 1em;margin-right: 1em\"><img loading=\"lazy\" decoding=\"async\" border=\"0\" src=\"http:\/\/3.bp.blogspot.com\/-MNB0sxOpH1g\/VO3sUUt6nVI\/AAAAAAAAC0U\/XxQ_SiKWuHM\/s1600\/62E78F83-8E54-4AD4-B81E-3AF05F4431E0.jpeg\" height=\"225\" width=\"320\" \/><\/a><\/div>\n<div>\n<div><span style=\"font-family: Verdana, sans-serif\"><b>[Diariodeurgencia 25\/02\/15] Nuevamente la ultraderecha opositora al proceso revolucionario ha intentado dar un zarpazo en Venezuela Bolivariana. Esta vez, la conspiraci\u00f3n olig\u00e1rquica monitoreada desde Washington, pretend\u00eda no s\u00f3lo generar un escenario de desestabilizaci\u00f3n sino que su objetivo fundamental consist\u00eda en asesinar al presidente Nicol\u00e1s Maduro, mediante el bombardeo de un acto de masas en el que se iba a hacer presente.<\/b><br \/>Los hechos denunciados por el propio Maduro son muy graves ya que en la intentona estaban comprometidos algunos militares traidores al mandato revolucionario y al propio pueblo venezolano. Los organismos populares de Inteligencia y autodefensa, en conjunto con la f\u00e9rrea unidad c\u00edvico-militar han logrado felizmente abortar esta maniobra criminal, sin embargo, esto no significa que no lo vuelvan a intentar.<br \/>No es casual que los ataques \u201cmade in USA\u201d arreciaran el pasado 2 de febrero, con el anuncio de nuevas sanciones por parte del Senado norteamericano y prosiguieran el 8 del mismo mes, cuando el general Vincent Stewart, director de la Agencia de Inteligencia del Departamento de Defensa en EEUU, anticipara, en una comparecencia ante la Comisi\u00f3n de Asuntos Militares de la C\u00e1mara norteamericana de Representantes, que Venezuela enfrentar\u00e1 \u00abprotestas masivas\u00bb en los meses previos a las elecciones legislativas previstas para este a\u00f1o.<br \/>Tampoco sorprende a nadie que el \u201coperativo desgaste\u201d inclu\u00eda todos estos meses la guerra econ\u00f3mica, organizada por una burgues\u00eda parasitaria que provoca en lo inmediato: desabastecimiento (a una escala rayana en la criminalidad), especulaci\u00f3n financiera con el d\u00f3lar como buque insignia, y la amenaza latente de nuevas y violentas protestas, preanunciadas por las redes. Arropando ese escenario, juega un papel fundamental el terrorismo medi\u00e1tico nacional e internacional, falseando la realidad.<br \/>Frente a este panorama que no s\u00f3lo afecta a Venezuela sino a cada uno de los pa\u00edses del continente que enfrentan la prepotencia y las recetas injerencistas patrocinadas por Estados Unidos, los abajo firmantes consideramos que se hace necesario redoblar la solidaridad latinoamericana y caribe\u00f1a con Venezuela Bolivariana. <br \/>No es tiempo de mirar al costado ni de esperar a que los intentos involucionistas sigan desarroll\u00e1ndose. Hay que movilizarse unitariamente, dejando de lado las mezquindades y los sectarismos, para ejercer con mayor fuerza una movilizaci\u00f3n continental contra el fascismo y la ofensiva imperialista que lo contiene como ideolog\u00eda.<br \/><\/span><\/p>\n<div><span style=\"font-family: Verdana, sans-serif;font-size: 13.5pt;line-height: 115%\"><b><span style=\"color: red\">\u00a1DEFENDAMOS LA REVOLUCI\u00d3N BOLIVARIANA DE CUALQUIER ATAQUE IMPERIALISTA!<br \/>\u00a1SI NOS TOCAN A UNO, NOS TOCAN A TODOS!<br \/>\u00a1INDEPENDENCIA Y PATRIA SOCIALISTA. VENCEREMOS!<\/span><\/b><\/span><\/div>\n<p><span style=\"font-family: Verdana, sans-serif\"><\/p>\n<div><span style=\"font-family: Verdana, sans-serif\"><br \/><\/span><\/div>\n<p>Adhesiones<a name='more'><\/a><span style=\"font-size: x-small\">(desde Argentina)<br \/>Carlos Azn\u00e1rez y Vicente Zito Lema (Resumen Latinoamericano)<br \/>Atilio Bor\u00f3n (polit\u00f3logo, escritor)<br \/>Roberto Perd\u00eda y Facundo Guill\u00e9n (Organizaciones Libres del Pueblo)<br \/>Lito Borello (Organizaci\u00f3n Social y Pol\u00edtica Los Pibes)<br \/>Norman Briski (actor y dramaturgo)<br \/>Stella Calloni (periodista, escritora)<br \/>H\u00e9ctor Carrica (Departamento Derechos Humanos de ATE)<br \/>La Sim\u00f3n Bol\u00edvar<br \/>Movimiento por  la Unidad Latinoamericana y el Cambio Social<br \/>Patria Grande<br \/>Armando Jaime (MOCEP)<br \/>Marcelo Yaquet, Corriente Politica 17 de Agosto<br \/>CEMIDA,  Cnl  (R)  Jos\u00e9  Luis  Garc\u00eda  y  Prof.  Elsa  BruzzoneFernando Esteche (Movimiento Patri\u00f3tico Revolucionario Quebracho)<br \/>Frente Popular Dar\u00edo Santill\u00e1n<br \/>Guillermo Caviasca (Encuentro antiimperialista)<br \/>Natalia Vinelli (BarricadaTV)<br \/>Roberto Fornari (MULCS)Claudio Katz (economista, investigador)<br \/>Mar\u00eda Torrellas (documentalista)<br \/>Graciela R\u00edos (CD ATE Nacional)<br \/>Gladys Quiroga (Grupo Or\u00e1n y Resumen Latinoamericano)<br \/>Pablo Fernandez (CartagoTV)<br \/>Frente Popular Dar\u00edo Santill\u00e1n, Corriente Nacional<br \/>Elsa Calabr\u00f3<br \/>Claudia Korol (Pa\u00f1uelos en Rebeld\u00eda)<br \/>Ra\u00fal Isman. Docente universitario y escritor.<br \/>Leandro Albani, periodista<br \/>Sebasti\u00e1n Salgado, periodista<br \/>Herman Schiller, periodista<br \/>Agueda Piro<br \/>Violeta Vidal 31572935, antrop\u00f3loga<br \/>Lia del Valle, Sociologa<br \/>Marta Fern\u00e1ndez, fot\u00f3grafa<br \/>Alejandro Kacero, periodista <br \/>Lidia Beatriz Donnini ( Docente) <br \/>AUNA, Asociaci\u00f3n para la Unidad de Nuestra Am\u00e9rica<br \/>Eduardo Daniel Valverde, periodista y Secretario de Organizaci\u00f3n de la CTA de los Trabajadores Regional Rosario<br \/>Joaquim Lisboa Neto, Santa Maria da Vit\u00f3ria, Bahia, Brasil<br \/>Marta Speroni -programa radial Rompiendo Muros<br \/>Nestor Jeifetz , Federaci\u00f3n de cooperativas autogestionarias MOI ( CTA SELVIHP) <br \/>Beatriz L\u00f3pez<br \/>Graciela Masetti<br \/>Luis Morado, artista pl\u00e1stico<br \/>M\u00f3nica Garbuglia &#8211; Colectivo ex presos Pol\u00edticos y Sobrevivientes &#8211; Rosario <br \/>Coopi \u2013 Cooperativa Integral de Villa Carlos Paz<br \/>Jorge Boido, <br \/>Alejandro Eguiguren, <br \/>Fernanda Eguiguren, <br \/>Adriana Isiar <br \/>Mario D\u00edaz<br \/>Marcela Meza. Lic. en Trabajo Social, Bs. As. <br \/>Gustavo Perez. Docente, Bs. As. <br \/>Beatriz Villar, cantora nacional,cantautora, poeta y escritora.<br \/>Mabel Franzone (profesora, investigadora)<br \/>Amado Heller- Consejo Editorial de la Asociaci\u00f3n Civil Cultural y Biblioteca Popular Tesis11<br \/>OMAR DALPONTE (SEC GENERAL DE INICIATIVA SOCIALISTA DE LAN\u00daS)<br \/>Gerardo \u00c1lvaro Canelo ; dibujante ilustrador gr\u00e1fico argentino.<br \/>H\u00e9ctor Marrese, docente jubilado<br \/>Ana Sokol, docente jubilada<br \/>Maria Cristina G\u00fcena , docente jubilada<br \/>Juan Minghetti, Ingeniero, jubilado.<br \/>Mar\u00eda Elena Villacorta, docente.<br \/>Ana Mar\u00eda Radaelli. Periodista y escritora argentina radicada en Cuba.<br \/>Alba Gandolfi<br \/>Tilda Rabi. Federaci\u00f3n de Entidades Argentino-Palestinas<br \/>Programa Radial Derribando Muros <br \/>Esther Cheluja lic en Psicolog\u00eda <br \/>Daniel Chiarenza, Historiador.<br \/>Cecilia Torres, Lic.en Psicolog\u00eca UBA<br \/>Prof. M\u00f3nica Oporto. Colaboradora <a href=\"http:\/\/www.loquesomos.org\/\">www.loquesomos.org<\/a> <br \/>Ricardol Plaul, escritor, educador. Argentina<br \/>Silvia Madia<br \/>Nana Salinas<br \/>Regine Bermeijer<br \/>Enrique Manson<br \/>Mariadela Villanueva (soci\u00f3loga, comunicadora)<br \/>Prof. Norberto Alay\u00f3n, Facultad de Ciencias Sociales (UBA)<br \/>Irene Rosa Perpi\u00f1al <br \/>Eladio Gonz\u00e1lez (Toto)<br \/>Mar\u00eda Lidia Piotti (Docente e inestigadora universitaria <br \/>Jos\u00eb M. Vielma, articulista, docente universitario.<br \/>Myriam Castellanos. Periodista <br \/>Maya Lambert<br \/>Ra\u00fal Isman. Docente universitario y escritor.<br \/>Ana Mar\u00eda Ramb, escritora, editora.<\/p>\n<p>(desde Latinoam\u00e9rica y Europa)<br \/>Mart\u00edn Almada, Miembro del Comit\u00e9 Ejecutivo de la Asociaci\u00f3n Americana de Juristas  <br \/>Nelson del Castillo, Secretario General, Federaci\u00f3n Latinoamericana de Periodistas (FELAP)<br \/>Rafael Cancel Miranda, Exprisio<br \/>\nnero pol\u00edtico, Puerto Rico<\/span><\/span><span style=\"font-family: Verdana, sans-serif\"><span style=\"font-size: x-small\">Movimiento Independentista Nacional Hostosiano (Puerto Rico)<\/span><\/span><\/div>\n<div><span style=\"font-family: Verdana, sans-serif;font-size: x-small\">H\u00e9ctor L. Pesquera Sevillano &#8211; Copresidente del Movimiento Independentista Nacional Hostosiano<br \/>Wilma E. Rever\u00f3n Collazo &#8211; Copresidenta del Movimiento Independentista Nacional Hostosiano<br \/>Julio A. Muriente P\u00e9rez &#8211; Copresidente del Movimiento Independentista Nacional Hostosiano<br \/>Vilma Soto Berm\u00fadez &#8211; Comunicaci\u00f3n Asuntos Internacionales Movimiento Independentista Nacional Hostosiano<br \/>Centro Mapuche de Estudio y Acci\u00f3n. Santiago-Kokimpu-Temuko, Wallmapuche, Chile.<br \/>Asociaci\u00f3n Ind\u00edgena Urbana Mapu Ta N\u00fcy\u00fcn, de Kokimpu, Wallmapuche, Chile.<br \/>Carlos Ruiz &#8211; MAPU, Movimiento de Acci\u00f3n Popular Unitaria.<br \/>Maira Godoy<br \/>Javier Monagas Maita  colectivo internacional \u00abinformaci\u00f3n al desnudo\u00bb<br \/>Efrenadolfo Rojas G.Frente para la Defensa de los Pueblos Hugo Ch\u00e1vez-Canad\u00e1 en todos sus cap\u00edtulos: Ottawa, Vancouver, Toronto, Montreal y Kitchener <br \/>Miguel Antonio Guevara (Poeta, escritor, ensayista, investigador y editor)<br \/>Martin SCHWANDER, periodista, Suiza<br \/>Anita Leocadia Prestes &#8211; historiadora, professora universit\u00e1ria &#8211; Brasil<br \/>Alicia Jrapko (corresponsal de Resumen Latinoamericano en EEUU)<br \/>Mov Ecuador Alfarista Bolivariano<br \/>Jos\u00e9 Nicolas Pereira Rodriguez. Secretario Nacional de Organizacion por los Circulos Bolivarianos de Venezuela<br \/>Ilka Oliva Corado ( corresponsal de Resumen Latinoamericano en Estados Unidos).<br \/>Graciela Ram\u00edrez y Javier Villac\u00edn (corresponsales Resumen Latinoamericano en Cuba)<br \/>Maria P\u00e1ez Victor, Circulo Bolivariano Louis Riel, Toronto<br \/>Frente para la Defensa de los Pueblos Hugo Ch\u00e1vez-Canad\u00e1<br \/>Lennin Jos\u00e9 Fern\u00e9ndez Tovar (colectivo dignidad popular) Colombia<br \/>V\u00edctor Regalado, Semanario \u00abEl Independiente\u201d. El Salvador<br \/>Partido Comunista (Suiza)<br \/>Juan Diego Garc\u00eda. Espa\u00f1a<br \/>Nacho Due\u00f1as, cantautor e historiador.<br \/>Tatiana Lukman (INDIES)<br \/>Colectivo Internacional Ojos para la Paz<br \/>Luis Eduardo Caballero Manriquez<br \/>Purificaci\u00f3n Gonz\u00e1lez de la Blanca, abogada, escritora. Espa\u00f1a  <br \/>Nelly Castro (Vocera de Energ\u00eda del consejo comunal Villas del Ingenio Guatire. Venezuela<br \/>Nelson Cabrera Festival de Cine de los DDHH de Valparaiso, Chile<br \/>Ram\u00f3n Pedregal Casanova, periodista (Madrid)<br \/>Carlos Morales<br \/>Coordinador General  UVOC <br \/>Asociaci\u00f3n de Amistad Hispano Sovi\u00e9tica<br \/>Rodolfo Maturana &#8211; Fuerza Popular-Chile<br \/>David Monterroso<br \/>Juan Crist\u00f3bal. poeta peruano<br \/>Dr. N\u00e9stor Garc\u00eda Iturbe  (GRUPO EL HERALDO)<br \/>Benjam\u00edn Hern\u00e1ndes, Historiador y M\u00fasico<br \/>Frente Cultural Bolivariano Internacional<br \/>Galvarino Orellana  poeta\/escritor<br \/>An\u00edbal Ter\u00e1n Castrom\u00e1n, Comisi\u00f3n en Defensa de la Tierra de Treinta y Tres, Uruguay<br \/>Miguel Antonio Guevara (Poeta, escritor, ensayista, investigador y editor), Venezuela<br \/>Movimiento Patri\u00f3tico Manuel Rodr\u00edguez (Chile)<br \/>V\u00edctor Vacaflores, Bolivia<br \/>Alberto Cabrera por el Blog El Muerto, UruguayAlberto Vidal por el Blog Noticias Uruguayas<br \/>Ricardo Ferr\u00e9 por el Blog Federaci\u00f3n de Bases, Uruguay<br \/>Hugo Bruschi por el Blog La Vidriera Irrespetuosa, Uruguay<br \/>Norma N\u00fa\u00f1ez Montoto, periodista. Panam\u00e1<br \/>Fernando Rodriguez Ure\u00f1a, Bolivia<br \/>Movimiento Guevarista &#8211; Bolivia<br \/>Jose Perez Ansoleaga, Euskal Herria  <br \/>Esteban Silva,Soci\u00f3logo Presidente del Movimiento del Socialismo Allendista de Chile<br \/>Fundaci\u00f3n Constituyente XXI Chile<br \/>Sergio Arg\u00fcello   Psic\u00f3logo, Escritor     Guatemala  <br \/>Francisco Garzaro, M\u00fasico, Poeta, Guatemala <br \/>Tania Jamardo Faillace &#8211; periodista y escritora de Brasil<br \/>Henrique Analdo Antunes de Oliveira (Brasil)<br \/>Dave Watson, Comit\u00e9 Noruego de Solidaridad con Am\u00e9rica Latina en Bergen<br \/>Geraldina Colotti, periodista y escritora (Italia)<br \/>\u200eSoraya Beatriz El Achkar G<br \/>Frank A. E. Svensson \u2013 Professor titular &#8211; Universidade de Bras\u00edlia<br \/>Lara Ferrero G\u00f3mez (bi\u00f3loga), Cabo Verde<br \/>Freddy Marcial Ramos <br \/>Rub\u00e9n Su\u00e1rez, periodista, (Concejal Municipal Uruguay-Radio La Gaviota 103.3FM )Uruguay<br \/>Ricardo Ferr\u00e9, ex Prof. de la Universidad de Lund, Suecia<br \/>Gustavo Esmoris (Escritor)<br \/>Juan Rojas Vargas, Per\u00fa<br \/>Milton Pinheiro &#8211; Investigador da USP e professor doutor em Ci\u00eancia Pol\u00edtica da Universidade do estado da Bahia (UNEB)\/Brasil<br \/>Mart\u00edn Augusto Rom\u00e1n. Colectivo 13.04 Radio &#8211; Barinas Venezuela.<br \/>Pitanga do Amparo (arquiteto e editor) S\u00e3o Paulo  Brasil<br \/>Geraldo Pereira Barbosa \u2013 Dire\u00e7\u00e3o Nacional Polo Comunista Luiz Carlos Prestes \u2013 Brasil.<br \/>Javier Monagas Maita  colectivo internacional \u00abinformaci\u00f3n al desnudo\u201d<br \/>F\u00e1tima Rallo Guti\u00e9rrez, Secretaria General del Consejo de Organizaciones Sociales y Populares ante el Mercosur, Paraguay.  <br \/>Oscar Alvarez, Vicepresidente Organizaci\u00f3n de Profesionales, T\u00e9cnicos y Oficios Libres de Puerto Su\u00e1rez &#8211; Bolivia<br \/>Martin \u201cPoni\u201d Micharvegas, poeta, m\u00fasico, pintor (Madrid)<br \/>Roberto Antzano,\u00bb internacionalista vasconavarro\u00bb.<br \/>Martin SCHWANDER, periodista, Suiza<br \/>Ximena Calanchina (ALBA Suiza)<br \/>Massimiliano Ay, secretario del Partido Comunista (Suiza)<br \/>Samuel Wanitsch, Coordinador nacional Asociaci\u00f3n Suiza-Cuba\/miembro comit\u00e9 ALBASUIZA<br \/>Jos\u00e9 Luis Villalobos (Euskal Herria)<br \/>Jordi planas Bosch (jubilado i activista de las Causas de Latinoamerica)<br \/>Arkaitz Gonzalez Galiot, Circulo bolivariano La Puebla, (Euskal Herria)<br \/>Lorenzo P\u00e9rez Mendoza, Guatemala<br \/>Luiz Ragon  (Brasil)<br \/>Prof Luiz Carlos Pinheiro Machado (Brasil)<br \/>Alonso Zambrano Rangel, periodista-corresponsal- venezolano.<br \/>Victor Manuel Cut\u00e9 Rojas<br \/>Juan Monta\u00f1o-escritor (Espa\u00f1a)<br \/>Julie Webb-Pullman, periodista, Nueva Zelanda<br \/>Ivan Pinheiro, Secret\u00e1rio Geral do PC Brasileiro  (PCB)<br \/>Jorge Sorger<br \/>Frente para la defensa de los pueblos Hugo Chavez, Canad\u00e1<br \/>Comit\u00e9 de Solidaridad Internacionalista de Zaragoza (Espa\u00f1a)<\/span><\/div>\n<\/div>\n","protected":false},"excerpt":{"rendered":"<p>\u00a1\u00a1\u00a1URGENTE!!! FENTE A LA RECIENTE INTENTONA GOLPISTA: CONVOCAMOS A LA URGENTE SOLIDARIDAD CON VENEZUELA BOLIVARIANA [Diariodeurgencia 25\/02\/15] Nuevamente la ultraderecha opositora al proceso revolucionario ha intentado dar un zarpazo en Venezuela Bolivariana. Esta vez, la conspiraci\u00f3n olig\u00e1rquica monitoreada desde Washington, pretend\u00eda no s\u00f3lo generar un escenario de desestabilizaci\u00f3n sino que su objetivo fundamental consist\u00eda en [&hellip;]<\/p>\n","protected":false},"author":4,"featured_media":0,"comment_status":"open","ping_status":"open","sticky":false,"template":"","format":"standard","meta":{"_monsterinsights_skip_tracking":false,"_monsterinsights_sitenote_active":false,"_monsterinsights_sitenote_note":"","_monsterinsights_sitenote_category":0,"jnews-multi-image_gallery":[],"jnews_single_post":{"format":"standard"},"jnews_primary_category":[],"_joinchat":[],"footnotes":""},"categories":[58],"tags":[70],"class_list":["post-712","post","type-post","status-publish","format-standard","hentry","category-noticiariachuelo","tag-de-la-patria-grande"],"_links":{"self":[{"href":"http:\/\/fmriachuelo.it10.com.ar\/index.php\/wp-json\/wp\/v2\/posts\/712","targetHints":{"allow":["GET"]}}],"collection":[{"href":"http:\/\/fmriachuelo.it10.com.ar\/index.php\/wp-json\/wp\/v2\/posts"}],"about":[{"href":"http:\/\/fmriachuelo.it10.com.ar\/index.php\/wp-json\/wp\/v2\/types\/post"}],"author":[{"embeddable":true,"href":"http:\/\/fmriachuelo.it10.com.ar\/index.php\/wp-json\/wp\/v2\/users\/4"}],"replies":[{"embeddable":true,"href":"http:\/\/fmriachuelo.it10.com.ar\/index.php\/wp-json\/wp\/v2\/comments?post=712"}],"version-history":[{"count":1,"href":"http:\/\/fmriachuelo.it10.com.ar\/index.php\/wp-json\/wp\/v2\/posts\/712\/revisions"}],"predecessor-version":[{"id":22543,"href":"http:\/\/fmriachuelo.it10.com.ar\/index.php\/wp-json\/wp\/v2\/posts\/712\/revisions\/22543"}],"wp:attachment":[{"href":"http:\/\/fmriachuelo.it10.com.ar\/index.php\/wp-json\/wp\/v2\/media?parent=712"}],"wp:term":[{"taxonomy":"category","embeddable":true,"href":"http:\/\/fmriachuelo.it10.com.ar\/index.php\/wp-json\/wp\/v2\/categories?post=712"},{"taxonomy":"post_tag","embeddable":true,"href":"http:\/\/fmriachuelo.it10.com.ar\/index.php\/wp-json\/wp\/v2\/tags?post=712"}],"curies":[{"name":"wp","href":"https:\/\/api.w.org\/{rel}","templated":true}]}}