{"id":7118,"date":"2018-05-19T13:51:45","date_gmt":"2018-05-19T13:51:45","guid":{"rendered":"http:\/\/fmriachuelo.com.ar\/?p=7118"},"modified":"2018-05-19T13:51:45","modified_gmt":"2018-05-19T13:51:45","slug":"desde-venezuela-juan-contreras-de-la-coord-simon-bolivar-nos-estamos-jugando-el-destino-de-america-latina","status":"publish","type":"post","link":"http:\/\/fmriachuelo.it10.com.ar\/index.php\/2018\/05\/19\/desde-venezuela-juan-contreras-de-la-coord-simon-bolivar-nos-estamos-jugando-el-destino-de-america-latina\/","title":{"rendered":"DESDE VENEZUELA, JUAN CONTRERAS DE LA COORD SIMON BOLIVAR: \u00abNOS ESTAMOS JUGANDO EL DESTINO DE AMERICA LATINA\u00bb"},"content":{"rendered":"<p>[FM Riachuelo 19\/05\/2018] Ayer por la noche, en el programa Cazadores de Zonceras (viernes de 19 a 21), conversamos con Juan Contreras, referente de la Coordinadora Sim\u00f3n Bolivar del popular barrio 23 de Enero de Caracas, Venezuela.<\/p>\n<p>Durante la entrevista, que compartimos completa, Contreras destac\u00f3 la importancia hist\u00f3rica y continental de la batalla electoral que este domingo 20 de mayo el Pueblo venezolano tiene que encarar. Al mismo tiempo, denunci\u00f3 con vehemencia y claridad la \u00abguerra h\u00edbrida\u00bb permanente que los poderes f\u00e1cticos mundiales le libran a Venezuela d\u00eda a d\u00eda: \u00abellos saben que a partir de una elecci\u00f3n no pueden derrocar a una mayor\u00eda, por eso van a tratar de seguir asfixiando el proceso revolucionario con una forma de guerra no convencional, que no la vemos porque no es con balas\u00bb.<\/p>\n<p>Escuch\u00e1 la entrevista completa:\u00a0<a href=\"https:\/\/radiocut.fm\/audiocut\/elecciones-presidenciales-en-venezuela-nos-estamos-jugando-el-destino-de-america-latina\/\">https:\/\/radiocut.fm\/audiocut\/elecciones-presidenciales-en-venezuela-nos-estamos-jugando-el-destino-de-america-latina\/<\/a><\/p>\n","protected":false},"excerpt":{"rendered":"<p>[FM Riachuelo 19\/05\/2018] Ayer por la noche, en el programa Cazadores de Zonceras (viernes de 19 a 21), conversamos con Juan Contreras, referente de la Coordinadora Sim\u00f3n Bolivar del popular barrio 23 de Enero de Caracas, Venezuela. Durante la entrevista, que compartimos completa, Contreras destac\u00f3 la importancia hist\u00f3rica y continental de la batalla electoral que [&hellip;]<\/p>\n","protected":false},"author":5,"featured_media":7119,"comment_status":"open","ping_status":"open","sticky":false,"template":"","format":"standard","meta":{"_monsterinsights_skip_tracking":false,"_monsterinsights_sitenote_active":false,"_monsterinsights_sitenote_note":"","_monsterinsights_sitenote_category":0,"jnews-multi-image_gallery":[],"jnews_single_post":[],"jnews_primary_category":[],"_joinchat":[],"footnotes":""},"categories":[79,76],"tags":[],"class_list":["post-7118","post","type-post","status-publish","format-standard","has-post-thumbnail","hentry","category-nadie-se-salva-solo","category-salud-comunitaria"],"_links":{"self":[{"href":"http:\/\/fmriachuelo.it10.com.ar\/index.php\/wp-json\/wp\/v2\/posts\/7118","targetHints":{"allow":["GET"]}}],"collection":[{"href":"http:\/\/fmriachuelo.it10.com.ar\/index.php\/wp-json\/wp\/v2\/posts"}],"about":[{"href":"http:\/\/fmriachuelo.it10.com.ar\/index.php\/wp-json\/wp\/v2\/types\/post"}],"author":[{"embeddable":true,"href":"http:\/\/fmriachuelo.it10.com.ar\/index.php\/wp-json\/wp\/v2\/users\/5"}],"replies":[{"embeddable":true,"href":"http:\/\/fmriachuelo.it10.com.ar\/index.php\/wp-json\/wp\/v2\/comments?post=7118"}],"version-history":[{"count":0,"href":"http:\/\/fmriachuelo.it10.com.ar\/index.php\/wp-json\/wp\/v2\/posts\/7118\/revisions"}],"wp:featuredmedia":[{"embeddable":true,"href":"http:\/\/fmriachuelo.it10.com.ar\/index.php\/wp-json\/wp\/v2\/media\/7119"}],"wp:attachment":[{"href":"http:\/\/fmriachuelo.it10.com.ar\/index.php\/wp-json\/wp\/v2\/media?parent=7118"}],"wp:term":[{"taxonomy":"category","embeddable":true,"href":"http:\/\/fmriachuelo.it10.com.ar\/index.php\/wp-json\/wp\/v2\/categories?post=7118"},{"taxonomy":"post_tag","embeddable":true,"href":"http:\/\/fmriachuelo.it10.com.ar\/index.php\/wp-json\/wp\/v2\/tags?post=7118"}],"curies":[{"name":"wp","href":"https:\/\/api.w.org\/{rel}","templated":true}]}}