{"id":7111,"date":"2018-05-18T22:46:14","date_gmt":"2018-05-18T22:46:14","guid":{"rendered":"http:\/\/fmriachuelo.com.ar\/?p=7111"},"modified":"2018-05-18T22:46:14","modified_gmt":"2018-05-18T22:46:14","slug":"manana-argentina-y-el-mundo-marchara-contra-monsanto","status":"publish","type":"post","link":"http:\/\/fmriachuelo.it10.com.ar\/index.php\/2018\/05\/18\/manana-argentina-y-el-mundo-marchara-contra-monsanto\/","title":{"rendered":"MA\u00d1ANA ARGENTINA Y EL MUNDO MARCHAR\u00c1 CONTRA MONSANTO"},"content":{"rendered":"<p><strong>[FM RIACHUELO 18\/05\/2018] Desde el colectivo \u201cTodos los 25 hasta que se vaya Monsanto\u201d convocan a marchar ma\u00f1ana, como cada a\u00f1o, contra la multinacional que est\u00e1 generando el mayor ecocidio de la historia. La protesta se realizar\u00e1 en 600 ciudades del mundo, y en Argentina habr\u00e1 actividades en m\u00e1s de 20 municipios. En CABA, el lugar de encuentro ser\u00e1 la Plaza San Mart\u00edn, desde las 13.30 hs.<\/strong><\/p>\n<p>Rompe el cerco Informativo entrevist\u00f3 a Juli\u00e1n Galeano, integrante de la agrupaci\u00f3n convocante, quien coment\u00f3 que \u201chabr\u00e1 una olla popular agroecol\u00f3gica, con ingredientes frutos de la agricultura que defendemos, que no requiere de agrot\u00f3xicos, venenos o pesticidas, ni insumos de estas corporaciones genocidas, habr\u00e1 charlas con especialistas en la materia, y docentes de escuelas rurales de pueblos fumigados\u201d. Hace poco la multinacional Monsanto, se fusion\u00f3 con la corporaci\u00f3n Bayer para afianzar el poder que ejercen sobre todo en pa\u00edses en v\u00edas de desarrollo, como el nuestro, que son los m\u00e1s afectados por la falta de control estatal en el uso de pesticidas y la poca concientizaci\u00f3n del da\u00f1o que generan a la salud a corto y largo plazo.<\/p>\n<p>Juli\u00e1n explic\u00f3 que \u201cen los \u00faltimos 20 a\u00f1os se han multiplicado por diez el uso de venenos, no s\u00f3lo en cultivos transg\u00e9nicos (que son la mayor\u00eda), sino en los cultivos convencionales: frutas y verduras, harinas, galletitas, gaseosa, etc. Son \u00a0productos de esta agricultura toxican industrial que envenenan de manera masiva. La Universidad de La Plata, incluso detect\u00f3 plaguicidas en la lluvia, los agrovenenos hoy est\u00e1n en todos lados, menos en los productos de la agroecolog\u00eda.\u201d<\/p>\n<p>El activista, tambi\u00e9n critic\u00f3 el hist\u00f3rico modelo agroexportador adoptado por nuestro pa\u00eds que no s\u00f3lo gener\u00f3 dependencia y p\u00e9rdida de soberan\u00eda en t\u00e9rminos econ\u00f3micos, sino tambi\u00e9n el aumento de enfermedades cancer\u00edgenas de quienes est\u00e1n expuestos a los pesticidas (4 veces m\u00e1s casos de c\u00e1ncer en zonas fumigadas): \u201ceste modelo permite que las corporaciones ingresen y traigan el deterioro que hoy vemos. La falta de empleo, la cantidad de personas que habitan villas miserias, fueron exlcuidas por este modelo de agricultura, que por un lado los dej\u00f3 sin empleo, por otro los corri\u00f3 con veneno, los enferm\u00f3 y los llev\u00f3 a ser un eslab\u00f3n en esta cadena que satura hospitales con enfermos, que no tienen espacio en las salas de oncolog\u00eda\u201d.<\/p>\n<p>Escucha la entrevista completa en el siguiente link:<\/p>\n<p><a href=\"https:\/\/radiocut.fm\/audiocut\/entrevista-a-julian-galeano-de-todos-los-25-hasta-que-se-vaya-monsanto\/?replay=1#evtCat=AudioCutDetail&amp;evtAct=Progress&amp;evtLabel=ExitReplay\">https:\/\/radiocut.fm\/audiocut\/entrevista-a-julian-galeano-de-todos-los-25-hasta-que-se-vaya-monsanto\/?replay=1#evtCat=AudioCutDetail&amp;evtAct=Progress&amp;evtLabel=ExitReplay<\/a><\/p>\n","protected":false},"excerpt":{"rendered":"<p>[FM RIACHUELO 18\/05\/2018] Desde el colectivo \u201cTodos los 25 hasta que se vaya Monsanto\u201d convocan a marchar ma\u00f1ana, como cada a\u00f1o, contra la multinacional que est\u00e1 generando el mayor ecocidio de la historia. La protesta se realizar\u00e1 en 600 ciudades del mundo, y en Argentina habr\u00e1 actividades en m\u00e1s de 20 municipios. En CABA, el [&hellip;]<\/p>\n","protected":false},"author":5,"featured_media":7115,"comment_status":"open","ping_status":"open","sticky":false,"template":"","format":"standard","meta":{"_monsterinsights_skip_tracking":false,"_monsterinsights_sitenote_active":false,"_monsterinsights_sitenote_note":"","_monsterinsights_sitenote_category":0,"jnews-multi-image_gallery":[],"jnews_single_post":[],"jnews_primary_category":[],"_joinchat":[],"footnotes":""},"categories":[76],"tags":[],"class_list":["post-7111","post","type-post","status-publish","format-standard","has-post-thumbnail","hentry","category-salud-comunitaria"],"_links":{"self":[{"href":"http:\/\/fmriachuelo.it10.com.ar\/index.php\/wp-json\/wp\/v2\/posts\/7111","targetHints":{"allow":["GET"]}}],"collection":[{"href":"http:\/\/fmriachuelo.it10.com.ar\/index.php\/wp-json\/wp\/v2\/posts"}],"about":[{"href":"http:\/\/fmriachuelo.it10.com.ar\/index.php\/wp-json\/wp\/v2\/types\/post"}],"author":[{"embeddable":true,"href":"http:\/\/fmriachuelo.it10.com.ar\/index.php\/wp-json\/wp\/v2\/users\/5"}],"replies":[{"embeddable":true,"href":"http:\/\/fmriachuelo.it10.com.ar\/index.php\/wp-json\/wp\/v2\/comments?post=7111"}],"version-history":[{"count":0,"href":"http:\/\/fmriachuelo.it10.com.ar\/index.php\/wp-json\/wp\/v2\/posts\/7111\/revisions"}],"wp:featuredmedia":[{"embeddable":true,"href":"http:\/\/fmriachuelo.it10.com.ar\/index.php\/wp-json\/wp\/v2\/media\/7115"}],"wp:attachment":[{"href":"http:\/\/fmriachuelo.it10.com.ar\/index.php\/wp-json\/wp\/v2\/media?parent=7111"}],"wp:term":[{"taxonomy":"category","embeddable":true,"href":"http:\/\/fmriachuelo.it10.com.ar\/index.php\/wp-json\/wp\/v2\/categories?post=7111"},{"taxonomy":"post_tag","embeddable":true,"href":"http:\/\/fmriachuelo.it10.com.ar\/index.php\/wp-json\/wp\/v2\/tags?post=7111"}],"curies":[{"name":"wp","href":"https:\/\/api.w.org\/{rel}","templated":true}]}}