{"id":711,"date":"2015-02-26T03:16:00","date_gmt":"2015-02-26T03:16:00","guid":{"rendered":"http:\/\/fmriachuelo.observatorioess.org.ar\/index.php\/2015\/02\/26\/urgente-defensa-de-la-revolucion-bolivariana\/"},"modified":"2025-03-26T15:33:45","modified_gmt":"2025-03-26T18:33:45","slug":"urgente-defensa-de-la-revolucion-bolivariana","status":"publish","type":"post","link":"http:\/\/fmriachuelo.it10.com.ar\/index.php\/2015\/02\/26\/urgente-defensa-de-la-revolucion-bolivariana\/","title":{"rendered":"URGENTE DEFENSA DE LA REVOLUCI\u00d3N BOLIVARIANA"},"content":{"rendered":"<div style=\"text-align: left\"><b style=\"background-color: white;color: #222222;text-align: center\"><span style=\"color: red;font-family: Verdana, sans-serif;font-size: x-large\">VENEZUELA<\/span><\/b><br \/><b style=\"background-color: white;color: #222222;text-align: center\"><span style=\"color: red;font-family: Verdana, sans-serif;font-size: large\">Y LA COSTUMBRE DE FEBRERO REBELDE<\/span><\/b><\/div>\n<div style=\"clear: both;text-align: center\"><a href=\"http:\/\/3.bp.blogspot.com\/-g7rQ1Apz9UU\/VO6Preknk5I\/AAAAAAAAC1M\/IqgHDtTQRtA\/s1600\/unnamed.jpg\" style=\"clear: left;float: left;margin-bottom: 1em;margin-right: 1em\"><img loading=\"lazy\" decoding=\"async\" border=\"0\" src=\"http:\/\/3.bp.blogspot.com\/-g7rQ1Apz9UU\/VO6Preknk5I\/AAAAAAAAC1M\/IqgHDtTQRtA\/s1600\/unnamed.jpg\" height=\"135\" width=\"400\" \/><\/a><\/div>\n<div style=\"text-align: left\"><b><span style=\"font-family: Verdana, sans-serif\"><br \/><\/span><\/b><b><span style=\"font-family: Verdana, sans-serif\"><br \/><\/span><\/b><b><span style=\"font-family: Verdana, sans-serif\"><br \/><\/span><\/b><b><span style=\"font-family: Verdana, sans-serif\"><br \/><\/span><\/b><b><span style=\"font-family: Verdana, sans-serif\"><br \/><\/span><\/b><b><span style=\"font-family: Verdana, sans-serif\"><br \/><\/span><\/b><b><span style=\"font-family: Verdana, sans-serif\"><br \/><\/span><\/b><b><span style=\"font-family: Verdana, sans-serif\"><br \/><\/span><\/b><b><span style=\"font-family: Verdana, sans-serif\"><br \/><\/span><\/b><b><span style=\"font-family: Verdana, sans-serif\"><br \/><\/span><\/b><b><span style=\"font-family: Verdana, sans-serif\">[FMR 25\/02\/15] A las acciones de desestabilizaci\u00f3n econ\u00f3mica de la Revoluci\u00f3n Bolivariana y como viene realizando en toda la regi\u00f3n el poder f\u00e1ctico aument\u00f3 la apuesta: un golpe orquestado y financiado por el gobierno de los EE.UU.&nbsp;<a href=\"http:\/\/www.fmriachuelo.com.ar\/2015\/02\/iniciativa-desde-argentina-en-apoyo-la.html\" style=\"color: #1155cc\" target=\"_blank\" rel=\"noopener\">Las Organizaciones de la Patria Grande nos movilizamos y tomamos la iniciativa<\/a>&nbsp;ante la avanzada de la restauraci\u00f3n conservadora acompa\u00f1ando al pueblo y al gobierno venezolano en defensa de nuestros procesos emancipatorios.<\/span><\/b><\/div>\n<div style=\"background-color: white;text-align: left\"><span style=\"font-family: Verdana, sans-serif\">La Organizaci\u00f3n Social y Pol\u00edtica Los Pibes ante esta situaci\u00f3n dio a conocer un&nbsp;<a href=\"http:\/\/www.fmriachuelo.com.ar\/2015\/02\/gacetila-de-prensa-de-la-os-y-p-los.html\" style=\"color: #1155cc\" target=\"_blank\" rel=\"noopener\">documento promoviendo la unidad y la acci\u00f3n<\/a>&nbsp;ante esta nueva embestida del imperialismo.<\/span><\/div>\n<div style=\"background-color: white;color: #222222;text-align: left\"><span style=\"font-family: Verdana, sans-serif\"><span style=\"color: black\">Durante el d\u00eda de ayer&nbsp;<\/span><b><span style=\"color: red\">FM Riachuelo<\/span><\/b><span style=\"color: black\">&nbsp;entrevist\u00f3 a&nbsp;<\/span><b><span style=\"color: #0b5394\">Juan Contreras, diputado de la Asamblea Nacional Bolivariana<\/span><\/b><span style=\"color: black\">, (Coordinador de la Organizaci\u00f3n&nbsp;<\/span><span style=\"color: black\">SIM\u00d3N BOL\u00cdVAR&nbsp;<\/span><span style=\"color: black\">del Barrio 23 de Enero de Caracas y miembro de la Radio EL SON DEL 23) y a&nbsp;<\/span><b><span style=\"color: #0b5394\">Lito Borello, Coordinador Nacional de O.S. y P. Los Pibes<\/span><\/b><span style=\"color: black\">, para comentar el documento y sumar sus interpretaciones sobre el momento que atraviesa el pa\u00eds, la regi\u00f3n y el mundo.<\/span><\/span><br \/><span style=\"font-family: Verdana, sans-serif\"><span style=\"color: black\"><br \/><\/span><\/span><\/div>\n","protected":false},"excerpt":{"rendered":"<p>VENEZUELAY LA COSTUMBRE DE FEBRERO REBELDE [FMR 25\/02\/15] A las acciones de desestabilizaci\u00f3n econ\u00f3mica de la Revoluci\u00f3n Bolivariana y como viene realizando en toda la regi\u00f3n el poder f\u00e1ctico aument\u00f3 la apuesta: un golpe orquestado y financiado por el gobierno de los EE.UU.&nbsp;Las Organizaciones de la Patria Grande nos movilizamos y tomamos la iniciativa&nbsp;ante la [&hellip;]<\/p>\n","protected":false},"author":4,"featured_media":0,"comment_status":"open","ping_status":"open","sticky":false,"template":"","format":"standard","meta":{"_monsterinsights_skip_tracking":false,"_monsterinsights_sitenote_active":false,"_monsterinsights_sitenote_note":"","_monsterinsights_sitenote_category":0,"jnews-multi-image_gallery":[],"jnews_single_post":{"format":"standard"},"jnews_primary_category":[],"_joinchat":[],"footnotes":""},"categories":[58],"tags":[159,70],"class_list":["post-711","post","type-post","status-publish","format-standard","hentry","category-noticiariachuelo","tag-comunicacion","tag-de-la-patria-grande"],"_links":{"self":[{"href":"http:\/\/fmriachuelo.it10.com.ar\/index.php\/wp-json\/wp\/v2\/posts\/711","targetHints":{"allow":["GET"]}}],"collection":[{"href":"http:\/\/fmriachuelo.it10.com.ar\/index.php\/wp-json\/wp\/v2\/posts"}],"about":[{"href":"http:\/\/fmriachuelo.it10.com.ar\/index.php\/wp-json\/wp\/v2\/types\/post"}],"author":[{"embeddable":true,"href":"http:\/\/fmriachuelo.it10.com.ar\/index.php\/wp-json\/wp\/v2\/users\/4"}],"replies":[{"embeddable":true,"href":"http:\/\/fmriachuelo.it10.com.ar\/index.php\/wp-json\/wp\/v2\/comments?post=711"}],"version-history":[{"count":1,"href":"http:\/\/fmriachuelo.it10.com.ar\/index.php\/wp-json\/wp\/v2\/posts\/711\/revisions"}],"predecessor-version":[{"id":22544,"href":"http:\/\/fmriachuelo.it10.com.ar\/index.php\/wp-json\/wp\/v2\/posts\/711\/revisions\/22544"}],"wp:attachment":[{"href":"http:\/\/fmriachuelo.it10.com.ar\/index.php\/wp-json\/wp\/v2\/media?parent=711"}],"wp:term":[{"taxonomy":"category","embeddable":true,"href":"http:\/\/fmriachuelo.it10.com.ar\/index.php\/wp-json\/wp\/v2\/categories?post=711"},{"taxonomy":"post_tag","embeddable":true,"href":"http:\/\/fmriachuelo.it10.com.ar\/index.php\/wp-json\/wp\/v2\/tags?post=711"}],"curies":[{"name":"wp","href":"https:\/\/api.w.org\/{rel}","templated":true}]}}