{"id":710,"date":"2015-02-28T14:58:00","date_gmt":"2015-02-28T14:58:00","guid":{"rendered":"http:\/\/fmriachuelo.observatorioess.org.ar\/index.php\/2015\/02\/28\/nativos-americanos-ofrecen-amnistia-a-240-millones-de-indocumentados-blancos\/"},"modified":"2025-03-26T15:34:24","modified_gmt":"2025-03-26T18:34:24","slug":"nativos-americanos-ofrecen-amnistia-a-240-millones-de-indocumentados-blancos","status":"publish","type":"post","link":"http:\/\/fmriachuelo.it10.com.ar\/index.php\/2015\/02\/28\/nativos-americanos-ofrecen-amnistia-a-240-millones-de-indocumentados-blancos\/","title":{"rendered":"NATIVOS AMERICANOS OFRECEN AMNIST\u00cdA A 240 MILLONES DE INDOCUMENTADOS BLANCOS"},"content":{"rendered":"<p><span style=\"font-size: small\"><span style=\"font-family: Verdana,sans-serif\"><span style=\"color: red\"><span style=\"font-size: large\"><b>A LOS QUE CONVIRTIERON NUESTRA TIERRA EN UNA MIERDA GIGANTE<\/b><\/span><\/span><\/span><\/span><\/p>\n<div style=\"clear: both;text-align: center\"><a href=\"http:\/\/1.bp.blogspot.com\/-dirtt5PZ_QM\/VPXK4xs328I\/AAAAAAAAC2A\/iKwoicgVqlM\/s1600\/native-american-800.jpg\" style=\"clear: left;float: left;margin-bottom: 1em;margin-right: 1em\"><img loading=\"lazy\" decoding=\"async\" border=\"0\" src=\"http:\/\/1.bp.blogspot.com\/-dirtt5PZ_QM\/VPXK4xs328I\/AAAAAAAAC2A\/iKwoicgVqlM\/s1600\/native-american-800.jpg\" height=\"143\" width=\"200\" \/><\/a><\/div>\n<p><b><span style=\"font-size: small\"><span style=\"font-family: Verdana,sans-serif\"><span><span style=\"font-size: small\">[<a href=\"https:\/\/gcmx.wordpress.com\/2015\/02\/28\/nativos-americanos-ofrecen-amnistia-a-240-millones-de-indocumentados-blancos\/\">GCM<\/a> S\u00e1bado 28\/02\/15] <\/span>El Consejo Nacional de Nativos Americanos  ofrecer\u00e1n amnist\u00eda a los aproximadamente 240 millones de inmigrantes  ilegales blancos que viven en Estados Unidos.<\/span><\/span><\/span><\/b><br \/><span style=\"font-size: small\"><span style=\"font-family: Verdana,sans-serif\"><span>En una reuni\u00f3n en Taos, Nuevo M\u00e9xico, los  l\u00edderes nativos americanos discutieron propuestas sobre el futuro de la  gran poblaci\u00f3n europea que ha estado viviendo ilegalmente.<\/span> <span> Despu\u00e9s de un largo debate, decidieron conceder la ciudadan\u00eda para los  que no tienen antecedentes penales o enfermedades contagiosas.<\/span><\/span><\/span><br \/><a name='more'><\/a><br \/><span style=\"font-size: small\"><span style=\"font-family: Verdana,sans-serif\"><span> \u201cVamos a dar a los inmigrantes europeos la  opci\u00f3n de aplicar para la Ciudadan\u00eda americana\u201d, explic\u00f3 Jefe Sauti de  la tribu Nez Perce.<\/span> <span> \u201cPara obtener un  estatus legal, cada solicitante debe escribir una sincera disculpa por  los cr\u00edmenes de sus antepasados y pagar una cuota de solicitud de $  5,000 dolares.<br \/><\/span><\/span><\/span><br \/><span style=\"font-size: small\"><span style=\"font-family: Verdana,sans-serif\"><span> La colonizaci\u00f3n europea de Am\u00e9rica del  Norte comenz\u00f3 en los siglos XVI y XVII, cuando llegaron pobladores de  Francia, Espa\u00f1a e Inglaterra, establecieron asentamientos en tierras que  hab\u00edan sido ocupadas por los pueblos nativos.<\/span><\/span><\/span><br \/><span style=\"font-size: small\"><span style=\"font-family: Verdana,sans-serif\"><span> A pesar del gran n\u00famero de europeos que  residen en los Estados Unidos, los eruditos de la historia en su mayor\u00eda  est\u00e1n de acuerdo que las tierras ind\u00edgenas fueron arrebatadas  ilegalmente a trav\u00e9s de la guerra, el genocidio y el desplazamiento  forzado.<\/span><\/span><\/span><br \/><span style=\"font-size: small\"><span style=\"font-family: Verdana,sans-serif\"><span> \u201cTodos ellos deben ser deportados de regreso a Europa\u201d, dijo John Dakota.<\/span> <span> \u201cEllos vinieron aqu\u00ed ilegalmente y convirtieron en una mierda gigante en nuestra tierra.<\/span> <span> Ellos trajeron la enfermedad y el alcoholismo, robaron todo lo que  tenemos porque eran demasiado perezosos para mejorar y desarrollar sus  propios pa\u00edses\u201c.<\/span><\/span><\/span><\/p>\n","protected":false},"excerpt":{"rendered":"<p>A LOS QUE CONVIRTIERON NUESTRA TIERRA EN UNA MIERDA GIGANTE [GCM S\u00e1bado 28\/02\/15] El Consejo Nacional de Nativos Americanos ofrecer\u00e1n amnist\u00eda a los aproximadamente 240 millones de inmigrantes ilegales blancos que viven en Estados Unidos.En una reuni\u00f3n en Taos, Nuevo M\u00e9xico, los l\u00edderes nativos americanos discutieron propuestas sobre el futuro de la gran poblaci\u00f3n europea [&hellip;]<\/p>\n","protected":false},"author":4,"featured_media":0,"comment_status":"open","ping_status":"open","sticky":false,"template":"","format":"standard","meta":{"_monsterinsights_skip_tracking":false,"_monsterinsights_sitenote_active":false,"_monsterinsights_sitenote_note":"","_monsterinsights_sitenote_category":0,"jnews-multi-image_gallery":[],"jnews_single_post":{"format":"standard"},"jnews_primary_category":[],"_joinchat":[],"footnotes":""},"categories":[58],"tags":[71,167],"class_list":["post-710","post","type-post","status-publish","format-standard","hentry","category-noticiariachuelo","tag-de-la-tierra","tag-politica-internacional"],"_links":{"self":[{"href":"http:\/\/fmriachuelo.it10.com.ar\/index.php\/wp-json\/wp\/v2\/posts\/710","targetHints":{"allow":["GET"]}}],"collection":[{"href":"http:\/\/fmriachuelo.it10.com.ar\/index.php\/wp-json\/wp\/v2\/posts"}],"about":[{"href":"http:\/\/fmriachuelo.it10.com.ar\/index.php\/wp-json\/wp\/v2\/types\/post"}],"author":[{"embeddable":true,"href":"http:\/\/fmriachuelo.it10.com.ar\/index.php\/wp-json\/wp\/v2\/users\/4"}],"replies":[{"embeddable":true,"href":"http:\/\/fmriachuelo.it10.com.ar\/index.php\/wp-json\/wp\/v2\/comments?post=710"}],"version-history":[{"count":1,"href":"http:\/\/fmriachuelo.it10.com.ar\/index.php\/wp-json\/wp\/v2\/posts\/710\/revisions"}],"predecessor-version":[{"id":22576,"href":"http:\/\/fmriachuelo.it10.com.ar\/index.php\/wp-json\/wp\/v2\/posts\/710\/revisions\/22576"}],"wp:attachment":[{"href":"http:\/\/fmriachuelo.it10.com.ar\/index.php\/wp-json\/wp\/v2\/media?parent=710"}],"wp:term":[{"taxonomy":"category","embeddable":true,"href":"http:\/\/fmriachuelo.it10.com.ar\/index.php\/wp-json\/wp\/v2\/categories?post=710"},{"taxonomy":"post_tag","embeddable":true,"href":"http:\/\/fmriachuelo.it10.com.ar\/index.php\/wp-json\/wp\/v2\/tags?post=710"}],"curies":[{"name":"wp","href":"https:\/\/api.w.org\/{rel}","templated":true}]}}