{"id":709,"date":"2015-03-03T16:51:00","date_gmt":"2015-03-03T16:51:00","guid":{"rendered":"http:\/\/fmriachuelo.observatorioess.org.ar\/index.php\/2015\/03\/03\/marcha-cartonera-al-ministerio-de-ambiente-y-espacio-publico-porteno\/"},"modified":"2025-03-26T15:43:42","modified_gmt":"2025-03-26T18:43:42","slug":"marcha-cartonera-al-ministerio-de-ambiente-y-espacio-publico-porteno","status":"publish","type":"post","link":"http:\/\/fmriachuelo.it10.com.ar\/index.php\/2015\/03\/03\/marcha-cartonera-al-ministerio-de-ambiente-y-espacio-publico-porteno\/","title":{"rendered":"MARCHA CARTONERA AL MINISTERIO DE AMBIENTE Y ESPACIO P\u00daBLICO PORTE\u00d1O"},"content":{"rendered":"<p><span style=\"font-family: Verdana,sans-serif\"><span style=\"font-size: small\"><span style=\"font-size: small\"><b>\u00a1\u00a1\u00a1URGENTE!!!<\/b><\/span><\/span><\/span><br \/><span style=\"font-family: Verdana,sans-serif\"><span style=\"font-size: small\"><span style=\"color: red\"><b><span style=\"font-size: large\">HOY MARTES 3 DE MARZO DESDE EL OBELISCO A LAS 12 HS.<\/span><\/b><\/span><br \/><b>\u00a1\u00a1\u00a1LOS ESPERAMOS COMPA\u00d1ER@S!!!<\/b><\/span><\/span><\/p>\n<div style=\"clear: both;text-align: center\"><a href=\"http:\/\/1.bp.blogspot.com\/-ThiokcPIDIU\/VPXdZUwxNxI\/AAAAAAAAC2Q\/vfxJVWeyXT0\/s1600\/LOGO%2BFEDERACION%2BC%2BCELESTE.jpg\" style=\"clear: left;float: left;margin-bottom: 1em;margin-right: 1em\"><img loading=\"lazy\" decoding=\"async\" border=\"0\" src=\"http:\/\/1.bp.blogspot.com\/-ThiokcPIDIU\/VPXdZUwxNxI\/AAAAAAAAC2Q\/vfxJVWeyXT0\/s1600\/LOGO%2BFEDERACION%2BC%2BCELESTE.jpg\" height=\"112\" width=\"320\" \/><\/a><\/div>\n<p><span style=\"font-family: Verdana,sans-serif\"><span style=\"font-size: small\"><\/span><\/span><br \/><span style=\"font-family: Verdana,sans-serif\"><span style=\"font-size: small\"><b>[PRENSA CTEP Martes 3<span style=\"font-size: small\">\/<\/span>3\/15<span style=\"font-size: small\">]<span style=\"font-size: small\"> <\/span><\/span>La  Federaci\u00f3n Argentina de Cartoneros y Recicladores  \u2013 FACYR \u2013  denunci\u00f3 al Ministerio de Ambiente y Espacio P\u00fablico, a cargo del Lic. Edgardo Cenz\u00f3n,  por el abandono del sistema de reciclado en la Ciudad de Buenos Aires y lanz\u00f3 un Plan de Lucha que comienza este martes con una movilizaci\u00f3n a ese Ministerio. <\/b><\/p>\n<p> Sergio S\u00e1nchez, presidente de la FACyR y conocido mundialmente como \u201cel Cartonero del Papa\u201d por su cercan\u00eda con Francisco, afirm\u00f3: \u00abMientras la Ciudad recibe premios internacionales por el reciclado, es decir por nuestro trabajo, el sistema atraviesa uno de sus peores momentos de abandono por parte de la gesti\u00f3n estatal. Por eso exigimos una inmediata actualizaci\u00f3n del incentivo; la incorporaci\u00f3n de todos los recicladores inscriptos a la modalidad de trabajo con campanas; una estructura e infraestructura acorde a la magnitud de la tarea que desarrollamos y la inclusi\u00f3n de los recuperadores independientes al sistema\u00bb.<\/span><\/span><br \/><span style=\"font-family: Verdana,sans-serif\"><span style=\"font-size: small\"><br \/> \u201cTodos los d\u00edas evitamos que miles de toneladas de residuos sean enterrados en el colapsado relleno \u00absanitario\u00bb del CEAMSE. Esta labor cuida el medio ambiente y genera un gigantesco ahorro para el estado porte\u00f1o ya que se evita los gastos de traslado y el correspondiente canon de enterramiento, no entendemos por qu\u00e9 en vez de fortalecer el programa de reciclado con inclusi\u00f3n social intentan destruirlo\u201d afirm\u00f3 Carlos Mansilla, Presidente de la Coop. Madreselvas. <\/p>\n<p> \u201cHoy los cartoneros necesitamos inversi\u00f3n en infraestructura y log\u00edstica para continuar con el reciclado: necesitamos centros de acopio y clasificaci\u00f3n, presupuesto para mec\u00e1nica y obras que el gobierno se niega a hacer\u201d subrayo Graciela Ibarra, Presidenta de la Cooperativa Cartonera del Sur. Por su parte,  Gustavo Ib\u00e1\u00f1ez, Presidente de la Cooperativa Recuperadores del Oeste, sostiene: \u201cSin embargo, este mismo gobierno no tuvo ning\u00fan problema en renovar la flota completa de camiones para las empresas privadas de recolecci\u00f3n de residuos adelant\u00e1ndoles &#8211;y endeudando al pueblo\u2014por $ 1.300 millones de pesos\u201d. <\/p>\n<p> El trabajo de los cartoneros y recicladores es reconocido una y otra vez por el Papa Francisco como un trabajo fundamental para la humanidad por su car\u00e1cter ambiental pero recalca principalmente el car\u00e1cter social de esta labor porque \u201clos cartoneros se inventaron su propio trabajo y tienen que luchar por los derechos que les corresponden\u201d.<\/span><\/span><br \/><span style=\"font-family: Verdana,sans-serif\"><span style=\"font-size: small\"><br \/><span style=\"font-size: small\">REPORT<span style=\"font-size: small\">AJE DE FM LA <span style=\"font-size: small\">CATERVA A SERGIO S\u00c1NCHEZ<\/span><\/span><\/span><\/span><\/span><br \/><span style=\"font-family: Verdana,sans-serif\"><span style=\"font-size: small\">&nbsp;<\/span><\/span><br \/><span style=\"font-family: Verdana,sans-serif\"><span style=\"font-size: small\"><span style=\"font-size: small\"><span style=\"font-size: small\"><span style=\"font-size: small\">&nbsp;<\/span><\/span><\/span><br \/><b> Contactos de Prensa:   <\/b><br \/> Gabriela Bonus -Prensa Federaci\u00f3n- 113266991<span style=\"font-size: small\">7<\/span> <\/span><\/span><\/p>\n","protected":false},"excerpt":{"rendered":"<p>\u00a1\u00a1\u00a1URGENTE!!!HOY MARTES 3 DE MARZO DESDE EL OBELISCO A LAS 12 HS.\u00a1\u00a1\u00a1LOS ESPERAMOS COMPA\u00d1ER@S!!! [PRENSA CTEP Martes 3\/3\/15] La Federaci\u00f3n Argentina de Cartoneros y Recicladores \u2013 FACYR \u2013 denunci\u00f3 al Ministerio de Ambiente y Espacio P\u00fablico, a cargo del Lic. Edgardo Cenz\u00f3n, por el abandono del sistema de reciclado en la Ciudad de Buenos Aires [&hellip;]<\/p>\n","protected":false},"author":4,"featured_media":0,"comment_status":"open","ping_status":"open","sticky":false,"template":"","format":"standard","meta":{"_monsterinsights_skip_tracking":false,"_monsterinsights_sitenote_active":false,"_monsterinsights_sitenote_note":"","_monsterinsights_sitenote_category":0,"jnews-multi-image_gallery":[],"jnews_single_post":{"format":"standard"},"jnews_primary_category":[],"_joinchat":[],"footnotes":""},"categories":[58],"tags":[64,148],"class_list":["post-709","post","type-post","status-publish","format-standard","hentry","category-noticiariachuelo","tag-economia-popular","tag-trabajo"],"_links":{"self":[{"href":"http:\/\/fmriachuelo.it10.com.ar\/index.php\/wp-json\/wp\/v2\/posts\/709","targetHints":{"allow":["GET"]}}],"collection":[{"href":"http:\/\/fmriachuelo.it10.com.ar\/index.php\/wp-json\/wp\/v2\/posts"}],"about":[{"href":"http:\/\/fmriachuelo.it10.com.ar\/index.php\/wp-json\/wp\/v2\/types\/post"}],"author":[{"embeddable":true,"href":"http:\/\/fmriachuelo.it10.com.ar\/index.php\/wp-json\/wp\/v2\/users\/4"}],"replies":[{"embeddable":true,"href":"http:\/\/fmriachuelo.it10.com.ar\/index.php\/wp-json\/wp\/v2\/comments?post=709"}],"version-history":[{"count":1,"href":"http:\/\/fmriachuelo.it10.com.ar\/index.php\/wp-json\/wp\/v2\/posts\/709\/revisions"}],"predecessor-version":[{"id":22577,"href":"http:\/\/fmriachuelo.it10.com.ar\/index.php\/wp-json\/wp\/v2\/posts\/709\/revisions\/22577"}],"wp:attachment":[{"href":"http:\/\/fmriachuelo.it10.com.ar\/index.php\/wp-json\/wp\/v2\/media?parent=709"}],"wp:term":[{"taxonomy":"category","embeddable":true,"href":"http:\/\/fmriachuelo.it10.com.ar\/index.php\/wp-json\/wp\/v2\/categories?post=709"},{"taxonomy":"post_tag","embeddable":true,"href":"http:\/\/fmriachuelo.it10.com.ar\/index.php\/wp-json\/wp\/v2\/tags?post=709"}],"curies":[{"name":"wp","href":"https:\/\/api.w.org\/{rel}","templated":true}]}}