{"id":7056,"date":"2018-05-15T14:31:15","date_gmt":"2018-05-15T14:31:15","guid":{"rendered":"http:\/\/fmriachuelo.com.ar\/?p=7056"},"modified":"2018-05-15T14:31:15","modified_gmt":"2018-05-15T14:31:15","slug":"violento-desalojo-de-senegaleses-haitianos-y-dominicanos-de-un-hotel-de-once","status":"publish","type":"post","link":"http:\/\/fmriachuelo.it10.com.ar\/index.php\/2018\/05\/15\/violento-desalojo-de-senegaleses-haitianos-y-dominicanos-de-un-hotel-de-once\/","title":{"rendered":"VIOLENTO DESALOJO DE SENEGALESES, HAITIANOS Y DOMINICANOS DE UN HOTEL DE ONCE"},"content":{"rendered":"<p><strong>[FMRiachuelo, 15\/05\/2018] Ayer en el Programa de Rompe el Cerco Informativo , conversamos con el Compa\u00f1ero Omar Guaraz , Referente de Vendedores Libres,\u00a0 de la Central \u00a0de Trabajadores de \u00a0la Argentina (CTA).<br \/>\nComparti\u00f3 \u00a0con nosotros \u00a0lo que sucedi\u00f3 \u00a0con \u00a0la situaci\u00f3n de las 37 Familias que\u00a0 fueron desalojadas por la fuerza, \u00a0en un hotel de Sarmiento 3120 del barrio de Once en \u00a0CABA. Y se refiri\u00f3 tambi\u00e9n a \u00a0los diversos hechos violentos de desalojo sufridos por parte \u00a0de vendedores ambulantes y manteros durante estos \u00faltimos d\u00edas.<\/strong><\/p>\n<p>La medida fue realizada sin orden judicial seg\u00fan nos manifiestan, \u00a0y sin la presencia de la \u00a0Defensor\u00eda.\u00a0 Luego de denunciar estas irregularidades se hizo presente gente de la \u00a0Defensor\u00eda de la Ciudad, \u00a0para fiscalizar la acci\u00f3n de Gobierno.<\/p>\n<p>Hasta el momento no existe ninguna soluci\u00f3n propuesta por el Gobierno, \u00a0para contener a las familias \u00a0v\u00edctimas de una estafa: muchos ni\u00f1os y familias est\u00e1n ahora en esta situaci\u00f3n.<\/p>\n<p>Seg\u00fan trascendi\u00f3 (en algunos medios de prensa que se encontraban en el lugar), \u00a0los funcionarios que iban llegando \u00a0hablaban de una soluci\u00f3n gubernamental, \u00a0pero \u00a0los testimonios de los compa\u00f1erxs y de quienes se acercaban, \u00a0lo niegan enf\u00e1ticamente.\u00a0 La mayor\u00eda de los damnificados son vendedorxs ambulantes.<\/p>\n<p>Omar de CTA, \u00a0nos cont\u00f3 sobre lo sucedido:\u00a0<em>\u201dLo que vemos a diario es una clara pol\u00edtica xen\u00f3foba y violenta contra extranjeros, especialmente con los vendedores ambulantes, y en este caso los senegaleses\u00bb.<\/em><img loading=\"lazy\" decoding=\"async\" class=\"aligncenter wp-image-7057 \" src=\"http:\/\/fmriachuelo.com.ar\/wp-content\/uploads\/2018\/05\/descarga-1.jpg\" alt=\"\" width=\"250\" height=\"250\" srcset=\"http:\/\/fmriachuelo.it10.com.ar\/wp-content\/uploads\/2018\/05\/descarga-1.jpg 225w, http:\/\/fmriachuelo.it10.com.ar\/wp-content\/uploads\/2018\/05\/descarga-1-150x150.jpg 150w, http:\/\/fmriachuelo.it10.com.ar\/wp-content\/uploads\/2018\/05\/descarga-1-75x75.jpg 75w\" sizes=\"auto, (max-width: 250px) 100vw, 250px\" \/>El d\u00eda s\u00e1bado pasado, \u00a0con la presencia \u00a0en persona del Comisario de la 50\u00b0, y \u00a0con un avance violento sobre los trabajadorxs,\u00a0 se hizo un operativo, donde se llevaron detenidos a cuatro compa\u00f1eros, pero es de destacar que ante cada avance violento,\u00a0 existe una participaci\u00f3n solidaria de la gente que se acerca.<\/p>\n<p>Agreg\u00f3 Omar con respecto a este punto :\u00a0<em> \u201dEn el operativo no solo golpearon a los vendedores y los llevaron presos, sino que adem\u00e1s golpearon y arrojaron gas pimienta a las personas que estaban siendo testigos de estos operativos ilegales.\u00a0 \u00a0Todo esto no es s\u00f3lo exceso de los funcionarios p\u00fablicos, sino que hay una pol\u00edtica clara de ir rompiendo los lazos solidarios que est\u00e1n existiendo en nuestro pueblo, que se rebela contra esta pol\u00edtica de ajustes a la cual \u00a0lo est\u00e1n sometiendo\u201d<\/em> .\u00a0 \u00a0Luego coment\u00f3 <em>: \u00abEn este episodio, el d\u00eda 14 de mayo en un hotel \u00a0de Balvanera, \u00a0donde viven muchos compa\u00f1erxs haitianos y dominicanos, se presentaron con una orden arbitraria de un fiscal, quien bajo la justificaci\u00f3n de un \u201cpeligro de derrumbe\u201d como excusa para la persecuci\u00f3n, hizo lugar a un \u00a0\u00a0desalojo \u00a0de \u00a0los compa\u00f1erxs migrantes que viv\u00edan en ese lugar\u00bb.<\/em><\/p>\n<p>A esto se refiri\u00f3 Omar en otra parte de la entrevista diciendo:<em> \u201cDesde muy temprano nos conectamos con la Defensor\u00eda para defender los derechos de los compa\u00f1erxs, a pesar de ello no se les dio ninguna soluci\u00f3n, y as\u00ed quedaron con una promesa de que el pr\u00f3ximo viernes se los reubicar\u00eda.\u00a0 Ante la falta de respuestas al problema inmediato, decidieron hacer una resistencia en el inmueble\u00bb.<\/em><\/p>\n<p>Luego nos cont\u00f3 sobre otra situaci\u00f3n que se produjo con los vendedores ambulantes en otro barrio de CABA: <em>\u201c Por otro lado m\u00e1s de 650 compa\u00f1eros manteros de Liniers \u00a0fueron desalojados, a quienes el Gobierno les prometi\u00f3 cursos de capacitaci\u00f3n, galpones para trabajar \u00a0y subsidios, \u00a0pero ayer debieron realizar una movilizaci\u00f3n, \u00a0ya que esto no ha sucedido hasta el momento\u201d. Continu\u00f3 diciendo: \u00a0\u00a0\u201dLes hab\u00edan prometido una respuesta que nunca lleg\u00f3 por lo cual los vendedores vuelven a manifestarse contra un gobierno que para solucionar este problema,\u00a0 solo apela a la represi\u00f3n para quienes resisten en la calle\u201d.<\/em><\/p>\n<p><img loading=\"lazy\" decoding=\"async\" class=\"wp-image-7060 size-medium aligncenter\" src=\"http:\/\/fmriachuelo.com.ar\/wp-content\/uploads\/2018\/05\/rk2m7aq4G_930x525__1-300x169.jpg\" alt=\"\" width=\"300\" height=\"169\" srcset=\"http:\/\/fmriachuelo.it10.com.ar\/wp-content\/uploads\/2018\/05\/rk2m7aq4G_930x525__1-300x169.jpg 300w, http:\/\/fmriachuelo.it10.com.ar\/wp-content\/uploads\/2018\/05\/rk2m7aq4G_930x525__1-768x434.jpg 768w, http:\/\/fmriachuelo.it10.com.ar\/wp-content\/uploads\/2018\/05\/rk2m7aq4G_930x525__1-750x423.jpg 750w, http:\/\/fmriachuelo.it10.com.ar\/wp-content\/uploads\/2018\/05\/rk2m7aq4G_930x525__1.jpg 930w\" sizes=\"auto, (max-width: 300px) 100vw, 300px\" \/><\/p>\n<p>Cada vez hay m\u00e1s ferias populares, y\u00a0 vendedores en la calle tanto en CABA como en la Provincia de Bs As, donde el trueque se est\u00e1 extendiendo cada vez m\u00e1s.<\/p>\n<p>Al respecto Omar nos dijo:<em> \u201cLa intenci\u00f3n tanto del Gobierno de ciudad como de Provincia de Buenos aires, \u00a0es eliminar a los vendedores, \u00a0la pobreza est\u00e1 llegando a niveles extremos y la gente va buscando en la econom\u00eda informal la respuesta a sus problemas\u201d.<\/em><\/p>\n<p>Ante la pregunta de RCI sobre c\u00f3mo se continuar\u00e1 con estos temas tan preocupantes Omar respondi\u00f3:<em> \u201cDesde la CTA vamos a apelar siempre a que las conquistas sean por un trabajo y salario digno, pero lejos est\u00e1 el\u00a0 propio Estado \u00a0de solucionar esta situaci\u00f3n, los trabajadorxs \u00a0se seguir\u00e1n organizando en la calle para luchar contra este ataque por parte del Estado\u201d.<\/em><\/p>\n<p><strong>La mentira y la hipocres\u00eda gubernamental se choca contra los argumentos falsos, \u00a0y la ausencia del Estado provoca la exclusi\u00f3n de miles de familias.<\/strong><\/p>\n<p>La entrevista completa:<br \/>\nhttps:\/\/radiocut.fm\/audiocut\/violento-desalojo-de-senegaleses-haitianos-y-dominicanos-de-un-hotel-de-once\/#f=radio&#038;l=popular<\/p>\n<p>&nbsp;<\/p>\n<p>&nbsp;<\/p>\n","protected":false},"excerpt":{"rendered":"<p>[FMRiachuelo, 15\/05\/2018] Ayer en el Programa de Rompe el Cerco Informativo , conversamos con el Compa\u00f1ero Omar Guaraz , Referente de Vendedores Libres,\u00a0 de la Central \u00a0de Trabajadores de \u00a0la Argentina (CTA). Comparti\u00f3 \u00a0con nosotros \u00a0lo que sucedi\u00f3 \u00a0con \u00a0la situaci\u00f3n de las 37 Familias que\u00a0 fueron desalojadas por la fuerza, \u00a0en un hotel de [&hellip;]<\/p>\n","protected":false},"author":5,"featured_media":7059,"comment_status":"open","ping_status":"open","sticky":false,"template":"","format":"standard","meta":{"_monsterinsights_skip_tracking":false,"_monsterinsights_sitenote_active":false,"_monsterinsights_sitenote_note":"","_monsterinsights_sitenote_category":0,"jnews-multi-image_gallery":[],"jnews_single_post":[],"jnews_primary_category":[],"_joinchat":[],"footnotes":""},"categories":[78,74,75],"tags":[],"class_list":["post-7056","post","type-post","status-publish","format-standard","has-post-thumbnail","hentry","category-economia-popular","category-san-cayetano","category-trabajo"],"_links":{"self":[{"href":"http:\/\/fmriachuelo.it10.com.ar\/index.php\/wp-json\/wp\/v2\/posts\/7056","targetHints":{"allow":["GET"]}}],"collection":[{"href":"http:\/\/fmriachuelo.it10.com.ar\/index.php\/wp-json\/wp\/v2\/posts"}],"about":[{"href":"http:\/\/fmriachuelo.it10.com.ar\/index.php\/wp-json\/wp\/v2\/types\/post"}],"author":[{"embeddable":true,"href":"http:\/\/fmriachuelo.it10.com.ar\/index.php\/wp-json\/wp\/v2\/users\/5"}],"replies":[{"embeddable":true,"href":"http:\/\/fmriachuelo.it10.com.ar\/index.php\/wp-json\/wp\/v2\/comments?post=7056"}],"version-history":[{"count":0,"href":"http:\/\/fmriachuelo.it10.com.ar\/index.php\/wp-json\/wp\/v2\/posts\/7056\/revisions"}],"wp:featuredmedia":[{"embeddable":true,"href":"http:\/\/fmriachuelo.it10.com.ar\/index.php\/wp-json\/wp\/v2\/media\/7059"}],"wp:attachment":[{"href":"http:\/\/fmriachuelo.it10.com.ar\/index.php\/wp-json\/wp\/v2\/media?parent=7056"}],"wp:term":[{"taxonomy":"category","embeddable":true,"href":"http:\/\/fmriachuelo.it10.com.ar\/index.php\/wp-json\/wp\/v2\/categories?post=7056"},{"taxonomy":"post_tag","embeddable":true,"href":"http:\/\/fmriachuelo.it10.com.ar\/index.php\/wp-json\/wp\/v2\/tags?post=7056"}],"curies":[{"name":"wp","href":"https:\/\/api.w.org\/{rel}","templated":true}]}}