{"id":7053,"date":"2018-05-14T23:16:46","date_gmt":"2018-05-14T23:16:46","guid":{"rendered":"http:\/\/fmriachuelo.com.ar\/?p=7053"},"modified":"2018-05-14T23:16:46","modified_gmt":"2018-05-14T23:16:46","slug":"movilizacion-en-la-plata-para-exigir-respuestas-frente-a-las-inundaciones","status":"publish","type":"post","link":"http:\/\/fmriachuelo.it10.com.ar\/index.php\/2018\/05\/14\/movilizacion-en-la-plata-para-exigir-respuestas-frente-a-las-inundaciones\/","title":{"rendered":"MOVILIZACI\u00d3N EN LA PLATA PARA EXIGIR RESPUESTAS FRENTE A LAS INUNDACIONES"},"content":{"rendered":"<p><strong>\u00a0[FM RIACHUELO 14\/05\/2018]\u00a0Hoy los y las vecinas de los barrios postergados de la ciudad de La Plata marcharon hacia la Municipalidad, a cargo de Julio Garro, para exigir urgentes soluciones ante la desesperante situaci\u00f3n que atraviesan luego del temporal.<\/strong><\/p>\n<p>Rompe el Cerco informativo entrevist\u00f3 a Cesar Villanueva, integrante de la Agrupaci\u00f3n Maria Claudia Falcone, parte de la mesa gremial 19 y 20 de la CTEP, quien describi\u00f3 la actual situaci\u00f3n \u00a0que atraviesan quienes habitan los barrios postergados de la ciudad de La Plata, tras la tormenta que caus\u00f3 graves inundaciones, y la consecuente p\u00e9rdida de bienes materiales y viviendas. El referente expres\u00f3 que es indispensable que se lleven a cabo las obras p\u00fablicas que brinden soluciones frente a la crecida de los arroyos durante los temporales, y que a su vez, sean implementadas por los propios trabajadores y trabajadoras de los barrios que sufren en carne propia la problem\u00e1tica.<\/p>\n<p>Cesar sostuvo que \u201clas obras se realizan en zona norte, y la zona sur queda postergada, no tiene obras de mantenimiento, y a las cooperativas que ven\u00edamos realizando el trabajo de mantenimiento nos han sacado los recursos y maquinas para hacer ese trabajo\u201d. Tambi\u00e9n critic\u00f3 los planes de contingencia mal implementados por el gobierno, y resalt\u00f3 los valores solidarios de los platenses que \u201cbancaron los centros de evacuados, mientras que las c\u00e1maras de televisi\u00f3n mostraban a los pol\u00edticos rodeados de polic\u00edas ofreciendo ayuda en lugares puntuales\u201d.<\/p>\n<p>Las organizaciones populares y sociales con desarrollo territorial decidieron en este marco, denunciar que los planes de contingencias no son \u00fatiles ya que no se destinan los recursos necesarios para su ejecuci\u00f3n, as\u00ed como tambi\u00e9n la invisibilizaci\u00f3n de los sectores perif\u00e9ricos de la ciudad, m\u00e1s golpeados por el temporal y menos asistidos por el estado. El referente explic\u00f3 que \u201cen la movilizaci\u00f3n fuimos a la gobernaci\u00f3n y le entregamos un petitorio a Vidal, y luego al Municipio donde acampamos hasta que se comprometieron a certificar el relevo que realizamos de las familias afectadas, y una vez que confirmen (porque evidentemente no conf\u00edan en nuestra palabra), van a brindar la ayuda (colchones, ropa, mercader\u00eda)\u201d.<\/p>\n<p>De todas maneras, las organizaciones seguir\u00e1n exigiendo que se implementen medidas que solucionen los problemas de fondo en los barrios populares, y que consisten en: planes de contingencia efectivos, obras para los barrios a cargo de los y las trabajadoras de los barrios y pol\u00edticas p\u00fablicas que garanticen el acceso a la salud.<\/p>\n<p>Escucha la entrevista completa en el siguiente link:<\/p>\n<p><a href=\"https:\/\/radiocut.fm\/audiocut\/marcha-a-la-municipalidad-de-la-plata-por-la-falta-de-respuestas-frente-a-las-inundaciones\/?replay=11#evtCat=AudioCutDetail&amp;evtAct=Progress&amp;evtLabel=ExitReplay\">https:\/\/radiocut.fm\/audiocut\/marcha-a-la-municipalidad-de-la-plata-por-la-falta-de-respuestas-frente-a-las-inundaciones\/?replay=11#evtCat=AudioCutDetail&amp;evtAct=Progress&amp;evtLabel=ExitReplay<\/a><\/p>\n","protected":false},"excerpt":{"rendered":"<p>\u00a0[FM RIACHUELO 14\/05\/2018]\u00a0Hoy los y las vecinas de los barrios postergados de la ciudad de La Plata marcharon hacia la Municipalidad, a cargo de Julio Garro, para exigir urgentes soluciones ante la desesperante situaci\u00f3n que atraviesan luego del temporal. Rompe el Cerco informativo entrevist\u00f3 a Cesar Villanueva, integrante de la Agrupaci\u00f3n Maria Claudia Falcone, parte [&hellip;]<\/p>\n","protected":false},"author":5,"featured_media":7054,"comment_status":"open","ping_status":"open","sticky":false,"template":"","format":"standard","meta":{"_monsterinsights_skip_tracking":false,"_monsterinsights_sitenote_active":false,"_monsterinsights_sitenote_note":"","_monsterinsights_sitenote_category":0,"jnews-multi-image_gallery":[],"jnews_single_post":[],"jnews_primary_category":[],"_joinchat":[],"footnotes":""},"categories":[76],"tags":[],"class_list":["post-7053","post","type-post","status-publish","format-standard","has-post-thumbnail","hentry","category-salud-comunitaria"],"_links":{"self":[{"href":"http:\/\/fmriachuelo.it10.com.ar\/index.php\/wp-json\/wp\/v2\/posts\/7053","targetHints":{"allow":["GET"]}}],"collection":[{"href":"http:\/\/fmriachuelo.it10.com.ar\/index.php\/wp-json\/wp\/v2\/posts"}],"about":[{"href":"http:\/\/fmriachuelo.it10.com.ar\/index.php\/wp-json\/wp\/v2\/types\/post"}],"author":[{"embeddable":true,"href":"http:\/\/fmriachuelo.it10.com.ar\/index.php\/wp-json\/wp\/v2\/users\/5"}],"replies":[{"embeddable":true,"href":"http:\/\/fmriachuelo.it10.com.ar\/index.php\/wp-json\/wp\/v2\/comments?post=7053"}],"version-history":[{"count":0,"href":"http:\/\/fmriachuelo.it10.com.ar\/index.php\/wp-json\/wp\/v2\/posts\/7053\/revisions"}],"wp:featuredmedia":[{"embeddable":true,"href":"http:\/\/fmriachuelo.it10.com.ar\/index.php\/wp-json\/wp\/v2\/media\/7054"}],"wp:attachment":[{"href":"http:\/\/fmriachuelo.it10.com.ar\/index.php\/wp-json\/wp\/v2\/media?parent=7053"}],"wp:term":[{"taxonomy":"category","embeddable":true,"href":"http:\/\/fmriachuelo.it10.com.ar\/index.php\/wp-json\/wp\/v2\/categories?post=7053"},{"taxonomy":"post_tag","embeddable":true,"href":"http:\/\/fmriachuelo.it10.com.ar\/index.php\/wp-json\/wp\/v2\/tags?post=7053"}],"curies":[{"name":"wp","href":"https:\/\/api.w.org\/{rel}","templated":true}]}}