{"id":7045,"date":"2018-05-10T15:30:27","date_gmt":"2018-05-10T15:30:27","guid":{"rendered":"http:\/\/fmriachuelo.com.ar\/?p=7045"},"modified":"2018-05-10T15:30:27","modified_gmt":"2018-05-10T15:30:27","slug":"nueva-movilizacion-de-docentes-y-estudiantes-contra-la-creacion-de-la-unicaba","status":"publish","type":"post","link":"http:\/\/fmriachuelo.it10.com.ar\/index.php\/2018\/05\/10\/nueva-movilizacion-de-docentes-y-estudiantes-contra-la-creacion-de-la-unicaba\/","title":{"rendered":"NUEVA MOVILIZACI\u00d3N DE DOCENTES Y ESTUDIANTES CONTRA LA CREACI\u00d3N DE LA UNICABA."},"content":{"rendered":"<p><strong>[FM Riachuelo 10\/05\/2018] Ayer el programa Rompe el Cerco Informativo se comunic\u00f3 con Patricio, \u00a0docente del Normal N\u00b0 5 porque una vez m\u00e1s los sindicatos porte\u00f1os de docentes junto a los estudiantes, \u00a0salieron a la calle \u00a0para rechazar la medida del Gobierno de CABA de crear una Universidad Docente, lo que significa el cierre de los profesorados. Tambi\u00e9n se reclam\u00f3 en \u00a0contra del techo paritario del 15% para docentes de niveles medios y universitarios, contra la reforma de la \u201cEscuela Secundaria del Futuro\u201d, \u00a0y por un boleto educativo nacional y la plena aplicaci\u00f3n de la ESI<\/strong>.<\/p>\n<p>Convocaron a la movilizaci\u00f3n el Consejo de Educaci\u00f3n Superior de Gesti\u00f3n Estatal (CESGE), \u00a0el Centro de Estudiantes Terciarios\u00a0\u00a0 (CET), la Federaci\u00f3n Universitaria de Buenos Aires (FUBA), la Federaci\u00f3n Universitaria Nacional Argentina (FUNA), la Uni\u00f3n Trabajadores de la Educaci\u00f3n (UTE), la Asociaci\u00f3n Docente de la Ciudad de Buenos Aires (Ademys), el sindicato de Trabajadores docentes de la UBA (FEDUBA), entre muchos otros que adhirieron.<\/p>\n<p>En ese contexto se realiz\u00f3 un nuevo paro docente en rechazo a la medida del Gobierno de\u00a0Horacio Rodr\u00edguez Larreta, \u00a0que crea una\u00a0Universidad Docente\u00a0y cierra los\u00a029 profesorados\u00a0que funcionan en la Ciudad. Luego como parte del reclamo, \u00a0\u00a0se hizo una movilizaci\u00f3n a las 17 horas que march\u00f3 desde el Ministerio de Educaci\u00f3n Nacional hasta la Legislatura porte\u00f1a.<\/p>\n<p>Adem\u00e1s de la falta de autonom\u00eda que tendr\u00e1 la Universidad con respecto al Gobierno de la Ciudad, la estabilidad de los trabajadores que actualmente prestan tareas en los institutos de formaci\u00f3n docente se ve comprometida. A pesar que\u00a0 el art\u00edculo 11 se\u00f1ala que en la transferencia del personal docente y no docente, \u201cgozar\u00e1n de estabilidad laboral, conservando salario y antig\u00fcedad\u201d, dicha premisa es incomprobable. El cierre de cursos y la unificaci\u00f3n de niveles supondr\u00e1n un ajuste, dando por tierra el argumento del Gobierno.<\/p>\n<p>Patricio desde la marcha, en conversaci\u00f3n con RCI nos dijo<em>:\u201dEs una movilizaci\u00f3n muy importante, venimos dando esta lucha interviniendo en la Comisi\u00f3n de Educaci\u00f3n cuando podemos, pero en esta oportunidad solo vamos a movilizar hacia la Legislatura\u201d<\/em><\/p>\n<p>Agreg\u00f3: <em>\u201cNo hay ninguna respuesta de la Ministra ni del Gobierno de la Ciudad, se muestran inflexibles ante todos los conflictos, y con \u00e9ste en particular no dialogan no atienden a los representantes. Lo interesante es que esta lucha cada vez toma m\u00e1s visibilidad, viene creciendo desde principios de a\u00f1o,\u00a0 en este caso la movilizaci\u00f3n de hoy no es solo por la Unicaba,\u00a0 sino por la implementaci\u00f3n de la ESI, por el No a la escuela del Futuro, por eso estamos todos los representantes de cada parte del reclamo\u201d.<\/em><\/p>\n<p>Sigui\u00f3 diciendo: <em>\u201cCopian un sistema educativo de un pa\u00eds como Finlandia, quieren traer esa experiencia sin consultar con nadie, aplicar un formato que no tiene ninguno de los recursos que posee el pa\u00eds de origen para llevarlo adelante, ni tecnol\u00f3gicos, ni de recursos materiales y humanos \u201d. \u201cAdem\u00e1s intentan implementar \u00abpasant\u00edas\u00bb en empresas para el nivel secundario, quieren formar a nuestros pibxs en un sistema precario\u201d.<\/em><\/p>\n<p><img loading=\"lazy\" decoding=\"async\" class=\"alignnone wp-image-7048 size-medium\" src=\"http:\/\/fmriachuelo.com.ar\/wp-content\/uploads\/2018\/05\/whatsapp_image_2018-05-09_at_23.12.19-bec3b-300x169.jpg\" alt=\"\" width=\"300\" height=\"169\" srcset=\"http:\/\/fmriachuelo.it10.com.ar\/wp-content\/uploads\/2018\/05\/whatsapp_image_2018-05-09_at_23.12.19-bec3b-300x169.jpg 300w, http:\/\/fmriachuelo.it10.com.ar\/wp-content\/uploads\/2018\/05\/whatsapp_image_2018-05-09_at_23.12.19-bec3b.jpg 701w\" sizes=\"auto, (max-width: 300px) 100vw, 300px\" \/><\/p>\n<p>El Secretario General de Ademys, Jorge Adaro \u00a0explic\u00f3 sobre los reclamos:\u00a0 \u00abParamos para que nos escuchen. Somos miles los que exigimos el retiro del proyecto de creaci\u00f3n de la UNICABA\u201d.<\/p>\n<p>En relaci\u00f3n al proyecto que se est\u00e1 debatiendo en la Legislatura Porte\u00f1a,\u00a0 Adaro agreg\u00f3: \u201cSe est\u00e1 discutiendo un proyecto de ley que pretende crear una Universidad Docente (Unicaba) que modifica la formaci\u00f3n docente, cerrando los 29 institutos que existen actualmente, generando la p\u00e9rdida de trabajo y de derechos para cientos de docentes y una formaci\u00f3n mucho m\u00e1s escueta y superficial para los estudiantes, futuros profesores. Por eso, desde Ademys exigimos el retiro del proyecto presentado en la Legislatura\u201d.<\/p>\n<p>Agreg\u00f3, desmintiendo las declaraciones de la Ministra de Educaci\u00f3n Soledad Acu\u00f1a:\u00a0 \u00abNo es cierto que las rectoras se nieguen a reunirse, como dice la Ministra, han participado de todas las instancias posibles en la Legislatura y con argumentos muy s\u00f3lidos. La que no quiere escuchar es la Ministra\u201d.<\/p>\n<p>Tambi\u00e9n Mariano Romano, presidente del Centro de Estudiantes del Joaqu\u00edn V. Gonz\u00e1lez, referente de la CET y de La Mart\u00ed, dijo:\u00a0\u201cCon esta nueva movilizaci\u00f3n queremos resaltar que esta no es una lucha aislada, sino que se trata de la punta de lanza del conjunto de las luchas educativas que tanto docentes como estudiantes de secundarios, terciarios y universidades venimos desarrollando contra las pol\u00edticas del macrismo\u201d.<\/p>\n<p>Por \u00faltimo,\u00a0I\u00f1aki Garc\u00eda Ribas, presidente del Centro de Estudiantes del Nacional Buenos Aires, referente de la CEB y de Lobo Suelto, dijo:\u00a0\u201cAs\u00ed como pas\u00f3 con la UniCABA, el a\u00f1o pasado los secundarios nos desayunamos con el proyecto de la \u201cSecundaria del Futuro\u201d,\u00a0una reforma educativa que profundiza la concepci\u00f3n mercantilista e individualista de la educaci\u00f3n p\u00fablica que promueve el PRO. Parece que es un m\u00e9todo recurrente del gobierno imponer reformas inconsultas y que despiertan gran rechazo de la comunidad educativa. El mi\u00e9rcoles los secundarios salimos a las calles para defender nuestro derecho a una educaci\u00f3n p\u00fablica masiva y de calidad.\u201d<\/p>\n<p><strong>Los Docentes junto a M\u00e1s de diez mil estudiantes terciarios, secundarios y universitarios marcharon por la Ciudad para decirle una vez m\u00e1s \u201cNO A LA UniCABA\u201d.<\/strong><\/p>\n<p>Escucha el testimonio.<br \/>\nhttps:\/\/radiocut.fm\/audiocut\/unicaba-nueva-movilizacion-docente-contra-los-cierres-de-profesorados\/#f=cut&#038;l=related<\/p>\n","protected":false},"excerpt":{"rendered":"<p>[FM Riachuelo 10\/05\/2018] Ayer el programa Rompe el Cerco Informativo se comunic\u00f3 con Patricio, \u00a0docente del Normal N\u00b0 5 porque una vez m\u00e1s los sindicatos porte\u00f1os de docentes junto a los estudiantes, \u00a0salieron a la calle \u00a0para rechazar la medida del Gobierno de CABA de crear una Universidad Docente, lo que significa el cierre de [&hellip;]<\/p>\n","protected":false},"author":5,"featured_media":7046,"comment_status":"open","ping_status":"open","sticky":false,"template":"","format":"standard","meta":{"_monsterinsights_skip_tracking":false,"_monsterinsights_sitenote_active":false,"_monsterinsights_sitenote_note":"","_monsterinsights_sitenote_category":0,"jnews-multi-image_gallery":[],"jnews_single_post":[],"jnews_primary_category":[],"_joinchat":[],"footnotes":""},"categories":[78,77],"tags":[],"class_list":["post-7045","post","type-post","status-publish","format-standard","has-post-thumbnail","hentry","category-economia-popular","category-soberania"],"_links":{"self":[{"href":"http:\/\/fmriachuelo.it10.com.ar\/index.php\/wp-json\/wp\/v2\/posts\/7045","targetHints":{"allow":["GET"]}}],"collection":[{"href":"http:\/\/fmriachuelo.it10.com.ar\/index.php\/wp-json\/wp\/v2\/posts"}],"about":[{"href":"http:\/\/fmriachuelo.it10.com.ar\/index.php\/wp-json\/wp\/v2\/types\/post"}],"author":[{"embeddable":true,"href":"http:\/\/fmriachuelo.it10.com.ar\/index.php\/wp-json\/wp\/v2\/users\/5"}],"replies":[{"embeddable":true,"href":"http:\/\/fmriachuelo.it10.com.ar\/index.php\/wp-json\/wp\/v2\/comments?post=7045"}],"version-history":[{"count":0,"href":"http:\/\/fmriachuelo.it10.com.ar\/index.php\/wp-json\/wp\/v2\/posts\/7045\/revisions"}],"wp:featuredmedia":[{"embeddable":true,"href":"http:\/\/fmriachuelo.it10.com.ar\/index.php\/wp-json\/wp\/v2\/media\/7046"}],"wp:attachment":[{"href":"http:\/\/fmriachuelo.it10.com.ar\/index.php\/wp-json\/wp\/v2\/media?parent=7045"}],"wp:term":[{"taxonomy":"category","embeddable":true,"href":"http:\/\/fmriachuelo.it10.com.ar\/index.php\/wp-json\/wp\/v2\/categories?post=7045"},{"taxonomy":"post_tag","embeddable":true,"href":"http:\/\/fmriachuelo.it10.com.ar\/index.php\/wp-json\/wp\/v2\/tags?post=7045"}],"curies":[{"name":"wp","href":"https:\/\/api.w.org\/{rel}","templated":true}]}}