{"id":7033,"date":"2018-05-09T17:12:48","date_gmt":"2018-05-09T17:12:48","guid":{"rendered":"http:\/\/fmriachuelo.com.ar\/?p=7033"},"modified":"2018-05-09T17:12:48","modified_gmt":"2018-05-09T17:12:48","slug":"asamblea-abierta-de-dd-hh-en-ctep-por-el-dia-nacional-de-la-lucha-contra-la-violencia-institucional","status":"publish","type":"post","link":"http:\/\/fmriachuelo.it10.com.ar\/index.php\/2018\/05\/09\/asamblea-abierta-de-dd-hh-en-ctep-por-el-dia-nacional-de-la-lucha-contra-la-violencia-institucional\/","title":{"rendered":"ASAMBLEA ABIERTA DE  DD.HH EN CTEP POR EL DIA NACIONAL  DE LA LUCHA CONTRA LA VIOLENCIA INSTITUCIONAL"},"content":{"rendered":"<p><strong>[FM RIACHUELO 09\/05\/2018] En el d\u00eda de ayer se realiz\u00f3 en la sede de la Confederaci\u00f3n de los Trabajadores de la Econom\u00eda Popular \u00a0una Asamblea Abierta , \u00a0\u00a0convocada por la CTEP y la Campa\u00f1a Nacional contra la Violencia institucional, \u00a0para reflexionar sobre la violencia ejercida sobre los sectores populares, bajo las consignas de \u201cSer Pobre, Protestar, Usar Visera, Salir de Joda y Ser Mujer No son Delitos\u201d, \u00a0con la participaci\u00f3n de numerosas organizaciones que adhirieron.<\/strong><\/p>\n<p>A pesar del mal clima el espacio de la CTEP fue desbordado por la gran cantidad de organizaciones que participaron <strong>:<\/strong>Las organizaciones fueron: LiberPueblo, CELS, CIAJ, Limando Rejas, UBA XXII, Atrapamuros , Comisi\u00f3n Provincial Por La Memoria, Fidelia, Comisi\u00f3n de Familiares De Zona Norte, Comisi\u00f3n Contra La Violencia En Los Territorios, Movimiento Popular La Dignidad, Movimiento Evita, Observatorio De La Violencia Institucional De La Facultad De Filosof\u00eda y Letras, Acci\u00f3n Can\u00e1bica, Corriente Pueblo Unido, Secretaria De DDHH De ATE, KALLPA WAY\u00d1A, UNLA, Roxana Cainzos (Mam\u00e1 De Nehu\u00e9n Rodr\u00edguez), Raquel Witis (mam\u00e1 de Mariano Witris), Alicia Ram\u00edrez, Stella Maris Diaz, Eugenia V\u00e1zquez (hermana de Andrea Vieira), Juli\u00e1n (Trabajador perseguido por la PFA de La Boca), Amigos de Sebasti\u00e1n Bord\u00f3n, Agrupaci\u00f3n Gral. San Martin, Misioneros Cuidadores de la Casa Com\u00fan, Feriantes de Parque Patricios, PROCUVIN, Frente de Desocupados Eva Per\u00f3n, Liga Argentina por los Derechos del Hombre, COVILPI, Casa Popular El Fog\u00f3n, FM Riachuelo 100.9, Casa Cultural El Patio, Gustavo Palmieri (Comit\u00e9 Contra la Tortura), Pablo Ferreira, Ileana Arduino, Patria Grande, JP Evita, Grupo de Estudios de Participaci\u00f3n y Movilizaci\u00f3n Pol\u00edtica del Instituto Gino Germani, Grupo de Litigio Estrat\u00e9gico.<\/p>\n<p>En un contexto \u00a0emotivo en la asamblea se habl\u00f3 sobre\u00a0 Gatillo F\u00e1cil, femicidio, protesta Social, etc., \u00a0como parte del \u00a0nuevo modelo de dominaci\u00f3n al que se refiri\u00f3 Lito Borello Secretario de DDHH de CTEP: <em>\u201d En eso hay un hilo conductor hist\u00f3rico ,pero este modelo tiene una caracter\u00edstica puntual, donde cada uno ofrece una lucha como si fuesen separadas, \u00a0pero es parte de un mismo modelo de dominaci\u00f3n, dentro del marco de los DDHH,\u00a0 si no nos unimos y damos una lucha pol\u00edtica por construir otro mundo posible esto no se soluciona\u201d. <\/em><\/p>\n<p><strong>Lito Borello<\/strong> continu\u00f3 diciendo en relaci\u00f3n a la violencia institucional: <em>\u201cComo CTEP nosotros hicimos una Asamblea, donde dijimos \u00a0como Secretar\u00eda de DDHH que entendemos que en el SXXI estamos enfrentados a un modelo de capitalismo salvaje, de hambre, pobreza, exclusi\u00f3n, donde los pueblos entendemos que tenemos el derecho humano a la protesta social.<br \/>\nEl derecho a construir otro mundo posible, intentando hacerlo en el marco de la pelea pol\u00edtica por construir otro sistema, \u00a0y creemos que deber\u00eda haber una Comisi\u00f3n de Trabajo para participar con todas las organizaciones, porque no alcanza con poder integrarse, \u00a0sino avanzar en la caracterizaci\u00f3n de este modelo de \u00a0dominaci\u00f3n. No alcanza con enumerar los s\u00edntomas, \u00a0hay que poder avanzar para ayudarnos a interpretar , para poder ir hacia una Comisi\u00f3n de Comunicaci\u00f3n, para dar la batalla comunicacional contra-hegem\u00f3nica, donde nos hacen creer que estamos en retroceso\u201d<\/em><\/p>\n<p><img loading=\"lazy\" decoding=\"async\" class=\"alignnone wp-image-7035 size-medium\" src=\"http:\/\/fmriachuelo.com.ar\/wp-content\/uploads\/2018\/05\/WhatsApp-Image-2018-05-08-at-17.44.54-300x225.jpeg\" alt=\"\" width=\"300\" height=\"225\" srcset=\"http:\/\/fmriachuelo.it10.com.ar\/wp-content\/uploads\/2018\/05\/WhatsApp-Image-2018-05-08-at-17.44.54-300x225.jpeg 300w, http:\/\/fmriachuelo.it10.com.ar\/wp-content\/uploads\/2018\/05\/WhatsApp-Image-2018-05-08-at-17.44.54-1024x768.jpeg 1024w, http:\/\/fmriachuelo.it10.com.ar\/wp-content\/uploads\/2018\/05\/WhatsApp-Image-2018-05-08-at-17.44.54-768x576.jpeg 768w, http:\/\/fmriachuelo.it10.com.ar\/wp-content\/uploads\/2018\/05\/WhatsApp-Image-2018-05-08-at-17.44.54-750x563.jpeg 750w, http:\/\/fmriachuelo.it10.com.ar\/wp-content\/uploads\/2018\/05\/WhatsApp-Image-2018-05-08-at-17.44.54-1140x855.jpeg 1140w, http:\/\/fmriachuelo.it10.com.ar\/wp-content\/uploads\/2018\/05\/WhatsApp-Image-2018-05-08-at-17.44.54.jpeg 1152w\" sizes=\"auto, (max-width: 300px) 100vw, 300px\" \/><\/p>\n<p>Agreg\u00f3:<em> \u201cNuestro mundo posible primero va a ser ilegal, porque la legalidad que queremos construir hoy seria subversiva, nosotros haremos lo que tenemos que hacer,\u00a0 es muy dif\u00edcil construir el mundo que so\u00f1amos para nuestros pibxs , sin contravenir la legalidad, \u00a0que hoy ellos nos imponen a nosotros\u201d. \u201cEsto nos pasa en algo tan simple como la econom\u00eda popular, \u00a0que es el esfuerzo de los compa\u00f1erxs que salen para defenderse del hambre al que se exponen los suyos, como dice Francisco \u00a0son \u201cPol\u00edticas de descarte\u201d, \u00a0es dejarnos afuera, esto tambi\u00e9n \u00a0tiene que ver con la caracterizaci\u00f3n\u201d.<\/em><\/p>\n<p>Luego habl\u00f3 <strong>Mat\u00edas \u201cPampa\u201d,<\/strong> saludando a la convocatoria y diciendo: \u00a0\u00a0<em>\u201dTenemos que aprovechar este entrecruzamiento, si tenemos logros\u00a0 y \u00a0avances son gracias a las organizaciones populares, estamos en una etapa de retroceso.\u00a0 Desde el gobierno hay un paradigma que va a contramano con lo que tiene que ser una seguridad ciudadana, y tenemos que poder responder , pero \u00bfc\u00f3mo lo \u00a0hacemos? :Poniendo en agenda el \u00a0tema de la campa\u00f1a \u00a0de la lucha contra la violencia institucional \u00a0a partir de los Movimientos sociales, \u00a0que superan las intenciones de cualquier gobierno\u201d.<\/em><\/p>\n<p>Entre aplausos \u00a0tomo la palabra <strong>Inti de Atrapamuros<\/strong>, \u00a0que comparti\u00f3 \u00a0estas palabras con la Asamblea <em>: \u00a0\u201cParticipo del movimiento carcelario y quer\u00eda traer la palabra de los compa\u00f1erxs que est\u00e1n privados de su libertad y quieren visibilizar su pelea contra el gobierno de Larreta,.<\/em><\/p>\n<p><img loading=\"lazy\" decoding=\"async\" class=\"alignnone wp-image-7036 size-medium\" src=\"http:\/\/fmriachuelo.com.ar\/wp-content\/uploads\/2018\/05\/WhatsApp-Image-2018-05-08-at-18.08.45-300x200.jpeg\" alt=\"\" width=\"300\" height=\"200\" srcset=\"http:\/\/fmriachuelo.it10.com.ar\/wp-content\/uploads\/2018\/05\/WhatsApp-Image-2018-05-08-at-18.08.45-300x200.jpeg 300w, http:\/\/fmriachuelo.it10.com.ar\/wp-content\/uploads\/2018\/05\/WhatsApp-Image-2018-05-08-at-18.08.45-1024x683.jpeg 1024w, http:\/\/fmriachuelo.it10.com.ar\/wp-content\/uploads\/2018\/05\/WhatsApp-Image-2018-05-08-at-18.08.45-768x512.jpeg 768w, http:\/\/fmriachuelo.it10.com.ar\/wp-content\/uploads\/2018\/05\/WhatsApp-Image-2018-05-08-at-18.08.45-750x500.jpeg 750w, http:\/\/fmriachuelo.it10.com.ar\/wp-content\/uploads\/2018\/05\/WhatsApp-Image-2018-05-08-at-18.08.45-1140x760.jpeg 1140w, http:\/\/fmriachuelo.it10.com.ar\/wp-content\/uploads\/2018\/05\/WhatsApp-Image-2018-05-08-at-18.08.45.jpeg 1152w\" sizes=\"auto, (max-width: 300px) 100vw, 300px\" \/><\/p>\n<p><em>Este gobierno quiere cerrar la c\u00e1rcel de Devoto para trasladarlos cerrando adem\u00e1s, \u00a0las instancias educativas y organizativas sindicales, \u00a0que existen hoy en \u00a0Devoto. \u00a0\u00a0Ellos est\u00e1n\u00a0 haciendo Asambleas para intentar armar una campa\u00f1a comunicacional inteligente, \u00a0para defender la educaci\u00f3n que les permite pensar un futuro alternativo posible, que hace por ejemplo que no sean estigmatizados, y tengan capacidades para enfrentar el mundo al salir\u201d.<\/em><\/p>\n<p><strong>Sof\u00eda abogada<\/strong> militante de la\u00a0 Organizaci\u00f3n \u00a0Social y Pol\u00edtica de La Plata , agradeciendo el poder participar dijo<em>: \u201d Tomando estas cuestiones podemos \u00a0volver a decirnos que hay un recorrido hecho por las organizaciones de DDHH, que desbordaron sus propias org\u00e1nicas y el discurso vertebr\u00f3 el de los derechos humanos para tomar un discurso pol\u00edtico.<\/em><\/p>\n<p>Agreg\u00f3:<em> \u00a0\u201cPensando tambi\u00e9n en el valor de los familiares como HIJOS, como portavoces de los discursos y sumando el \u00a0de las v\u00edctimas de gatillo f\u00e1cil, es que nos permitieron conceptualizar este discurso de la violencia del Estado, \u00a0donde el propio Estado puede volver a restablecer el derecho gracias a nuestra intervenci\u00f3n\u201d. \u00a0\u00a0\u201cEn los territorios vemos que esas violencias provienen de otras redes tambi\u00e9n que se estructuran y aparecen sobre el h\u00e1bitat, el acceso a la tierra, el desastre de los narcos sobre los pibxs, estos son los problemas que en distintos niveles aparecen en el territorio\u201d.<\/em><\/p>\n<p><strong>Denis <\/strong>del organismo de DDHH de \u00a0LiberPueblo \u00a0dijo<em>:\u201dEstamos enfocados en el tema de la criminalizaci\u00f3n de la protesta, la violencia institucional es propia del sistema para poder criminalizar a un sector, por ejemplo no es delito evadir impuestos pero si manifestarse, venimos sosteniendo que con este gobierno hay un aumento exponencial de criminalizar la protesta social, porque increment\u00f3 la represi\u00f3n directa por parte de las fuerzas de seguridad y las causas judiciales para intimidar\u201d.<\/em><\/p>\n<p><strong>Raquel Witi<\/strong> \u00a0la mam\u00e1 de Piti al tomar la palabra, como familiar de v\u00edctimas de gatillo f\u00e1cil \u00a0dijo<em>: \u201cCuando el Estado reprime, eso es un problema institucional, \u00a0el problema es cuando se fusila por la espalda, no se respetan los l\u00edmites que establece la ley en cuanto al uso de armas, y los actores judiciales est\u00e1n en cualquier cosa, no juzgan \u00a0la responsabilidad que tiene el Estado de cuidar a los ciudadanos en vez \u00a0de \u00a0asesinar\u201d.<\/em><\/p>\n<p><strong>Leo Grosso <\/strong>desde la organizaci\u00f3n de la Asamblea\u00a0por parte de CTEP dijo:\u00a0\u00a0<em>\u201c Hay una sensaci\u00f3n entre \u00a0los militantes \u00a0de DDHH que sabemos que contra la dictadura hubo algo ejemplificador,\u00a0 a pesar de avances y retrocesos se consiguieron logros a trav\u00e9s \u00a0del avance del campo popular, \u00a0hay una agenda construida con consenso en la ciudadan\u00eda,\u00a0 y es en el di\u00e1logo de la organizaci\u00f3n popular con las nuevas agendas, como \u00a0antes en econom\u00eda popular \u00a0los que protestaban eran piqueteros, \u00a0no trabajadores de la econom\u00eda popular, \u00a0llegando hoy \u00a0a construir un gremio para esos trabajadores, una realidad concreta con un nuevo sujeto social.<\/em><\/p>\n<p><img loading=\"lazy\" decoding=\"async\" class=\"alignnone wp-image-7037 size-medium\" src=\"http:\/\/fmriachuelo.com.ar\/wp-content\/uploads\/2018\/05\/WhatsApp-Image-2018-05-08-at-18.11.57-300x200.jpeg\" alt=\"\" width=\"300\" height=\"200\" srcset=\"http:\/\/fmriachuelo.it10.com.ar\/wp-content\/uploads\/2018\/05\/WhatsApp-Image-2018-05-08-at-18.11.57-300x200.jpeg 300w, http:\/\/fmriachuelo.it10.com.ar\/wp-content\/uploads\/2018\/05\/WhatsApp-Image-2018-05-08-at-18.11.57-1024x683.jpeg 1024w, http:\/\/fmriachuelo.it10.com.ar\/wp-content\/uploads\/2018\/05\/WhatsApp-Image-2018-05-08-at-18.11.57-768x512.jpeg 768w, http:\/\/fmriachuelo.it10.com.ar\/wp-content\/uploads\/2018\/05\/WhatsApp-Image-2018-05-08-at-18.11.57-750x500.jpeg 750w, http:\/\/fmriachuelo.it10.com.ar\/wp-content\/uploads\/2018\/05\/WhatsApp-Image-2018-05-08-at-18.11.57-1140x760.jpeg 1140w, http:\/\/fmriachuelo.it10.com.ar\/wp-content\/uploads\/2018\/05\/WhatsApp-Image-2018-05-08-at-18.11.57.jpeg 1152w\" sizes=\"auto, (max-width: 300px) 100vw, 300px\" \/><\/p>\n<p><em>En la pelea por los DDHH existe una lucha similar, un avance\u00a0 en la consolidaci\u00f3n de las fuerzas populares alrededor de la pol\u00edtica de DDHH, tambi\u00e9n alrededor de la violencia institucional, \u00a0es necesario construir una agenda que articule esas experiencias entre familiares de v\u00edctimas, \u00a0organizaciones tradicionales de DDHH y las organizaciones populares\u00a0 y as\u00ed conseguir un avance en las demandas del ahora para todxs, \u00a0que tenga que ver con lo que sucede hoy , desde la demanda feminista , la protesta social, hasta las respuestas anti represivas que deben ser parte del debate de las organizaciones populares\u201d.<\/em><\/p>\n<p><strong><em>HAY UNA DEUDA DE LA DEMOCRACIA NO RESUELTA CONTRA LA VIOLENCIA INSTITUCIONAL CONTRA LA CUAL LAS ORGANIZACIONES POPULARES VAN A LUCHAR.<\/em><\/strong><\/p>\n<p>Escuch\u00e1 los testimonios completos<br \/>\nhttps:\/\/soundcloud.com\/prensa-fm-riachuelo\/sets\/asamblea-ddhh-en-ctep-por-el-dia-de-la-lucha-contra-la-violencia-institucional<\/p>\n","protected":false},"excerpt":{"rendered":"<p>[FM RIACHUELO 09\/05\/2018] En el d\u00eda de ayer se realiz\u00f3 en la sede de la Confederaci\u00f3n de los Trabajadores de la Econom\u00eda Popular \u00a0una Asamblea Abierta , \u00a0\u00a0convocada por la CTEP y la Campa\u00f1a Nacional contra la Violencia institucional, \u00a0para reflexionar sobre la violencia ejercida sobre los sectores populares, bajo las consignas de \u201cSer Pobre, [&hellip;]<\/p>\n","protected":false},"author":5,"featured_media":7034,"comment_status":"open","ping_status":"open","sticky":false,"template":"","format":"standard","meta":{"_monsterinsights_skip_tracking":false,"_monsterinsights_sitenote_active":false,"_monsterinsights_sitenote_note":"","_monsterinsights_sitenote_category":0,"jnews-multi-image_gallery":[],"jnews_single_post":[],"jnews_primary_category":[],"_joinchat":[],"footnotes":""},"categories":[80,79,76,77],"tags":[],"class_list":["post-7033","post","type-post","status-publish","format-standard","has-post-thumbnail","hentry","category-educacion","category-nadie-se-salva-solo","category-salud-comunitaria","category-soberania"],"_links":{"self":[{"href":"http:\/\/fmriachuelo.it10.com.ar\/index.php\/wp-json\/wp\/v2\/posts\/7033","targetHints":{"allow":["GET"]}}],"collection":[{"href":"http:\/\/fmriachuelo.it10.com.ar\/index.php\/wp-json\/wp\/v2\/posts"}],"about":[{"href":"http:\/\/fmriachuelo.it10.com.ar\/index.php\/wp-json\/wp\/v2\/types\/post"}],"author":[{"embeddable":true,"href":"http:\/\/fmriachuelo.it10.com.ar\/index.php\/wp-json\/wp\/v2\/users\/5"}],"replies":[{"embeddable":true,"href":"http:\/\/fmriachuelo.it10.com.ar\/index.php\/wp-json\/wp\/v2\/comments?post=7033"}],"version-history":[{"count":0,"href":"http:\/\/fmriachuelo.it10.com.ar\/index.php\/wp-json\/wp\/v2\/posts\/7033\/revisions"}],"wp:featuredmedia":[{"embeddable":true,"href":"http:\/\/fmriachuelo.it10.com.ar\/index.php\/wp-json\/wp\/v2\/media\/7034"}],"wp:attachment":[{"href":"http:\/\/fmriachuelo.it10.com.ar\/index.php\/wp-json\/wp\/v2\/media?parent=7033"}],"wp:term":[{"taxonomy":"category","embeddable":true,"href":"http:\/\/fmriachuelo.it10.com.ar\/index.php\/wp-json\/wp\/v2\/categories?post=7033"},{"taxonomy":"post_tag","embeddable":true,"href":"http:\/\/fmriachuelo.it10.com.ar\/index.php\/wp-json\/wp\/v2\/tags?post=7033"}],"curies":[{"name":"wp","href":"https:\/\/api.w.org\/{rel}","templated":true}]}}