{"id":6998,"date":"2018-05-08T14:34:03","date_gmt":"2018-05-08T14:34:03","guid":{"rendered":"http:\/\/fmriachuelo.com.ar\/?p=6998"},"modified":"2018-05-08T14:34:03","modified_gmt":"2018-05-08T14:34:03","slug":"edesur-corto-el-aire-de-fm-88-3-radio-sur","status":"publish","type":"post","link":"http:\/\/fmriachuelo.it10.com.ar\/index.php\/2018\/05\/08\/edesur-corto-el-aire-de-fm-88-3-radio-sur\/","title":{"rendered":"EDESUR CORT\u00d3 EL AIRE DE FM 88.3 RADIO SUR"},"content":{"rendered":"<p><b>\u00a0[Fm Riachuelo, 08\/05\/2018]\u00a0 \u00a0 Ayer el programa Romp\u00e9 el Cerco Informativo se comunic\u00f3 con Fernando\u00a0 Tocco \u00a0de Radio Sur,\u00a0 quien cont\u00f3 como \u00a0a trav\u00e9s de pr\u00e1cticas usureras y arbitrarias \u00a0por \u00a0un corte de luz, \u00a0la empresa Edesur \u00a0atent\u00f3 contra la libertad de expresi\u00f3n y el acceso al agua \u00a0de todo un barrio, derecho esencial\u00a0para la vida, reconocido internacionalmente.<\/b><\/p>\n<p>En un comunicado emitido por Radio Sur, el pasado 4 de mayo denunciaron p\u00fablicamente que la medida adoptada por Edesur fue un ataque directo a la libertad de expresi\u00f3n, y al acceso a un bien esencial como el agua. La empresa privada, impidi\u00f3 que una radio comunitaria pueda seguir emitiendo su programaci\u00f3n como lo viene haciendo desde los \u00faltimos 10 a\u00f1os, y restringi\u00f3 el derecho de m\u00e1s de 300 familias al agua potable y al saneamiento, condici\u00f3n reconocida por la ONU como esencial para la realizaci\u00f3n de todos los derechos humanos<em>.<\/em><\/p>\n<p>RCI se comunic\u00f3 con Fernando Tocco integrante de Radio Sur, \u00a0quien nos cont\u00f3 como sigue la situaci\u00f3n: \u00a0\u00a0<em>\u201cA\u00fan no hemos podido salir al aire, salvo por un streaming de emergencia, ya que \u00a0desde el viernes 4 de mayo, mientras el programa \u00abInsurgentes\u00bb sal\u00eda al aire como cada ma\u00f1ana, Radio Sur FM 88.3 se qued\u00f3 sin transmisi\u00f3n por un corte repentino de energ\u00eda. La primer acci\u00f3n que tom\u00f3 \u00a0el equipo fue constatar que el resto del barrio (un complejo de 326 viviendas construidas por el Movimiento Territorial Liberaci\u00f3n en Parque Patricios, y del que Radio Sur forma parte) ten\u00eda luz, con lo cual se realiz\u00f3 el reclamo correspondiente a la empresa responsable\u201d.<\/em><\/p>\n<p><img loading=\"lazy\" decoding=\"async\" class=\"size-full wp-image-7001 alignleft\" src=\"http:\/\/fmriachuelo.com.ar\/wp-content\/uploads\/2018\/05\/descarga.jpg\" alt=\"\" width=\"300\" height=\"168\" \/><\/p>\n<p>Luego continu\u00f3 diciendo<em>: \u00a0\u00a0\u201dEsto \u00a0nos dej\u00f3 todo el fin de semana sin transmisi\u00f3n, \u00a0que es romper el sentido de lo que es una radio. \u00a0Cuando vimos el tablero nos dimos cuenta que se hab\u00edan quitado los fusibles por los cuales la propia empresa permite el ingreso de la corriente a nuestros tableros\u201d.<\/em><\/p>\n<p>Despu\u00e9s de reiteradas gestiones con el sector de atenci\u00f3n comercial de Edesur ese mismo viernes , que solo \u00a0dilataba su respuesta, \u00a0se les inform\u00f3 que se deber\u00eda esperar la llegada de una cuadrilla t\u00e9cnica que nunca lleg\u00f3 para finalmente, pasadas las 20 hs, admitir que el corte de energ\u00eda hab\u00eda sido realizado por ellos.<\/p>\n<p>Edesur tiene pleno conocimiento de que el tablero el\u00e9ctrico al que le quitaron los fusibles, sin previo aviso, es el que alimenta a la radio y a la bomba que suministra agua a esas mismas familias.<\/p>\n<p>La empresa reconoc\u00eda abiertamente que hab\u00eda interrumpido la se\u00f1al de una radio comunitaria y, adem\u00e1s, cortado el suministro de agua a m\u00e1s de 300 familias por un supuesto incumplimiento de pago. \u00a0\u00a0En este sentido nos dijo Fernando<em>: \u201dEsto es mentira ya que es una deuda vieja que se viene refinanciando desde hace a\u00f1os, \u00a0as\u00ed \u00a0a trav\u00e9s de ese argumento mentiroso encubri\u00f3 su pol\u00edtica de exclusi\u00f3n y \u00a0extorsi\u00f3n que lleva adelante a trav\u00e9s \u00a0del sistema tarifario, \u00a0y a la falta de discriminaci\u00f3n en el cobro de la energ\u00eda que se deber\u00eda hacer con los m\u00e1s vulnerables\u201d<\/em><\/p>\n<p>Por ello nos coment\u00f3 que: \u201c<em>Es importante \u00a0recordar que\u00a0 las familias afectadas representan al sector m\u00e1s vulnerable del mundo laboral -sub ocupados, ultra precarizados, a trav\u00e9s de contratos basura en empresas de limpieza, vendedores ambulantes, etc.-, que hoy encuentran coartados sus derechos esenciales.\u201d<\/em><\/p>\n<p>Es a trav\u00e9s de los medios comunitarios, \u00a0que se puede\u00a0 escuchar la voz de los sectores populares, \u00a0y denunciar as\u00ed \u00a0la precarizaci\u00f3n de las condiciones de vida y los abusos a los que son sometidos lxs trabajadorxs,\u00a0 por empresas como Edesur,\u00a0 algo que no sucede en los medios que responden a intereses comerciales o gubernamentales, ya\u00a0 que son c\u00f3mplices de silenciar la presi\u00f3n econ\u00f3mica ejercida desde arriba.<\/p>\n<p>Al cierre de a nota Fernando de Radio sur expres\u00f3<em>: <strong>\u201cCon ese mismo compromiso \u00a0de comunicaci\u00f3n popular, seguimos adelante, construyendo solidaria y colectivamente otra comunicaci\u00f3n para otra sociedad<\/strong><\/em><strong>.\u201d<\/strong><\/p>\n<p>Escucha la entrevista completa<br \/>\n<a href=\"https:\/\/radiocut.fm\/audiocut\/radio-sur-edesur-corto-el-aire-comunicacion-telefonica-con-fernando-tocco-integrante-de-la-radio\/#f=radio&amp;l=popular\">https:\/\/radiocut.fm\/audiocut\/radio-sur-edesur-corto-el-aire-comunicacion-telefonica-con-fernando-tocco-integrante-de-la-radio\/#f=radio&amp;l=popular<\/a><\/p>\n","protected":false},"excerpt":{"rendered":"<p>\u00a0[Fm Riachuelo, 08\/05\/2018]\u00a0 \u00a0 Ayer el programa Romp\u00e9 el Cerco Informativo se comunic\u00f3 con Fernando\u00a0 Tocco \u00a0de Radio Sur,\u00a0 quien cont\u00f3 como \u00a0a trav\u00e9s de pr\u00e1cticas usureras y arbitrarias \u00a0por \u00a0un corte de luz, \u00a0la empresa Edesur \u00a0atent\u00f3 contra la libertad de expresi\u00f3n y el acceso al agua \u00a0de todo un barrio, derecho esencial\u00a0para la [&hellip;]<\/p>\n","protected":false},"author":5,"featured_media":6999,"comment_status":"open","ping_status":"open","sticky":false,"template":"","format":"standard","meta":{"_monsterinsights_skip_tracking":false,"_monsterinsights_sitenote_active":false,"_monsterinsights_sitenote_note":"","_monsterinsights_sitenote_category":0,"jnews-multi-image_gallery":[],"jnews_single_post":[],"jnews_primary_category":[],"_joinchat":[],"footnotes":""},"categories":[78,109,76,74,75],"tags":[],"class_list":["post-6998","post","type-post","status-publish","format-standard","has-post-thumbnail","hentry","category-economia-popular","category-salud","category-salud-comunitaria","category-san-cayetano","category-trabajo"],"_links":{"self":[{"href":"http:\/\/fmriachuelo.it10.com.ar\/index.php\/wp-json\/wp\/v2\/posts\/6998","targetHints":{"allow":["GET"]}}],"collection":[{"href":"http:\/\/fmriachuelo.it10.com.ar\/index.php\/wp-json\/wp\/v2\/posts"}],"about":[{"href":"http:\/\/fmriachuelo.it10.com.ar\/index.php\/wp-json\/wp\/v2\/types\/post"}],"author":[{"embeddable":true,"href":"http:\/\/fmriachuelo.it10.com.ar\/index.php\/wp-json\/wp\/v2\/users\/5"}],"replies":[{"embeddable":true,"href":"http:\/\/fmriachuelo.it10.com.ar\/index.php\/wp-json\/wp\/v2\/comments?post=6998"}],"version-history":[{"count":0,"href":"http:\/\/fmriachuelo.it10.com.ar\/index.php\/wp-json\/wp\/v2\/posts\/6998\/revisions"}],"wp:featuredmedia":[{"embeddable":true,"href":"http:\/\/fmriachuelo.it10.com.ar\/index.php\/wp-json\/wp\/v2\/media\/6999"}],"wp:attachment":[{"href":"http:\/\/fmriachuelo.it10.com.ar\/index.php\/wp-json\/wp\/v2\/media?parent=6998"}],"wp:term":[{"taxonomy":"category","embeddable":true,"href":"http:\/\/fmriachuelo.it10.com.ar\/index.php\/wp-json\/wp\/v2\/categories?post=6998"},{"taxonomy":"post_tag","embeddable":true,"href":"http:\/\/fmriachuelo.it10.com.ar\/index.php\/wp-json\/wp\/v2\/tags?post=6998"}],"curies":[{"name":"wp","href":"https:\/\/api.w.org\/{rel}","templated":true}]}}