{"id":6981,"date":"2018-05-07T17:30:14","date_gmt":"2018-05-07T17:30:14","guid":{"rendered":"http:\/\/fmriachuelo.com.ar\/?p=6981"},"modified":"2018-05-07T17:30:14","modified_gmt":"2018-05-07T17:30:14","slug":"daniel-otero-el-sistema-es-muy-perverso-y-tiene-siglos-de-experiencia-ejerciendo-esa-perversion","status":"publish","type":"post","link":"http:\/\/fmriachuelo.it10.com.ar\/index.php\/2018\/05\/07\/daniel-otero-el-sistema-es-muy-perverso-y-tiene-siglos-de-experiencia-ejerciendo-esa-perversion\/","title":{"rendered":"DANIEL OTERO: \u201cEL SISTEMA ES MUY PERVERSO, Y TIENE SIGLOS DE EXPERIENCIA EJERCIENDO ESA PERVERSI\u00d3N\u201d"},"content":{"rendered":"<p><strong>[Entrevistas Riachuelo 07\/05\/2018] En Cazadores de Zonceras nos visit\u00f3 Daniel Otero, es periodista, investigador, productor y guionista. Hace una semana present\u00f3 en la Feria del Libro, \u00abCr\u00f3nicas de Posguerra\u00bb, donde narra la vida secreta\u00a0 de quienes\u00a0 \u00abHicieron el Trabajo Sucio\u00bb.\u00a0 Por un lado, nos comparti\u00f3 como fue el proceso de investigaci\u00f3n de las 4 historias relatadas y por otro lado, reflexiona sobre el sistema pol\u00edtico, social actual comparando con las historias de su libro.<\/strong><\/p>\n<p><strong>\u00a0<\/strong><\/p>\n<p><strong>_ Cazadores de Zonceras: \u00bfContanos c\u00f3mo surge esta investigaci\u00f3n y c\u00f3mo se te ocurre relatar esas historias?<\/strong><\/p>\n<p><strong>_ Daniel Otero:\u00a0<\/strong><em>Las historias aparecieron de la nada, yo nunca me propuse contarlas, porque nunca hab\u00eda tomado conciencia de que exist\u00eda un Estado de \u00a0post guerra o dictadura que perdurara\u00a0 en el tiempo; que afecta a gente , que camina por donde nosotros caminamos, o que s\u00e9 est\u00e1 sentada en el colectivo e ignoramos de modo absoluto. Como v\u00edctima, como victimario, como testigo. Y esta situaci\u00f3n la provoca el sistema, el sistema es muy perverso y tiene siglos ejerciendo esa perversi\u00f3n. Y cuando digo el <strong>sistema<\/strong>,\u00a0 es el mecanismo que dej\u00f3 a la gente del SENASA sin trabajo, y deja a la poblaci\u00f3n sin control alimentario, eso es el sistema. <\/em><\/p>\n<p><em>Entonces, el mecanismo encontr\u00f3 la forma de perpetuarse a s\u00ed mismo. Utilizando las mismas v\u00edctimas como victimarios. Es decir, los trabajadores que son despedidos hoy en el SENASA, seguramente est\u00e1n siendo monitoreados, vigilados, hackeados sus tel\u00e9fonos, por trabajadores de una empresa de seguridad que cobran un salario que lo necesitan. Porque con eso le dan de comer a sus hijos. Esta es la perversi\u00f3n del sistema, \u00a0porque qui\u00e9n lo hace es un laburante tambi\u00e9n. <\/em><\/p>\n<p><em>De modo directo cuando hay una manifestaci\u00f3n con represi\u00f3n policial en la calle, trabajadores contra trabajadores, o por lo menos gente de los mismos sectores sociales, enfrentadas con\u00a0 escudos de por medio. Tambi\u00e9n se da de modo mucho m\u00e1s sutil. Y s\u00e9 que a los l\u00edderes los est\u00e1n investigando, les est\u00e1n haciendo inteligencia. Y qui\u00e9n lo hace, es\u00a0 un laburante tambi\u00e9n. De eso, habla este libro, de \u00a0las personas an\u00f3nimas, que forman parte, de los mecanismos de exterminio masivo tal vez. Por ejemplo, son Presidente de una Sociedad de Fomento,\u00a0 como es en una localidad de\u00a0 Lan\u00fas. Entonces estamos hablando en este libro de estas historias, y de c\u00f3mo no nos damos cuenta. Porque, hoy sigue sucediendo exactamente lo mismo, y s\u00ed este gobierno necesita pasar a un Estado de represi\u00f3n m\u00e1s dura, porque hoy existe la represi\u00f3n blanda, que es hacer inteligencia, seguimiento, entrarte al tel\u00e9fono. \u00a0\u00a0Si fuera necesario pasar a una etapa m\u00e1s dura,\u00a0 ya tienen las armas, ya tienen el entrenamiento para poder hacerlo. \u00a0Entonces lo que digo es, si se sabe y si hay elementos para entender que as\u00ed funciona el sistema, como es que los sectores populares no previenen el da\u00f1o que ya se sabe, que van a sufrir. Esa es la intenci\u00f3n del libro.<\/em><\/p>\n<p><strong>_ CZ: \u00bfC\u00f3mo\u00a0 te\u00a0 fuiste encontrando con\u00a0 las historias? \u00bfLos personajes saben que existe el libro?<\/strong><\/p>\n<p><strong>_ DO: <\/strong><em>Creo que hubo situaciones con el azar, otras con la suerte, con la casualidad y otras con la magia. Si, los personajes saben, por supuesto. Es un libro que inicie hace muchos a\u00f1os, algunos de los personajes en el trayecto murieron. Es un trabajo de 15 a\u00f1os,\u00a0 el tiempo construy\u00f3 las historias. <\/em><\/p>\n<p><em>Por ejemplo, la historia del represor Presidente de la Sociedad de Fomento que est\u00e1 en Lan\u00fas. Yo lo conoc\u00ed en el a\u00f1o 2004, la historia tuvo en principio una orientaci\u00f3n,\u00a0 en su momento sus declaraciones fueron muy fuertes. Tan fuertes que, esa primera etapa, hice un documental que se emiti\u00f3 por el programa Punto Doc., \u00a0y lo presente en la Secretaria de DDHH\u00a0 de la Naci\u00f3n. <\/em><em>La cuesti\u00f3n es que a m\u00ed,\u00a0 no me convenci\u00f3 lo que me cont\u00f3 este tipo. Porque \u00e9l era el\u00a0 bueno, el que quer\u00eda denunciar a su jefe. \u00c9l dec\u00eda que si ten\u00eda que ir a la c\u00e1rcel iba a la c\u00e1rcel. <\/em><\/p>\n<p><em>\u00a0Entonces, si no estaba de acuerdo con lo que suced\u00eda en un centro clandestino de detenci\u00f3n,\u00a0 del cu\u00e1l era \u00a0carcelero, entre otras cosas,\u00a0 donde se torturaba, se asesinaba, \u00bfqu\u00e9 hac\u00eda ah\u00ed? \u00c9l dec\u00eda,\u00a0 \u201cbueno pero\u00a0 por lo menos pod\u00eda ayudar a los presos, darles de comer y conversar con ellos\u201d.<\/em><em>Pero, \u00a0despu\u00e9s de mucho tiempo, me doy cuenta que el tipo era el engranaje, de lo que se llamaba la \u00abestrategia represiva\u00bb. El tipo de la sociedad de fomento era un\u201d polic\u00eda\u00a0 bueno\u201d, era el que llev\u00e1ndoles un plato de comida, conversando a la noche, les iba sacando informaci\u00f3n a los detenidos. <\/em><\/p>\n<p><em>Durante 10 a\u00f1os le saque informaci\u00f3n a este tipo, pero luego de esos a\u00f1os me llega un correo de una mujer que resulta ser la hija de este tipo.\u00a0 Lo que me ella cont\u00f3 es su vida en un centro clandestino de detenci\u00f3n,\u00a0 siendo sometida como prisionera a toda clases de abusos, pero por su propio padre. \u00a0\u00a0Qu\u00e9 es el hombre que actualmente, <strong>en este momento es Presidente de la Sociedad de Fomento \u00a0en Lan\u00fas<\/strong>.\u00a0<\/em><\/p>\n<p>Entonces, este\u00a0 gobierno que aplica este tipo de pol\u00edticas econ\u00f3micas y sociales, lo primero que hace antes de acceder al poder es saquear el lenguaje. Es lo primero que saquean, por ejemplo, otros gobiernos \u00a0que aplicaron la misma pol\u00edtica econ\u00f3mica, como\u00a0 \u00ab<strong>La Revoluci\u00f3n Libertadora<\/strong>; libertadora para fusilar opositores; <strong>el Proceso de Reorganizaci\u00f3n Nacional<\/strong>; reorganizaron el pa\u00eds en zonas y sub-zonas para exterminar a la poblaci\u00f3n. En la actualidad\u00a0 el Ministro \u00a0Aranguren llego a decir, que aumentan las tarifas para que haya menos pobres, entre otras tantas cosas, esto es un saqueo del lenguaje.<\/p>\n<p>Esto es lo que tiene que entender la poblaci\u00f3n, como le mienten, como los enga\u00f1an. Que no pueden creer en estas cosas. \u00a1Que \u00a0te aumenten la energ\u00eda a un valor que no podes pagar, para que sean menos pobres!.\u00a0 <strong>A la gente le pido que se haga respetar, nada m\u00e1s.<\/strong><\/p>\n<p><a href=\"https:\/\/radiocut.fm\/audiocut\/daniel-otero\/#f=show&amp;l=recent\">ENTREVISTA COMPLETA<\/a><\/p>\n","protected":false},"excerpt":{"rendered":"<p>[Entrevistas Riachuelo 07\/05\/2018] En Cazadores de Zonceras nos visit\u00f3 Daniel Otero, es periodista, investigador, productor y guionista. Hace una semana present\u00f3 en la Feria del Libro, \u00abCr\u00f3nicas de Posguerra\u00bb, donde narra la vida secreta\u00a0 de quienes\u00a0 \u00abHicieron el Trabajo Sucio\u00bb.\u00a0 Por un lado, nos comparti\u00f3 como fue el proceso de investigaci\u00f3n de las 4 historias [&hellip;]<\/p>\n","protected":false},"author":5,"featured_media":6997,"comment_status":"open","ping_status":"open","sticky":false,"template":"","format":"standard","meta":{"_monsterinsights_skip_tracking":false,"_monsterinsights_sitenote_active":false,"_monsterinsights_sitenote_note":"","_monsterinsights_sitenote_category":0,"jnews-multi-image_gallery":[],"jnews_single_post":[],"jnews_primary_category":[],"_joinchat":[],"footnotes":""},"categories":[80,76,77],"tags":[],"class_list":["post-6981","post","type-post","status-publish","format-standard","has-post-thumbnail","hentry","category-educacion","category-salud-comunitaria","category-soberania"],"_links":{"self":[{"href":"http:\/\/fmriachuelo.it10.com.ar\/index.php\/wp-json\/wp\/v2\/posts\/6981","targetHints":{"allow":["GET"]}}],"collection":[{"href":"http:\/\/fmriachuelo.it10.com.ar\/index.php\/wp-json\/wp\/v2\/posts"}],"about":[{"href":"http:\/\/fmriachuelo.it10.com.ar\/index.php\/wp-json\/wp\/v2\/types\/post"}],"author":[{"embeddable":true,"href":"http:\/\/fmriachuelo.it10.com.ar\/index.php\/wp-json\/wp\/v2\/users\/5"}],"replies":[{"embeddable":true,"href":"http:\/\/fmriachuelo.it10.com.ar\/index.php\/wp-json\/wp\/v2\/comments?post=6981"}],"version-history":[{"count":0,"href":"http:\/\/fmriachuelo.it10.com.ar\/index.php\/wp-json\/wp\/v2\/posts\/6981\/revisions"}],"wp:featuredmedia":[{"embeddable":true,"href":"http:\/\/fmriachuelo.it10.com.ar\/index.php\/wp-json\/wp\/v2\/media\/6997"}],"wp:attachment":[{"href":"http:\/\/fmriachuelo.it10.com.ar\/index.php\/wp-json\/wp\/v2\/media?parent=6981"}],"wp:term":[{"taxonomy":"category","embeddable":true,"href":"http:\/\/fmriachuelo.it10.com.ar\/index.php\/wp-json\/wp\/v2\/categories?post=6981"},{"taxonomy":"post_tag","embeddable":true,"href":"http:\/\/fmriachuelo.it10.com.ar\/index.php\/wp-json\/wp\/v2\/tags?post=6981"}],"curies":[{"name":"wp","href":"https:\/\/api.w.org\/{rel}","templated":true}]}}