{"id":6904,"date":"2018-04-26T17:17:40","date_gmt":"2018-04-26T17:17:40","guid":{"rendered":"http:\/\/fmriachuelo.com.ar\/?p=6904"},"modified":"2018-04-26T17:17:40","modified_gmt":"2018-04-26T17:17:40","slug":"juicio-oral-por-marcelo-montenegro-declaro-el-testigo-clave","status":"publish","type":"post","link":"http:\/\/fmriachuelo.it10.com.ar\/index.php\/2018\/04\/26\/juicio-oral-por-marcelo-montenegro-declaro-el-testigo-clave\/","title":{"rendered":"Juicio oral por Marcelo Montenegro: declar\u00f3 el testigo clave"},"content":{"rendered":"<p><strong>[Por Colectivo de Medios de Comunicaci\u00f3n Popular* 26\/04\/2018]\u00a0La sexta audiencia del juicio oral por el asesinato de Marcelo Montenegro sucedi\u00f3 con el testimonio m\u00e1s importante y crucial, el de quien no s\u00f3lo fue testigo del crimen sino que adem\u00e1s est\u00e1 preso por un delito que no cometi\u00f3: lo juzgaron por intento de robo con portaci\u00f3n de armas en un juicio abreviado y est\u00e1 preso hace cuatro a\u00f1os. Ayer mi\u00e9rcoles 25 de abril fue la primera vez que Alejandro Maturano tuvo la posibilidad de contar su versi\u00f3n. <\/strong><\/p>\n<p>Los nervios aumentaron cuando entr\u00f3 a la sala del TOC 30 el \u00fanico testigo presencial de los hechos que declarar\u00e1 en el juicio. Esposado, con la campera negra y el jean llenos de tierra, mir\u00f3 a cada uno de los que lo miraron. S\u00f3lo se dio tiempo para detenerse ante los ojos de Rosa, la madre de \u201cPela\u201d Montengro, para decirle \u00abbuen d\u00eda\u00bb. Luis Mar\u00eda Rizzi, presidente del Tribunal, permiti\u00f3 que Maturano hable poco y nada. \u201cNo hay r\u00e9plicas ac\u00e1\u201d, cuestion\u00f3 a Gabriela Carpineti, abogada de la querella. Y a la fiscal, como si el magistrado tuviera algo mejor que hacer, le indic\u00f3: \u201cNo terminamos m\u00e1s si siguen haciendo preguntas\u201d. Ma\u00f1ana viernes 27 de abril a las 9.30 la querella presentar\u00e1 su alegato, instancia en la que van a discutir la calificaci\u00f3n y trabajar\u00e1n sobre toda la prueba expuesta en este juicio para indicar la responsabilidad y culpabilidad penal de los polic\u00edas Ezequiel Alejandro D\u00edaz, Alan Nicol\u00e1s Medina y Diego Marcelo Calder\u00f3n. El martes 8 de mayo, D\u00eda Nacional de Lucha contra la Violencia Institucional, la fiscal\u00eda y la defensa presentar\u00e1n sus alegatos.<\/p>\n<p><strong>El ataque policial<\/strong><br \/>\n\u201cMe contaba de su familia y yo de la m\u00eda, habl\u00e1bamos de eso en el auto. Despu\u00e9s no tuvimos di\u00e1logo, sino desesperaci\u00f3n y adrenalina por la persecuci\u00f3n. Le dije a Montenegro que levante las ventanillas, porque yo rob\u00e9 muchas veces y si sub\u00eds las ventanas es porque no vas a hacer nada. Pasando la plaza de Piedrabuena (y Zaraza) siento el proyectil y que empiezan a disparar\u201d, sostuvo Maturano. El m\u00f3vil policial donde iban los oficiales de la Polic\u00eda Metropolitana Ezequiel Alejandro D\u00edaz, Alan Nicol\u00e1s Medina y Diego Marcelo Calder\u00f3n no estaba pegado al Twingo que manejaba Maturano. Primero indic\u00f3 que lo separaba una distancia de por lo menos 50 metros. Despu\u00e9s se levant\u00f3 para precisar en un mapa d\u00f3nde \u00e9l registr\u00f3 que los polic\u00edas empezaron a disparar. Camin\u00f3 con los brazos pegados al torso y las manos hacia atr\u00e1s, un gesto inconsciente de costumbre a las esposas; su cuerpo est\u00e1 adoctrinado por la prisi\u00f3n. Lo trajeron desde una penitenciar\u00eda en Santa Fe donde cumple condena. \u201cEmpiezan a tirar sin raz\u00f3n. Nosotros no ten\u00edamos nada, ni armas ni cuchillos. Le digo que levant\u00e9 la ventanilla para que la Polic\u00eda no piense que \u00edbamos a tirar con algo. El impacto le dio por la espalda desde el asiento, no pudo hacer nada&#8230; queda tendido hacia a la derecha con la cabeza para abajo. No dijo nada, no hab\u00eda posibilidad de salvar su vida. Pierdo el equilibrio del auto porque me desespero con los disparos, empezamos a girar y cuando chocamos pierdo el conocimiento. Era la primera vez que est\u00e1bamos con Montenegro en una situaci\u00f3n as\u00ed\u201d, detall\u00f3. Despu\u00e9s de estrellarse Alejandro se desmay\u00f3 y despert\u00f3 en el hospital esposado de pies y manos. Pregunta por su amigo, \u00bfqu\u00e9 pas\u00f3 con Marcelo? \u201cQu\u00e9date callado, quieto ah\u00ed, negro\u201d. Repite que est\u00e1 preocupado, que quiere saber. \u201cTu compa\u00f1ero falleci\u00f3, est\u00e1s hasta las manos\u201d.<\/p>\n<p><strong>Sin lugar para demasiadas preguntas<\/strong><br \/>\nMaturano es el joven que conduc\u00eda el auto en el que viajaba Montenegro, v\u00edctima de la balacera policial. Su testimonio pod\u00eda dar respuesta a precisiones tales como de qu\u00e9 manera sucedieron los hechos el 7 de julio de 2012, cu\u00e1l fue el recorrido realizado por el auto donde muri\u00f3 Montenegro, qui\u00e9n manejaba el veh\u00edculo y hacia d\u00f3nde se dirig\u00edan. El Tribunal solicit\u00f3 previamente las preguntas de las partes y por unanimidad no dieron a lugar a esas preguntas de la fiscal\u00eda y la querella porque Maturano ya fue condenado. \u201cLas preguntas que no nos permiti\u00f3 hacer el Tribunal tienen que ver justamente con reorientar al \u00fanico testigo que hace cuatro a\u00f1os est\u00e1 preso y nunca fue escuchado por la justicia argentina respecto de este hecho, porque firm\u00f3 un juicio abreviado que oportunamente ser\u00e1 cuestionado en su legalidad. Al ser nuestro \u00fanico testigo presencial nosotros le damos mucho valor a que pudiese recordar y as\u00ed facilitar el relato de los hechos. El Tribunal tuvo una actitud bastante agresiva que gener\u00f3 un clima tenso, pero por suerte el testigo ten\u00eda muchas ganas de contar lo sucedido y de manera ver\u00eddica relat\u00f3 todo a la perfecci\u00f3n\u201d. Gabriela Carpineti, abogada querellante, adem\u00e1s recalc\u00f3 que Maturano habl\u00f3 claro y concreto, que se manifest\u00f3 y declar\u00f3 sobre lo m\u00e1s importante: que estaban desarmados y en absoluto estado de indefensi\u00f3n contra la persecuci\u00f3n policial.<br \/>\nRosa Montenegro sali\u00f3 conmocionada. No solo es la primera vez que tiene que afrontar un juicio, sino que a esta audiencia se present\u00f3 un testigo que dijo las cosas como ella siempre supo que sucedieron. Escuch\u00f3 lo que le pas\u00f3 a su hijo y entendi\u00f3 que no tuvo la posibilidad de defenderse. \u201cSupuestamente tienen un c\u00f3digo, que le dijo a mi hijo que levante la ventana porque se ve que \u00e9l ya hab\u00eda robado, mi hijo levant\u00f3 para que no disparen y ellos igual dispararon. Por eso m\u00e1s me confirma lo que yo ven\u00eda diciendo, que mi hijo no ten\u00eda arma, ese chico tampoco y ahora est\u00e1 preso, condenado\u201d. Insiste en la falta de testigos que cuenten lo que vieron: una se\u00f1ora y otros vecinos, testigos presenciales, tienen miedo a la polic\u00eda, por eso ped\u00edan por Maturano. \u00c9l estaba cuando pas\u00f3 y aclar\u00f3 lo que los dem\u00e1s le dicen a Rosa pero no se animan a declarar. \u201cEl juez se tiene que poner en el lugar de una madre y de una familia, no fue como ellos dec\u00edan. Ahora que lo escuch\u00e9 a este pibito yo pido que lo cuiden, es lo que m\u00e1s pido porque \u00e9l est\u00e1 ah\u00ed adentro y si yo afuera tuve llamados y cosas, qu\u00e9 puedo esperar que le pase al pibito que est\u00e1 ah\u00ed ,condenado en este caso por algo que no hizo. \u00c9l estaba muy seguro de lo que dec\u00eda, quer\u00eda hablar m\u00e1s y decir m\u00e1s cosas pero no lo dejaron. Ahora m\u00e1s que nunca pido que se haga justicia\u201d.<\/p>\n<p><strong>*FM La Caterva, FM Riachuelo, Radio Gr\u00e1fica, La Retaguardia, Agencia Paco Urondo, Sur Capitalino<\/strong><\/p>\n","protected":false},"excerpt":{"rendered":"<p>[Por Colectivo de Medios de Comunicaci\u00f3n Popular* 26\/04\/2018]\u00a0La sexta audiencia del juicio oral por el asesinato de Marcelo Montenegro sucedi\u00f3 con el testimonio m\u00e1s importante y crucial, el de quien no s\u00f3lo fue testigo del crimen sino que adem\u00e1s est\u00e1 preso por un delito que no cometi\u00f3: lo juzgaron por intento de robo con portaci\u00f3n [&hellip;]<\/p>\n","protected":false},"author":5,"featured_media":6907,"comment_status":"open","ping_status":"open","sticky":false,"template":"","format":"standard","meta":{"_monsterinsights_skip_tracking":false,"_monsterinsights_sitenote_active":false,"_monsterinsights_sitenote_note":"","_monsterinsights_sitenote_category":0,"jnews-multi-image_gallery":[],"jnews_single_post":[],"jnews_primary_category":[],"_joinchat":[],"footnotes":""},"categories":[80,79,76],"tags":[],"class_list":["post-6904","post","type-post","status-publish","format-standard","has-post-thumbnail","hentry","category-educacion","category-nadie-se-salva-solo","category-salud-comunitaria"],"_links":{"self":[{"href":"http:\/\/fmriachuelo.it10.com.ar\/index.php\/wp-json\/wp\/v2\/posts\/6904","targetHints":{"allow":["GET"]}}],"collection":[{"href":"http:\/\/fmriachuelo.it10.com.ar\/index.php\/wp-json\/wp\/v2\/posts"}],"about":[{"href":"http:\/\/fmriachuelo.it10.com.ar\/index.php\/wp-json\/wp\/v2\/types\/post"}],"author":[{"embeddable":true,"href":"http:\/\/fmriachuelo.it10.com.ar\/index.php\/wp-json\/wp\/v2\/users\/5"}],"replies":[{"embeddable":true,"href":"http:\/\/fmriachuelo.it10.com.ar\/index.php\/wp-json\/wp\/v2\/comments?post=6904"}],"version-history":[{"count":0,"href":"http:\/\/fmriachuelo.it10.com.ar\/index.php\/wp-json\/wp\/v2\/posts\/6904\/revisions"}],"wp:featuredmedia":[{"embeddable":true,"href":"http:\/\/fmriachuelo.it10.com.ar\/index.php\/wp-json\/wp\/v2\/media\/6907"}],"wp:attachment":[{"href":"http:\/\/fmriachuelo.it10.com.ar\/index.php\/wp-json\/wp\/v2\/media?parent=6904"}],"wp:term":[{"taxonomy":"category","embeddable":true,"href":"http:\/\/fmriachuelo.it10.com.ar\/index.php\/wp-json\/wp\/v2\/categories?post=6904"},{"taxonomy":"post_tag","embeddable":true,"href":"http:\/\/fmriachuelo.it10.com.ar\/index.php\/wp-json\/wp\/v2\/tags?post=6904"}],"curies":[{"name":"wp","href":"https:\/\/api.w.org\/{rel}","templated":true}]}}