{"id":6888,"date":"2018-05-02T12:53:50","date_gmt":"2018-05-02T12:53:50","guid":{"rendered":"http:\/\/fmriachuelo.com.ar\/?p=6888"},"modified":"2018-05-02T12:53:50","modified_gmt":"2018-05-02T12:53:50","slug":"lo-que-hicimos-en-el-puente-es-poner-en-juego-eso-que-tenemos-construido","status":"publish","type":"post","link":"http:\/\/fmriachuelo.it10.com.ar\/index.php\/2018\/05\/02\/lo-que-hicimos-en-el-puente-es-poner-en-juego-eso-que-tenemos-construido\/","title":{"rendered":"\u201dLO QUE HICIMOS EN EL PUENTE ES PONER EN JUEGO, ESO QUE TENEMOS CONSTRUIDO\u00bb"},"content":{"rendered":"<p><strong>[Entrevistas Riachuelo 02\/05\/2018]\u00a0 El pasado 29 de abril\u00a0 \u201c<em>Cazadores de Zonceras<\/em>\u201d recibi\u00f3 en el piso de FM Riachuelo, a Marina Joski, del Movimiento Popular la Dignidad, \u00a0encargada de la Central de Emergencias Villera y \u00a0Alejandro Lucero, referente de la Casa Popular El Patio, junto a Hector Carrica Secretario general de DDHH de Ate Salud, quien se sum\u00f3 posteriormente a la entrevista v\u00eda telef\u00f3nica. En el di\u00e1logo compartieron su mirada sobre \u00a0SALUD \u00a0POPULAR COMUNITARIA.<\/strong><\/p>\n<p><strong>Tomaron como disparador durante la conversaci\u00f3n\u00a0 el \u00a0episodio ocurrido el pasado mi\u00e9rcoles en la marcha convocada por los \u00a0Trabajadores de la Econom\u00eda Popular. En el cual en medio de la movilizaci\u00f3n (desde la Estaci\u00f3n Dar\u00edo y Maxi hasta el Obelisco), una ambulancia de la Central de Emergencias Villera, asiste a un oficial de Infanter\u00eda atropellado por un auto, \u00a0que se encontraba en el operativo \u00a0de seguridad. En este contexto se reflexion\u00f3 sobre el \u00a0compromiso y el \u00a0trabajo que llevan adelante las organizaciones sociales.<\/strong><\/p>\n<p><strong>\u00a0\u00a0\u00a0\u00a0\u00a0\u00a0\u00a0\u00a0\u00a0\u00a0\u00a0\u00a0\u00a0\u00a0\u00a0\u00a0\u00a0\u00a0\u00a0\u00a0\u00a0\u00a0\u00a0\u00a0\u00a0\u00a0\u00a0\u00a0\u00a0\u00a0\u00a0\u00a0\u00a0\u00a0\u00a0\u00a0\u00a0\u00a0\u00a0\u00a0\u00a0\u00a0\u00a0\u00a0\u00a0\u00a0\u00a0\u00a0\u00a0\u00a0\u00a0\u00a0\u00a0\u00a0\u00a0\u00a0\u00a0\u00a0\u00a0\u00a0\u00a0\u00a0\u00a0\u00a0\u00a0\u00a0\u00a0\u00a0\u00a0\u00a0\u00a0\u00a0\u00a0\u00a0\u00a0\u00a0\u00a0\u00a0\u00a0\u00a0\u00a0\u00a0\u00a0\u00a0\u00a0\u00a0\u00a0 <\/strong><\/p>\n<p><strong>_ CAZADORES DE ZONCERAS: <\/strong>\u00bfMARINA C\u00d3MO SE DA EL EPISODIO OCURRIDO EN EL PUENTE PUEYRRED\u00d3N?<\/p>\n<p><strong>MARINA JOSKI: <\/strong><em>Fueron m\u00e1s de 80 cuadras que caminamos, arriba del Puente estaba muy duro, ya hab\u00edamos realizado 4 traslados al Hospital Argerich. <strong>Y se dio una situaci\u00f3n at\u00edpica, en un contexto que no fue represivo, si bien era represiva la intenci\u00f3n, claramente el \u201csoldadito\u201d iba a reprimirnos<\/strong>. El oficial fue atropellado por un auto, \u00a0ten\u00eda \u00a0algunas contusiones y algunas fracturas en las costillas. Nos llamaron, \u00a0fuimos, pero no sab\u00edamos con qu\u00e9 nos \u00edbamos a encontrar. Encontramos un polic\u00eda vestido de \u201cRoboCop\u201d, al cual no pod\u00edamos subir a una camilla convencional, porque no entraba, tuvimos que ponerlo en una tabla espinal. Cuando nos preguntaron a donde lo \u00edbamos a trasladar le dijimos que quer\u00edamos que interviniera el\u00a0 SAME, pero el SAME nunca llego al punto pautado, porque siempre llega tarde. As\u00ed que decidimos trasladarlo al Hospital Argerich.<\/em><\/p>\n<p><a href=\"https:\/\/www.facebook.com\/fmriachuelo\/videos\/1732648043457070\/?hc_ref=ARTt9EAnQ9BQPTGLZ2V3CcbHPFtRFISFMTgV18VYGAz-9YbyqIlvL-YpanmSHLm_Kts&amp;fref=nf\" target=\"_blank\" rel=\"noopener\">V\u00cdDEO DURANTE EL TRASLADO DEL OFICIAL<\/a><\/p>\n<p><strong>_ CZ: <\/strong>\u00bfY CU\u00c1L ES TU REFLEXI\u00d3N A PARTIR DE ESTE HECHO?<\/p>\n<p><strong><em>_ MJ:<\/em><\/strong><em> La verdad que este evento se replic\u00f3 en varios lugares y dentro del \u00e1mbito militante genero diferentes posturas de lo que cada uno hubiera hecho. Tenemos claro conocimiento que a los 5 minutos de llevar al \u00a0oficial, \u00a0trabaron el paso a mis compa\u00f1eros que marchaban hacia la 9 de julio. \u00a0Por otro lado, sabemos que a nuestras ambulancias las para la polic\u00eda por no tener el carnet de privado. Nuestros compa\u00f1eros y compa\u00f1eras \u00a0son apaleados, nuestros compa\u00f1eros son los muertos. <\/em><strong><em>El tema es que nosotros, no somos lo mismo. Sabemos que es una persona funcional al sistema que tienen. <\/em><\/strong><em>Y la diferencia \u00a0est\u00e1 en nosotros y nosotras. Por eso cuando fuimos a asistir al oficial \u00a0no vimos \u00a0el uniforme, vimos un paciente que necesitaba. Ni buscando nada, ni perdonando nada. Porque no hay olvido ni perd\u00f3n, en ninguno de los criterios, porque sabemos bien qui\u00e9n es. <\/em><\/p>\n<p><em>La vedad que nosotros tenemos una herramienta que sirve. En general cuando se habla de salud popular \u00a0comunitaria se piensa que somos promotores comunitarios mediocres. Y la verdad es, que tenemos un servicio y una estructura de excelencia. <strong>Lo que hicimos en el Puente es poner en juego, eso que tenemos construido y \u00a0que no es para nosotros solos, as\u00ed como habla el capitalismo. Lo que nosotros construimos es para todos. <\/strong><\/em><\/p>\n<p><strong>_ CZ: <\/strong>\u00bfC\u00d3MO CONCIBEN A LA SALUD DESDE LA ECONOM\u00cdA POPULAR?<\/p>\n<p><strong>Alejandro Lucero: <\/strong><em>Nos han metido en la cabeza que uno es estrictamente un paciente, y como paciente lo \u00fanico que puede hacer es esperar a ser atendido, o a no estar enfermo. Como explicaba Marina, si algo hemos aprendido en el campo de la necesidad extrema es que tenemos que empezar a construir nosotros y cuando digo nosotros me refiero al barrio, a los compa\u00f1eros. En\u00a0 La Casa Popular el Patio, cuando empezamos consideramos trabajar \u00a0con dos ejes: uno recuperar la prevenci\u00f3n como eje central de la salud y dos, \u00a0considerar que prevenci\u00f3n es tambi\u00e9n tener una vivienda digna, agua potable, tener cloacas. <\/em><\/p>\n<p><em>En el barrio de la \u00a0Boca hay una gran \u00a0cantidad de plomo en el agua, y eso se previene con higiene; potabilizando el agua; poniendo algun filtro. Son medidas que resultan m\u00e1s econ\u00f3micas que todo lo que hay que hacer despu\u00e9s para salvarle la vida\u00a0 a la gente. En esto coincido, que no es solamente una cuesti\u00f3n de mercado, sino una decisi\u00f3n pol\u00edtica de sacarse de encima a una parte de la poblaci\u00f3n, hay un ensa\u00f1amiento con un sector social, que sobramos para un proyecto que solo piensa en llevarse la ganancia de la tierra. <\/em>Las organizaciones sociales construyen proximidad y protagonismo lo que hace que dejemos de concebirnos como pacientes. El ejemplo de la Corriente Villera Independiente es muy claro al respecto.<\/p>\n<p><strong>_ CZ: <\/strong>\u00bfENTONCES POR LO QUE ME CUENTAN USTEDES LOS QUE MILITAMOS POR UNA VIVIENDA DIGNA, LOS QUE HACEMOS \u00a0COMUNICACI\u00d3N, LOS QUE BRINDAMOS APOYO ESCOLAR, ESTAMOS CONSTRUYENDO SALUD?<\/p>\n<p><strong><em>_ MJ: <\/em><\/strong><em>Claramente estamos construyendo salud. El tema es, \u00a0construimos salud si somos conscientes que \u00a0estamos construyendo. Si construimos solo educaci\u00f3n, o \u00a0solo un taller cultural o un espacio comunicacional, no construimos salud. Si sabemos que lo estamos construyendo, si construimos. \u00a0<\/em><\/p>\n<p><strong>Se sum\u00f3\u00a0 a la entrevista H\u00e9ctor Carrica, Secretario General de DDHH de ATE Salud, que aport\u00f3 su reflexi\u00f3n \u00a0\u00a0sobre el estado actual\u00a0 del sistema de salud p\u00fablico. <\/strong><\/p>\n<p><strong>\u00a0_CZ: <\/strong>\u00bf COMO VES LA SITUACI\u00d3N ACTUAL DEL SISTEMA DE SALUD P\u00daBLICA?<\/p>\n<p><strong>_ H\u00e9ctor Carrica: <\/strong><em>Est\u00e1n destruyendo<\/em> <em>las funciones de un Estado inclusivo, lo m\u00e1s serio y grave que est\u00e1n haciendo es recortes presupuestarios en Programas de salud comunitaria. Inclusive est\u00e1n desmantelando \u00e1reas vitales que tienen que ver con la salud, como es el SENASA, que realizan los controles de los alimentos. <\/em><\/p>\n<p><em>En el Ministerio de Salud es un desastre lo que est\u00e1n haciendo. La situaci\u00f3n en los hospitales p\u00fablicos es deplorable, los centros sanitarios est\u00e1n siendo muy atacados<\/em><strong>, <\/strong><em>los m\u00e9dicos tienen problemas con el pago de sus salarios. Y ante esto lo que cabe es la organizaci\u00f3n popular para buscar formas de resistencias, de articulaci\u00f3n de las luchas en los esfuerzos comunitarios. Nosotros <strong>estamos planteando ver la posibilidad de un movimiento de salud nacional, teniendo como eje al destinatario de la salud, el sujeto de \u00a0transformaci\u00f3n de la realidad sanitaria tiene que ser el pueblo, las organizaciones sociales y las organizaciones populares. <\/strong><\/em><\/p>\n<p><strong>_ CZ: <\/strong>\u00bfQU\u00c9 BALANCE HACES DE C\u00d3MO EST\u00c1 INSTALADO EL TEMA DE\u00a0 LA SALUD? \u00bfEXISTE UN ESPACIO PARA ORGANIZAR OTRA FORMA DE ENCARAR LA SALUD?<\/p>\n<p><strong>_ HC: <\/strong><em>Nosotros desde que asumi\u00f3 Macri estamos dando una batalla contra los despidos, porque lo primero que quer\u00edan era convertir al Ministerio en lugar normativo, eso lo logramos frenar con mucha lucha. Naturalmente buscamos el respaldo con los compa\u00f1eros del territorio. Inclusive nuestro gremio en este momento est\u00e1 en trabajo conjunto con la CTEP, con las organizaciones sociales. \u00a0El 1\u00ba DE Mayo vamos a marchar juntos, estamos en un trabajo organizativo. El desaf\u00edo es enorme, muy grande esperemos estar codo con codo luchando. <\/em><\/p>\n<p><strong>_ CZ: <\/strong>\u00bfEN QU\u00c9 CONDICIONES HACEN EL TRABAJO LOS COMPA\u00d1ERXS DE LA SALUD POPULAR COMUNITARIA?<\/p>\n<p><strong><em>MJ: <\/em><\/strong><em>Para nosotros la Central de Emergencia Villera, las Promotoras Comunitarias en \u00a0Salud, el Cuerpo de Rescate Comunitario, todos los Centros de Salud \u00a0que hemos construido, lo consideramos parte de la salud publica popular y comunitaria. No pensamos que sea \u00fanicamente un espacio comunitario, porque disminuye la capacidad de poder. <strong>Nosotros no disputamos la salud p\u00fablica, disputamos la teor\u00eda y la pr\u00e1ctica de la salud en la construcci\u00f3n y eso nos trasforma.<\/strong> Nuestro rol como trabajadores, \u00a0no es como trabajadores estatales, sino como trabajadores de la econom\u00eda popular. Por lo que, nos cuesta el triple gestionar cualquier servicio, porque nosotros trabajamos en nuestra formaci\u00f3n, en repensar la tarea, el marco te\u00f3rico, m\u00e1s conseguir recursos. \u00a0<\/em><\/p>\n<p><strong>_ AL: <\/strong><em>No se puede plantear el modelo de salud popular sin interrogar el modelo de salud hegem\u00f3nico. Que es lo que plantea Carrica, lo que pasa en las instituciones p\u00fablicas y en los hospitales, mas all\u00e1 de la voluntad de quien ejerce la funci\u00f3n, en ese caso de un prestador de salud, \u00a0est\u00e1 atravesado con una concepci\u00f3n de vida, de pr\u00e1ctica, que es tratar al paciente como objeto. Entonces esto tiene que ver tambi\u00e9n con la concepci\u00f3n del trabajo, con \u00a0la palabra comunitaria, que parecer\u00eda que est\u00e1 construido \u00a0en paralelo a lo que el Estado debiera ser y no es.\u00a0 <strong>Tenemos un Estado que no es popular y necesitamos transformar algo de las estructuras legales de este pa\u00eds para empezar realmente a sentir que un Estado, decididamente tenga la funci\u00f3n de favorecer\u00a0 a la comunidad. <\/strong><\/em><\/p>\n<p><strong>_ MJ:<\/strong><em> Tenemos un obst\u00e1culo central con respecto a la salud, de porque es tan diferente la comunidad educativa compar\u00e1ndola con la salud. Porque hist\u00f3ricamente la educaci\u00f3n nace de un contrato pedag\u00f3gico, existe una funci\u00f3n pol\u00edtico, social.\u00a0 En cambio el hospital y la salud no tiene ese contrato, el contrato de ultima es \u00e9l que sabe y \u00e9l que no sabe, \u00a0\u00e9l que cura y \u00e9l \u00a0que enferma. <strong>Entonces si nosotros no empezamos a pensar que construir \u00a0la salud \u00a0es enfrentarnos a un conflicto, jam\u00e1s vamos a superar esa oposici\u00f3n, porque no existe un contrato sanitario previo.<\/strong> <\/em><\/p>\n","protected":false},"excerpt":{"rendered":"<p>[Entrevistas Riachuelo 02\/05\/2018]\u00a0 El pasado 29 de abril\u00a0 \u201cCazadores de Zonceras\u201d recibi\u00f3 en el piso de FM Riachuelo, a Marina Joski, del Movimiento Popular la Dignidad, \u00a0encargada de la Central de Emergencias Villera y \u00a0Alejandro Lucero, referente de la Casa Popular El Patio, junto a Hector Carrica Secretario general de DDHH de Ate Salud, quien [&hellip;]<\/p>\n","protected":false},"author":5,"featured_media":6894,"comment_status":"open","ping_status":"open","sticky":false,"template":"","format":"standard","meta":{"_monsterinsights_skip_tracking":false,"_monsterinsights_sitenote_active":false,"_monsterinsights_sitenote_note":"","_monsterinsights_sitenote_category":0,"jnews-multi-image_gallery":[],"jnews_single_post":[],"jnews_primary_category":[],"_joinchat":[],"footnotes":""},"categories":[79,76,77],"tags":[],"class_list":["post-6888","post","type-post","status-publish","format-standard","has-post-thumbnail","hentry","category-nadie-se-salva-solo","category-salud-comunitaria","category-soberania"],"_links":{"self":[{"href":"http:\/\/fmriachuelo.it10.com.ar\/index.php\/wp-json\/wp\/v2\/posts\/6888","targetHints":{"allow":["GET"]}}],"collection":[{"href":"http:\/\/fmriachuelo.it10.com.ar\/index.php\/wp-json\/wp\/v2\/posts"}],"about":[{"href":"http:\/\/fmriachuelo.it10.com.ar\/index.php\/wp-json\/wp\/v2\/types\/post"}],"author":[{"embeddable":true,"href":"http:\/\/fmriachuelo.it10.com.ar\/index.php\/wp-json\/wp\/v2\/users\/5"}],"replies":[{"embeddable":true,"href":"http:\/\/fmriachuelo.it10.com.ar\/index.php\/wp-json\/wp\/v2\/comments?post=6888"}],"version-history":[{"count":0,"href":"http:\/\/fmriachuelo.it10.com.ar\/index.php\/wp-json\/wp\/v2\/posts\/6888\/revisions"}],"wp:featuredmedia":[{"embeddable":true,"href":"http:\/\/fmriachuelo.it10.com.ar\/index.php\/wp-json\/wp\/v2\/media\/6894"}],"wp:attachment":[{"href":"http:\/\/fmriachuelo.it10.com.ar\/index.php\/wp-json\/wp\/v2\/media?parent=6888"}],"wp:term":[{"taxonomy":"category","embeddable":true,"href":"http:\/\/fmriachuelo.it10.com.ar\/index.php\/wp-json\/wp\/v2\/categories?post=6888"},{"taxonomy":"post_tag","embeddable":true,"href":"http:\/\/fmriachuelo.it10.com.ar\/index.php\/wp-json\/wp\/v2\/tags?post=6888"}],"curies":[{"name":"wp","href":"https:\/\/api.w.org\/{rel}","templated":true}]}}