{"id":6884,"date":"2018-04-26T23:30:50","date_gmt":"2018-04-26T23:30:50","guid":{"rendered":"http:\/\/fmriachuelo.com.ar\/?p=6884"},"modified":"2018-04-26T23:30:50","modified_gmt":"2018-04-26T23:30:50","slug":"radio-abierta-frente-al-enacom-contra-el-cierre-de-fm-ocupas","status":"publish","type":"post","link":"http:\/\/fmriachuelo.it10.com.ar\/index.php\/2018\/04\/26\/radio-abierta-frente-al-enacom-contra-el-cierre-de-fm-ocupas\/","title":{"rendered":"RADIO ABIERTA FRENTE AL ENACOM CONTRA EL CIERRE DE FM OCUPAS"},"content":{"rendered":"<p><strong>[FM RIACHUELO 26-04-2018]\u00a0<\/strong><strong>Este mediod\u00eda los integrantes de FM Ocupas, junto a diversas organizaciones sociales, pol\u00edticas y sindicales, realizaron una radio abierta frente a la sede del ENACOM (Ente Nacional de Comunicaciones), para exigir la inmediata reapertura de la emisora comunitaria, arbitrariamente clausurada por el organismo.<\/strong><\/p>\n<p>La radio que trabaja con personas con discapacidad ya hab\u00eda sufrido una clausura previamente, cuando el ENACOM argumentando interferencias con la se\u00f1al de un aeropuerto cercano, decidi\u00f3 apagarla. Una vez resuelto el desperfecto t\u00e9cnico, se reanud\u00f3 la transmisi\u00f3n, pero por poco tiempo, ya que el ente regulador, volvi\u00f3 a cargar contra la emisora, esta vez con la excusa de que se trata de una radio ilegal.<\/p>\n<p>Pablo Antonini, el presidente del Foro Argentino de Radios Comunitarias (FARCO), denunci\u00f3 que las radios populares que muestran realidades invisibilizadas por parte del sistema de medios comerciales, \u00a0hoy corren riesgo de ser silenciadas: \u201cEs a trav\u00e9s de \u00e9stos micr\u00f3fonos en la calle que se albergan las voces de los que luchan, de los que piensan diferente, de los que perturban la implementaci\u00f3n de este modelo econ\u00f3mico\u201d.<\/p>\n<p>Antonini, afirm\u00f3 que \u201ctodo esto que para nosotros est\u00e1 muy cerca del incumplimiento de deberes del funcionario p\u00fablico, del abuso de poder, y que es la expresi\u00f3n m\u00e1s brutal de una pol\u00edtica m\u00e1s general y que se expresa de muchas maneras, es algo muy grave.\u201d El presidente de FARCO dijo que los funcionarios del ENACOM, \u201cvan a tener que tener la valent\u00eda de sentarse a charlar con nosotros\u201d y adelant\u00f3 que convocaron a Fm Ocupas el pr\u00f3ximo jueves a las 11 de la ma\u00f1ana a presentarse en la Comisi\u00f3n de Libertad de Expresi\u00f3n de la C\u00e1mara de Diputados.<\/p>\n<p>El reclamo de la radio comunitaria de esta manera, va a ser llevado al Congreso de la Naci\u00f3n, as\u00ed como ya fue presentado frente a Amnist\u00eda Internacional, y en \u00a0la Comisi\u00f3n Interamericana de Derechos Humanos. Al respecto, Pablo Antonini, asegur\u00f3 que la situaci\u00f3n que padece la emisora, y la total arbitrariedad de la medida tomada por el ENACOM, va a ser visibilizada \u201cen todos los estamentos nacionales, internacionales, y los que hagan falta hasta FM ocupas este sonando de vuelta.\u201d<\/p>\n<p>Para finalizar, en la actividad se expres\u00f3 la necesidad y voluntad de continuar con la lucha de los medios comunitarios hasta lograr la derogaci\u00f3n \u00a0de todas las normativas que permiten el cierre arbitrario de radios, por la legalizaci\u00f3n de todas las radios comunitarias empatronadas, por la implementaci\u00f3n del plan t\u00e9cnico y por el 33% del espectro para medios sin fines de lucro.<\/p>\n<p>Escucha este testimonio y otros en el siguiente enlace:<\/p>\n<p><a href=\"https:\/\/soundcloud.com\/prensa-fm-riachuelo\/sets\/radio-abierta-en-la-puerta-de-enacom-por-la-reapertura-de-fm-ocupas\">https:\/\/soundcloud.com\/prensa-fm-riachuelo\/sets\/radio-abierta-en-la-puerta-de-enacom-por-la-reapertura-de-fm-ocupas<\/a><\/p>\n","protected":false},"excerpt":{"rendered":"<p>[FM RIACHUELO 26-04-2018]\u00a0Este mediod\u00eda los integrantes de FM Ocupas, junto a diversas organizaciones sociales, pol\u00edticas y sindicales, realizaron una radio abierta frente a la sede del ENACOM (Ente Nacional de Comunicaciones), para exigir la inmediata reapertura de la emisora comunitaria, arbitrariamente clausurada por el organismo. La radio que trabaja con personas con discapacidad ya hab\u00eda [&hellip;]<\/p>\n","protected":false},"author":5,"featured_media":6885,"comment_status":"open","ping_status":"open","sticky":false,"template":"","format":"standard","meta":{"_monsterinsights_skip_tracking":false,"_monsterinsights_sitenote_active":false,"_monsterinsights_sitenote_note":"","_monsterinsights_sitenote_category":0,"jnews-multi-image_gallery":[],"jnews_single_post":[],"jnews_primary_category":[],"_joinchat":[],"footnotes":""},"categories":[78,76],"tags":[],"class_list":["post-6884","post","type-post","status-publish","format-standard","has-post-thumbnail","hentry","category-economia-popular","category-salud-comunitaria"],"_links":{"self":[{"href":"http:\/\/fmriachuelo.it10.com.ar\/index.php\/wp-json\/wp\/v2\/posts\/6884","targetHints":{"allow":["GET"]}}],"collection":[{"href":"http:\/\/fmriachuelo.it10.com.ar\/index.php\/wp-json\/wp\/v2\/posts"}],"about":[{"href":"http:\/\/fmriachuelo.it10.com.ar\/index.php\/wp-json\/wp\/v2\/types\/post"}],"author":[{"embeddable":true,"href":"http:\/\/fmriachuelo.it10.com.ar\/index.php\/wp-json\/wp\/v2\/users\/5"}],"replies":[{"embeddable":true,"href":"http:\/\/fmriachuelo.it10.com.ar\/index.php\/wp-json\/wp\/v2\/comments?post=6884"}],"version-history":[{"count":0,"href":"http:\/\/fmriachuelo.it10.com.ar\/index.php\/wp-json\/wp\/v2\/posts\/6884\/revisions"}],"wp:featuredmedia":[{"embeddable":true,"href":"http:\/\/fmriachuelo.it10.com.ar\/index.php\/wp-json\/wp\/v2\/media\/6885"}],"wp:attachment":[{"href":"http:\/\/fmriachuelo.it10.com.ar\/index.php\/wp-json\/wp\/v2\/media?parent=6884"}],"wp:term":[{"taxonomy":"category","embeddable":true,"href":"http:\/\/fmriachuelo.it10.com.ar\/index.php\/wp-json\/wp\/v2\/categories?post=6884"},{"taxonomy":"post_tag","embeddable":true,"href":"http:\/\/fmriachuelo.it10.com.ar\/index.php\/wp-json\/wp\/v2\/tags?post=6884"}],"curies":[{"name":"wp","href":"https:\/\/api.w.org\/{rel}","templated":true}]}}