{"id":6879,"date":"2018-04-25T23:38:45","date_gmt":"2018-04-25T23:38:45","guid":{"rendered":"http:\/\/fmriachuelo.com.ar\/?p=6879"},"modified":"2018-04-25T23:38:45","modified_gmt":"2018-04-25T23:38:45","slug":"movimientos-populares-marcharon-contra-el-hambre-los-tarifazos-y-por-trabajo","status":"publish","type":"post","link":"http:\/\/fmriachuelo.it10.com.ar\/index.php\/2018\/04\/25\/movimientos-populares-marcharon-contra-el-hambre-los-tarifazos-y-por-trabajo\/","title":{"rendered":"MOVIMIENTOS POPULARES MARCHARON CONTRA EL HAMBRE, LOS TARIFAZOS Y POR TRABAJO"},"content":{"rendered":"<p><strong>[FM RIACHUELO 25-04-2018] Esta ma\u00f1ana movimientos populares y organizaciones pol\u00edtica y sociales nucleadas en la Confederaci\u00f3n de Trabajadores de la Econom\u00eda Popular (CTEP) concentraron en la Estaci\u00f3n Dar\u00edo y Maxi de Avellaneda, para movilizar hacia el Obelisco, en pleno centro porte\u00f1o. La consigna fue <em>\u201ccontra el hambre, los tarifazos y por trabajo\u201d.<\/em><\/strong><\/p>\n<p>Desde Avellaneda marcharon cruzando el puente Pueyrred\u00f3n el\u00a0 Movimiento Popular La Dignidad (MPLD), La Uni\u00f3n de Trabajadores de La Tierra (UTT), Organizaci\u00f3n Social y Pol\u00edtica Los Pibes, El Frente Social Peronista, Organizaci\u00f3n 22 de Agosto, Organizaciones Libres del Pueblo (OLP), MTL Rebelde, Movimiento Teresa Rodr\u00edguez 12 de Abril (MTR), Organizaci\u00f3n Clasista y Revolucionaria (OCR) y Agrupaci\u00f3n de Frente (M\u00e1ximo Paz), \u00a0escoltados por la Prefectura Naval y la Polic\u00eda Federal, en un desmedido operativo con gran cantidad de efectivos, sobre todo ubicados en la bajada del puente, en el ingreso a la Avda. 9 de Julio.<\/p>\n<p>Federico Fagioli, referente del Movimiento Popular la Dignidad, denunci\u00f3 <strong><em>\u201cla situaci\u00f3n cada vez m\u00e1s cr\u00edtica en la provincia de Buenos Aires y en el pa\u00eds\u201d<\/em><\/strong> , llam\u00f3 a <strong><em>\u201cla organizaci\u00f3n, al sacrificio, a luchar por nuestros derechos\u201d<\/em><\/strong> y finaliz\u00f3: <strong><em>\u201deste plan de lucha comenz\u00f3 el mi\u00e9rcoles pasado, continu\u00f3 este mi\u00e9rcoles y va a seguir hasta que conquistemos todos nuestros derechos\u201d.<\/em><\/strong><\/p>\n<p>Luego de la extensa marcha, que se desarroll\u00f3 a lo largo de siete kil\u00f3metros, las y los trabajadores de la Econom\u00eda Popular, llegaron al Obelisco, donde se dio lectura a un documento consensuado,\u00a0 que tuvo como eje el derecho a la vivienda, la educaci\u00f3n, la salud y el trabajo, imprescindibles para una vida digna: <strong><em>\u201cestos derechos populares, en este sistema, se convierten cada vez m\u00e1s en mercanc\u00edas, en bienes de compra y venta, a los que acceden una minor\u00eda privilegiada\u201d.<\/em><\/strong><\/p>\n<p>En cuanto a la problem\u00e1tica habitacional se recalc\u00f3, el incumplimiento de las promesas por parte de la gesti\u00f3n de Cambiemos que <strong><em>\u201casumi\u00f3 el compromiso de generar un mill\u00f3n de viviendas durante los cuatro a\u00f1os de gobierno, y a la fecha lleva construidas cinco mil\u201d,<\/em><\/strong> propiciando la venta de tierras p\u00fablicas al sector privado y favoreciendo la especulaci\u00f3n inmobiliaria, vulnerando el derecho de acceso al h\u00e1bitat de los sectores populares.<\/p>\n<p>El documento tambi\u00e9n hizo referencia a \u00a0la lucha de los docentes por las paritarias, falta de escuelas y vacantes y cierre de Profesorados, la grave situaci\u00f3n que atraviesan las Cooperativas de Trabajo debido al tarifazo y\u00a0 los salarios a la baja, con la consecuente p\u00e9rdida del poder adquisitivo.<\/p>\n<p>Escucha loa testimonios:<\/p>\n<p><iframe loading=\"lazy\" title=\"25-04-2018 - DEL PUEYRRED\u00d3N AL OBELISCO - Contra el hambre, el tarifazo y el trabajo by FMR\" width=\"500\" height=\"450\" scrolling=\"no\" frameborder=\"no\" src=\"https:\/\/w.soundcloud.com\/player\/?visual=true&#038;url=https%3A%2F%2Fapi.soundcloud.com%2Fplaylists%2F507602262&#038;show_artwork=true&#038;maxheight=750&#038;maxwidth=500\"><\/iframe><\/p>\n","protected":false},"excerpt":{"rendered":"<p>[FM RIACHUELO 25-04-2018] Esta ma\u00f1ana movimientos populares y organizaciones pol\u00edtica y sociales nucleadas en la Confederaci\u00f3n de Trabajadores de la Econom\u00eda Popular (CTEP) concentraron en la Estaci\u00f3n Dar\u00edo y Maxi de Avellaneda, para movilizar hacia el Obelisco, en pleno centro porte\u00f1o. La consigna fue \u201ccontra el hambre, los tarifazos y por trabajo\u201d. Desde Avellaneda marcharon [&hellip;]<\/p>\n","protected":false},"author":5,"featured_media":6881,"comment_status":"open","ping_status":"open","sticky":false,"template":"","format":"standard","meta":{"_monsterinsights_skip_tracking":false,"_monsterinsights_sitenote_active":false,"_monsterinsights_sitenote_note":"","_monsterinsights_sitenote_category":0,"jnews-multi-image_gallery":[],"jnews_single_post":[],"jnews_primary_category":[],"_joinchat":[],"footnotes":""},"categories":[78,76],"tags":[],"class_list":["post-6879","post","type-post","status-publish","format-standard","has-post-thumbnail","hentry","category-economia-popular","category-salud-comunitaria"],"_links":{"self":[{"href":"http:\/\/fmriachuelo.it10.com.ar\/index.php\/wp-json\/wp\/v2\/posts\/6879","targetHints":{"allow":["GET"]}}],"collection":[{"href":"http:\/\/fmriachuelo.it10.com.ar\/index.php\/wp-json\/wp\/v2\/posts"}],"about":[{"href":"http:\/\/fmriachuelo.it10.com.ar\/index.php\/wp-json\/wp\/v2\/types\/post"}],"author":[{"embeddable":true,"href":"http:\/\/fmriachuelo.it10.com.ar\/index.php\/wp-json\/wp\/v2\/users\/5"}],"replies":[{"embeddable":true,"href":"http:\/\/fmriachuelo.it10.com.ar\/index.php\/wp-json\/wp\/v2\/comments?post=6879"}],"version-history":[{"count":0,"href":"http:\/\/fmriachuelo.it10.com.ar\/index.php\/wp-json\/wp\/v2\/posts\/6879\/revisions"}],"wp:featuredmedia":[{"embeddable":true,"href":"http:\/\/fmriachuelo.it10.com.ar\/index.php\/wp-json\/wp\/v2\/media\/6881"}],"wp:attachment":[{"href":"http:\/\/fmriachuelo.it10.com.ar\/index.php\/wp-json\/wp\/v2\/media?parent=6879"}],"wp:term":[{"taxonomy":"category","embeddable":true,"href":"http:\/\/fmriachuelo.it10.com.ar\/index.php\/wp-json\/wp\/v2\/categories?post=6879"},{"taxonomy":"post_tag","embeddable":true,"href":"http:\/\/fmriachuelo.it10.com.ar\/index.php\/wp-json\/wp\/v2\/tags?post=6879"}],"curies":[{"name":"wp","href":"https:\/\/api.w.org\/{rel}","templated":true}]}}