{"id":6875,"date":"2018-04-24T23:20:01","date_gmt":"2018-04-24T23:20:01","guid":{"rendered":"http:\/\/fmriachuelo.com.ar\/?p=6875"},"modified":"2018-04-24T23:20:01","modified_gmt":"2018-04-24T23:20:01","slug":"la-policia-reprimio-a-productores-de-la-utt","status":"publish","type":"post","link":"http:\/\/fmriachuelo.it10.com.ar\/index.php\/2018\/04\/24\/la-policia-reprimio-a-productores-de-la-utt\/","title":{"rendered":"LA POLIC\u00cdA REPRIMI\u00d3 A PRODUCTORES DE LA UTT"},"content":{"rendered":"<p><strong>[FM RIACHUELO 24-04-2018]\u00a0Esta tarde la Polic\u00eda Bonaerense golpe\u00f3 y detuvo a tres productores \u00a0de la Uni\u00f3n de Trabajadores de la Tierra (UTT), en el marco de un operativo de desalojo de un predio, ubicado entre las calles 52 y 203 de la localidad platense de Etcheverry.<\/strong><\/p>\n<p>Los productores se encontraban fuera del predio expresando la solidaridad con otros trabajadores que tomaban las tierras fiscales, y a la espera de dialogar con un delegado municipal. Sin embargo la Bonaerense sin exhibir ning\u00fan tipo de orden judicial comenz\u00f3 una represi\u00f3n violenta que deriv\u00f3 en la detenci\u00f3n de tres personas, entre ellas, una mujer embarazada. Javier Benitez, Elizabeth Aldapi y Emery Segovia\u00a0 fueron trasladados a la comisar\u00eda de Lisandro Olmos, luego de ser golpeados y recibir todo tipo de insultos racistas y xen\u00f3fobos.<\/p>\n<p>Fm Riachuelo dialog\u00f3 con Zulma, vocera de la UTT, quien explic\u00f3 que la intenci\u00f3n de los productores que se concentraron en el lugar era \u201ccomprar en cuotas las tierras fiscales que se encuentran en total abandono\u201d, pero \u201cde repente vinieron con sus armas a insultar y agredir, nosotros no est\u00e1bamos haciendo la toma, est\u00e1bamos en la calle. Los milicos le pegaron a las compa\u00f1eras, hay una mujer que est\u00e1 embarazada, a un compa\u00f1ero lo hicieron sangrar. Vamos a quedarnos toda la noche hasta que los suelten\u201d.<\/p>\n<p>Zulma denunci\u00f3 las irregularidades con la que la polic\u00eda actu\u00f3: \u201cNos insultaban dici\u00e9ndonos que nos volvamos a nuestro pa\u00eds, que somos negros de mierda, nos discriminaron y nos tocaban como si tuvi\u00e9ramos armas. Nosotros somos los productores de la tierra, producimos la verdura\u201d.<\/p>\n<p>Los trabajadores de la UTT se movilizaron hasta la sede policial en 44 entre 202 y 203 y realizan un corte parcial en repudio a la represi\u00f3n y en reclamo por la liberaci\u00f3n de los tres detenidos. Escucha la entrevista realizada en un chispazo informativo:<\/p>\n<p><a href=\"https:\/\/radiocut.fm\/audiocut\/chispazo-informativo-entrevista-a-zulma-vocera-utt\/#f=radio&amp;l=related\">https:\/\/radiocut.fm\/audiocut\/chispazo-informativo-entrevista-a-zulma-vocera-utt\/#f=radio&amp;l=related<\/a><\/p>\n","protected":false},"excerpt":{"rendered":"<p>[FM RIACHUELO 24-04-2018]\u00a0Esta tarde la Polic\u00eda Bonaerense golpe\u00f3 y detuvo a tres productores \u00a0de la Uni\u00f3n de Trabajadores de la Tierra (UTT), en el marco de un operativo de desalojo de un predio, ubicado entre las calles 52 y 203 de la localidad platense de Etcheverry. Los productores se encontraban fuera del predio expresando la [&hellip;]<\/p>\n","protected":false},"author":5,"featured_media":6876,"comment_status":"open","ping_status":"open","sticky":false,"template":"","format":"standard","meta":{"_monsterinsights_skip_tracking":false,"_monsterinsights_sitenote_active":false,"_monsterinsights_sitenote_note":"","_monsterinsights_sitenote_category":0,"jnews-multi-image_gallery":[],"jnews_single_post":[],"jnews_primary_category":[],"_joinchat":[],"footnotes":""},"categories":[76],"tags":[],"class_list":["post-6875","post","type-post","status-publish","format-standard","has-post-thumbnail","hentry","category-salud-comunitaria"],"_links":{"self":[{"href":"http:\/\/fmriachuelo.it10.com.ar\/index.php\/wp-json\/wp\/v2\/posts\/6875","targetHints":{"allow":["GET"]}}],"collection":[{"href":"http:\/\/fmriachuelo.it10.com.ar\/index.php\/wp-json\/wp\/v2\/posts"}],"about":[{"href":"http:\/\/fmriachuelo.it10.com.ar\/index.php\/wp-json\/wp\/v2\/types\/post"}],"author":[{"embeddable":true,"href":"http:\/\/fmriachuelo.it10.com.ar\/index.php\/wp-json\/wp\/v2\/users\/5"}],"replies":[{"embeddable":true,"href":"http:\/\/fmriachuelo.it10.com.ar\/index.php\/wp-json\/wp\/v2\/comments?post=6875"}],"version-history":[{"count":0,"href":"http:\/\/fmriachuelo.it10.com.ar\/index.php\/wp-json\/wp\/v2\/posts\/6875\/revisions"}],"wp:featuredmedia":[{"embeddable":true,"href":"http:\/\/fmriachuelo.it10.com.ar\/index.php\/wp-json\/wp\/v2\/media\/6876"}],"wp:attachment":[{"href":"http:\/\/fmriachuelo.it10.com.ar\/index.php\/wp-json\/wp\/v2\/media?parent=6875"}],"wp:term":[{"taxonomy":"category","embeddable":true,"href":"http:\/\/fmriachuelo.it10.com.ar\/index.php\/wp-json\/wp\/v2\/categories?post=6875"},{"taxonomy":"post_tag","embeddable":true,"href":"http:\/\/fmriachuelo.it10.com.ar\/index.php\/wp-json\/wp\/v2\/tags?post=6875"}],"curies":[{"name":"wp","href":"https:\/\/api.w.org\/{rel}","templated":true}]}}