{"id":6868,"date":"2018-04-24T15:48:48","date_gmt":"2018-04-24T15:48:48","guid":{"rendered":"http:\/\/fmriachuelo.com.ar\/?p=6868"},"modified":"2018-04-24T15:48:48","modified_gmt":"2018-04-24T15:48:48","slug":"buscan-amedrentar-perseguir-y-estigmatizar-a-lxs-luchadores-populares","status":"publish","type":"post","link":"http:\/\/fmriachuelo.it10.com.ar\/index.php\/2018\/04\/24\/buscan-amedrentar-perseguir-y-estigmatizar-a-lxs-luchadores-populares\/","title":{"rendered":"BUSCAN  AMEDRENTAR, PERSEGUIR Y ESTIGMATIZAR A LXS LUCHADORES POPULARES."},"content":{"rendered":"<p><strong>{FM Riachuelo, 24\/04\/2018} En conferencia de prensa para hacer una denuncia p\u00fablica, hoy martes 24 de abril en Caseros del Partido Tres de febrero, Provincia de Buenos Aires, \u00a0el Secretario General de Confederaci\u00f3n de los Trabajadores de la Econom\u00eda Popular Esteban \u201cGringo\u201d Castro y el Secretario de DDHH DE CTEP Lito Borello, se refirieron a\u00a0 la amenaza e intento de amedrentamiento que recibi\u00f3 uno de nuestros compa\u00f1eros, en medio de un clima de violencia represiva que se acrecienta<\/strong>.<\/p>\n<p><em>&#8211; \u00bfVos sos el que hace quilombo en la municipalidad? <\/em><\/p>\n<p><em>-Qu\u00e9?\u00a0 <\/em><\/p>\n<p><em>-\u00bf Si sos el que hace quilombo en la municipalidad?&#8230; Cuid\u00e1te, cuid\u00e1te que te puede pasar algo&#8230;\u00a0 \u00a0<\/em><\/p>\n<p>Con estas frases increparon a nuestro Delegado de CTEP y referente barrial del Movimiento Evita,\u00a0 Ra\u00fal Villalba cuando sal\u00eda de su casa a las 18:30 horas del s\u00e1bado 21 de abril, desde un auto Megane blanco dos hombres, en la localidad de Pablo Podest\u00e1.<\/p>\n<p>En la Conferencia tom\u00f3 la palaba Ra\u00fal \u201cChiche\u201d Villalba qui\u00e9n dijo: \u00a0\u201cAgradezco a todxs los compa\u00f1erxs del barrio \u00a0y las distintas organizaciones presentes,\u00a0 por este acompa\u00f1amiento, porque ellos quieren instalar el miedo, en aqu\u00e9l que trabaja de perder su trabajo, en aqu\u00e9l compa\u00f1ero \u00a0que tiene miedo\u00a0 por no poder darle de comer a su familia, \u00a0cuando vamos a entregar un petitorio nos rodean con efectivos armados, es decir que los que tienen miedo son ellos, a nuestra lucha a nuestros reclamos. \u00a0S\u00e9 que no estoy solo\u201d.<\/p>\n<p><img loading=\"lazy\" decoding=\"async\" class=\"aligncenter wp-image-6871 size-medium\" src=\"http:\/\/fmriachuelo.com.ar\/wp-content\/uploads\/2018\/04\/WhatsApp-Image-2018-04-24-at-10.38.55-300x169.jpeg\" alt=\"\" width=\"300\" height=\"169\" srcset=\"http:\/\/fmriachuelo.it10.com.ar\/wp-content\/uploads\/2018\/04\/WhatsApp-Image-2018-04-24-at-10.38.55-300x169.jpeg 300w, http:\/\/fmriachuelo.it10.com.ar\/wp-content\/uploads\/2018\/04\/WhatsApp-Image-2018-04-24-at-10.38.55-1024x576.jpeg 1024w, http:\/\/fmriachuelo.it10.com.ar\/wp-content\/uploads\/2018\/04\/WhatsApp-Image-2018-04-24-at-10.38.55-768x432.jpeg 768w, http:\/\/fmriachuelo.it10.com.ar\/wp-content\/uploads\/2018\/04\/WhatsApp-Image-2018-04-24-at-10.38.55-750x422.jpeg 750w, http:\/\/fmriachuelo.it10.com.ar\/wp-content\/uploads\/2018\/04\/WhatsApp-Image-2018-04-24-at-10.38.55-1140x641.jpeg 1140w, http:\/\/fmriachuelo.it10.com.ar\/wp-content\/uploads\/2018\/04\/WhatsApp-Image-2018-04-24-at-10.38.55.jpeg 1280w\" sizes=\"auto, (max-width: 300px) 100vw, 300px\" \/><\/p>\n<p>Estos hechos dan cuenta de c\u00f3mo se busca amedrentar, perseguir y estigmatizar a lxs luchadores populares. Dijo el Gringo Castro Secretario general de CTEP: \u00a0\u201cComo en Jujuy, no vamos a permitir que con miedo, amenazas e injurias acallen las voces y reclamos de los movimientos populares.\u201d<\/p>\n<p>Contin\u00faa diciendo: \u201cEs una estrategia de poder del capital financiero, sectores que son de nuestro pueblo son cooptados por ese sector, \u00e9ste gobierno es \u00e9se capital financiero desde el poder, \u00a0nos estamos enfrentando a eso, \u00a0localmente nos pasa \u00e9sto, pero nuestra estrategia es movilizarnos, respondemos con misas por la paz porque adem\u00e1s nos acusan de violentos, nosotros tenemos una estrategia por la paz como fruto de la justicia en lo social\u201d.<\/p>\n<p>Una referente del barrio dice: \u00a0\u201d Estamos siendo objeto de violencia permanente,\u00a0 no es la primera vez ni en el \u00fanico lugar donde quieren amedrentarnos,\u00a0 no s\u00f3lo en la Prov. de Bs As,\u00a0 sino en todos lados, estamos con la remera de CTEP\u00a0 haciendo limpieza en el barrio y nos para la polic\u00eda para pedirnos documentos. No van a lograr que dejemos de pelear por el trabajo y la dignidad que todxs nos merecemos\u201d<\/p>\n<p><img loading=\"lazy\" decoding=\"async\" class=\"aligncenter wp-image-6872 size-medium\" src=\"http:\/\/fmriachuelo.com.ar\/wp-content\/uploads\/2018\/04\/WhatsApp-Image-2018-04-24-at-10.44.20-300x169.jpeg\" alt=\"\" width=\"300\" height=\"169\" srcset=\"http:\/\/fmriachuelo.it10.com.ar\/wp-content\/uploads\/2018\/04\/WhatsApp-Image-2018-04-24-at-10.44.20-300x169.jpeg 300w, http:\/\/fmriachuelo.it10.com.ar\/wp-content\/uploads\/2018\/04\/WhatsApp-Image-2018-04-24-at-10.44.20-1024x576.jpeg 1024w, http:\/\/fmriachuelo.it10.com.ar\/wp-content\/uploads\/2018\/04\/WhatsApp-Image-2018-04-24-at-10.44.20-768x432.jpeg 768w, http:\/\/fmriachuelo.it10.com.ar\/wp-content\/uploads\/2018\/04\/WhatsApp-Image-2018-04-24-at-10.44.20-750x422.jpeg 750w, http:\/\/fmriachuelo.it10.com.ar\/wp-content\/uploads\/2018\/04\/WhatsApp-Image-2018-04-24-at-10.44.20.jpeg 1032w\" sizes=\"auto, (max-width: 300px) 100vw, 300px\" \/><\/p>\n<p>Luego Lito Borello Secretario de DDHH de CTEP se refiri\u00f3 a esta imposici\u00f3n del miedo que est\u00e1n instalando:\u00a0\u00a0 \u201dContextualizo esto \u00a0que sucede en el marco de las responsabilidades que tienen el Gobierno Municipal, Provincial y Nacional, estos hechos \u00a0no son \u00a0aislados, \u00a0es parte de una campa\u00f1a de construir miedo en las organizaciones populares. Desde la Secretar\u00eda de DDHH de CTEP venimos sosteniendo que estigmatizan la lucha construyen el miedo y como bien dicen los compa\u00f1erxs son ellos quienes nos tienen miedo . \u00a0Sostenemos que frente al proyecto de muerte,\u00a0 hambre y ajuste que nos quieren imponer tenemos el derecho a\u00a0 la protesta social, no hay manera de conquistar la paz sino concebimos la lucha, la paz que ellos nos prometen es la paz de los cementerios, nosotrxs estamos convencidos que queremos construir ese otro mundo posible, para eso \u00e9sta es la \u00fanica forma posible\u201d.<\/p>\n<p>Continu\u00f3 diciendo: \u201cSomos la punta de lanza de un pueblo que se est\u00e1 moviendo, celebremos con alegr\u00eda la lucha que en todo el pa\u00eds se vienen dando en cada f\u00e1brica recuperada, cada barrio, cada organizaci\u00f3n, cada cooperativa y \u00a0cada escuela. Fundamentalmente a la juventud le decimos \u00e9sta es la manera ahora para resistir,\u00a0 pero sirve para luego entrar en un tiempo emancipador de toda la Regi\u00f3n, nuestro compromiso es \u00a0ese. A seguir construyendo unidad y otro mundo posible. Fuerza compa\u00f1eros!!\u201d.<\/p>\n<p>Desde la CTEP manifestamos nuestro repudio a este tipo de accionar y responsabilizamos a las fuerzas de seguridad y la justicia locales por la salud y seguridad de nuestrxs compa\u00f1erxs y de cualquier militante social. Llamamos a la solidaridad de todas las organizaciones sociales, partidos pol\u00edticos y organizaciones sindicales.<\/p>\n<p><strong>BASTA DE PERSECUCI\u00d3N A LXS COMPA\u00d1ERXS QUE EJERCEN SU DERECHO A LA PROTESTA<\/strong><\/p>\n","protected":false},"excerpt":{"rendered":"<p>{FM Riachuelo, 24\/04\/2018} En conferencia de prensa para hacer una denuncia p\u00fablica, hoy martes 24 de abril en Caseros del Partido Tres de febrero, Provincia de Buenos Aires, \u00a0el Secretario General de Confederaci\u00f3n de los Trabajadores de la Econom\u00eda Popular Esteban \u201cGringo\u201d Castro y el Secretario de DDHH DE CTEP Lito Borello, se refirieron a\u00a0 [&hellip;]<\/p>\n","protected":false},"author":5,"featured_media":6869,"comment_status":"open","ping_status":"open","sticky":false,"template":"","format":"standard","meta":{"_monsterinsights_skip_tracking":false,"_monsterinsights_sitenote_active":false,"_monsterinsights_sitenote_note":"","_monsterinsights_sitenote_category":0,"jnews-multi-image_gallery":[],"jnews_single_post":[],"jnews_primary_category":[],"_joinchat":[],"footnotes":""},"categories":[79,76,74,75],"tags":[],"class_list":["post-6868","post","type-post","status-publish","format-standard","has-post-thumbnail","hentry","category-nadie-se-salva-solo","category-salud-comunitaria","category-san-cayetano","category-trabajo"],"_links":{"self":[{"href":"http:\/\/fmriachuelo.it10.com.ar\/index.php\/wp-json\/wp\/v2\/posts\/6868","targetHints":{"allow":["GET"]}}],"collection":[{"href":"http:\/\/fmriachuelo.it10.com.ar\/index.php\/wp-json\/wp\/v2\/posts"}],"about":[{"href":"http:\/\/fmriachuelo.it10.com.ar\/index.php\/wp-json\/wp\/v2\/types\/post"}],"author":[{"embeddable":true,"href":"http:\/\/fmriachuelo.it10.com.ar\/index.php\/wp-json\/wp\/v2\/users\/5"}],"replies":[{"embeddable":true,"href":"http:\/\/fmriachuelo.it10.com.ar\/index.php\/wp-json\/wp\/v2\/comments?post=6868"}],"version-history":[{"count":0,"href":"http:\/\/fmriachuelo.it10.com.ar\/index.php\/wp-json\/wp\/v2\/posts\/6868\/revisions"}],"wp:featuredmedia":[{"embeddable":true,"href":"http:\/\/fmriachuelo.it10.com.ar\/index.php\/wp-json\/wp\/v2\/media\/6869"}],"wp:attachment":[{"href":"http:\/\/fmriachuelo.it10.com.ar\/index.php\/wp-json\/wp\/v2\/media?parent=6868"}],"wp:term":[{"taxonomy":"category","embeddable":true,"href":"http:\/\/fmriachuelo.it10.com.ar\/index.php\/wp-json\/wp\/v2\/categories?post=6868"},{"taxonomy":"post_tag","embeddable":true,"href":"http:\/\/fmriachuelo.it10.com.ar\/index.php\/wp-json\/wp\/v2\/tags?post=6868"}],"curies":[{"name":"wp","href":"https:\/\/api.w.org\/{rel}","templated":true}]}}