{"id":6863,"date":"2018-04-23T22:53:07","date_gmt":"2018-04-23T22:53:07","guid":{"rendered":"http:\/\/fmriachuelo.com.ar\/?p=6863"},"modified":"2018-04-23T22:53:07","modified_gmt":"2018-04-23T22:53:07","slug":"la-lucha-paga-despues-de-8-dias-de-acampe-organizaciones-lograron-acuerdo-para-conseguir-infraestructura-electrica","status":"publish","type":"post","link":"http:\/\/fmriachuelo.it10.com.ar\/index.php\/2018\/04\/23\/la-lucha-paga-despues-de-8-dias-de-acampe-organizaciones-lograron-acuerdo-para-conseguir-infraestructura-electrica\/","title":{"rendered":"LA LUCHA PAGA: DESPU\u00c9S DE 8 D\u00cdAS DE ACAMPE ORGANIZACIONES LOGRARON ACUERDO PARA CONSEGUIR INFRAESTRUCTURA EL\u00c9CTRICA"},"content":{"rendered":"<p><strong>[FM RIACHUELO 23-04-2018 ]\u00a0La Corriente Villera Independiente y el MP La Dignidad acamparon en la puerta del Instituto de Vivienda de la Ciudad durante 8 d\u00edas luego de que una vecina de la villa 21-24 muriera electrocutada el 6 de abril pasado, como consecuencia de la falta de pol\u00edticas de urbanizaci\u00f3n en el barrio. Hoy, gracias a esa medida y al reclamo colectivo de vecinos y organizaciones sociales, en la Sala de Audiencias del Juzgado en lo Contencioso Administrativo N\u00ba 4 de la Ciudad, se desarroll\u00f3 la mesa de negociaci\u00f3n para conseguir obras de infraestructura el\u00e9ctrica para el barrio, y evitar otra muerte como la de la vecina y compa\u00f1era Gilda Ca\u00f1ete.<\/strong><\/p>\n<p>Fm Riachuelo entrevist\u00f3 al Secretario General de CTEP Capital, Rafael Klezjer, sobre lo acordado en la mesa de negociaci\u00f3n.<\/p>\n<p><strong>FMR:<\/strong> <strong>Gracias al acampe en el IVC lograron una \u201cmesa el\u00e9ctrica\u201d y hoy se llev\u00f3 a cabo la primera reuni\u00f3n, contanos que resolvieron.<\/strong><\/p>\n<p><strong>Rafael Klejzer:<\/strong> Esta reuni\u00f3n fue convocada por la justicia, a trav\u00e9s de la jueza Liberatori, que es una jueza del poder, no independiente. Pero frente a la lucha tuvo que convocar al ministerio de desarrollo social, a la UGI (Unidad de Gesti\u00f3n de Intervenci\u00f3n Social), al militante del PRO, Christian Heredia y varias defensor\u00edas. Hace dos a\u00f1o que est\u00e1 en segunda instancia el caso. En la primera instancia, hab\u00edan obligado al Estado a hacer un nuevo tendido de luz, que por supuesto apel\u00f3, y la c\u00e1mara \u00edntegramente de jueces macristas, le dio la raz\u00f3n a los vecinos y hace dos a\u00f1os lo obligan a realizar el tendido y no lo hacen. Hoy lo obligan a que haya un relevamiento interno (no s\u00f3lo en el tendido el\u00e9ctrico general sino a la bajada en los domicilios) en el plazo de 30 d\u00edas h\u00e1biles. Ya hay dos peritajes que dicen que hay riesgo el\u00e9ctrico. En 30 d\u00edas tendremos el resultado del relevamiento, que va a decir que es un desastre, que hay que cambiar cables, poner tableros, etc. No se con que excusa van a salir para no hacer las cosas. El resultado de la lucha popular consigui\u00f3 el relevamiento, pero para un sector del barrio (1000 casas), algo es algo.<\/p>\n<p><strong>FMR: \u00bfEsta inspecci\u00f3n la hace EDESUR con EL GCBA?<\/strong><\/p>\n<p>RK: No, la hacemos nosotros, esa es otra victoria. Los propios vecinos nos vamos a organizar para hacer el relevamiento. En base a los resultados que arroje se hace el nuevo tendido. Vamos a pelear para que lo hagan las cooperativas del barrio. La gente esta muy convencida y tiene muchas ganas de luchar. Ya tenemos el modelo de c\u00f3mo se debe revelar y hacer tableros de forma comunitaria. Nos anotamos un poroto para la lucha popular.<\/p>\n<p>Escucha la entrevista en el siguiente link:<\/p>\n<p><a href=\"https:\/\/radiocut.fm\/audiocut\/fm-riachuelo-entrevista-a-rafael-klejzer-sec-general-ctep-caba\/\">https:\/\/radiocut.fm\/audiocut\/fm-riachuelo-entrevista-a-rafael-klejzer-sec-general-ctep-caba\/<\/a><\/p>\n<p>&nbsp;<\/p>\n","protected":false},"excerpt":{"rendered":"<p>[FM RIACHUELO 23-04-2018 ]\u00a0La Corriente Villera Independiente y el MP La Dignidad acamparon en la puerta del Instituto de Vivienda de la Ciudad durante 8 d\u00edas luego de que una vecina de la villa 21-24 muriera electrocutada el 6 de abril pasado, como consecuencia de la falta de pol\u00edticas de urbanizaci\u00f3n en el barrio. Hoy, [&hellip;]<\/p>\n","protected":false},"author":5,"featured_media":6864,"comment_status":"open","ping_status":"open","sticky":false,"template":"","format":"standard","meta":{"_monsterinsights_skip_tracking":false,"_monsterinsights_sitenote_active":false,"_monsterinsights_sitenote_note":"","_monsterinsights_sitenote_category":0,"jnews-multi-image_gallery":[],"jnews_single_post":[],"jnews_primary_category":[],"_joinchat":[],"footnotes":""},"categories":[78,76],"tags":[],"class_list":["post-6863","post","type-post","status-publish","format-standard","has-post-thumbnail","hentry","category-economia-popular","category-salud-comunitaria"],"_links":{"self":[{"href":"http:\/\/fmriachuelo.it10.com.ar\/index.php\/wp-json\/wp\/v2\/posts\/6863","targetHints":{"allow":["GET"]}}],"collection":[{"href":"http:\/\/fmriachuelo.it10.com.ar\/index.php\/wp-json\/wp\/v2\/posts"}],"about":[{"href":"http:\/\/fmriachuelo.it10.com.ar\/index.php\/wp-json\/wp\/v2\/types\/post"}],"author":[{"embeddable":true,"href":"http:\/\/fmriachuelo.it10.com.ar\/index.php\/wp-json\/wp\/v2\/users\/5"}],"replies":[{"embeddable":true,"href":"http:\/\/fmriachuelo.it10.com.ar\/index.php\/wp-json\/wp\/v2\/comments?post=6863"}],"version-history":[{"count":0,"href":"http:\/\/fmriachuelo.it10.com.ar\/index.php\/wp-json\/wp\/v2\/posts\/6863\/revisions"}],"wp:featuredmedia":[{"embeddable":true,"href":"http:\/\/fmriachuelo.it10.com.ar\/index.php\/wp-json\/wp\/v2\/media\/6864"}],"wp:attachment":[{"href":"http:\/\/fmriachuelo.it10.com.ar\/index.php\/wp-json\/wp\/v2\/media?parent=6863"}],"wp:term":[{"taxonomy":"category","embeddable":true,"href":"http:\/\/fmriachuelo.it10.com.ar\/index.php\/wp-json\/wp\/v2\/categories?post=6863"},{"taxonomy":"post_tag","embeddable":true,"href":"http:\/\/fmriachuelo.it10.com.ar\/index.php\/wp-json\/wp\/v2\/tags?post=6863"}],"curies":[{"name":"wp","href":"https:\/\/api.w.org\/{rel}","templated":true}]}}