{"id":685,"date":"2015-03-12T16:33:00","date_gmt":"2015-03-12T16:33:00","guid":{"rendered":"http:\/\/fmriachuelo.observatorioess.org.ar\/index.php\/2015\/03\/12\/parque-lezama\/"},"modified":"2025-03-26T16:36:57","modified_gmt":"2025-03-26T19:36:57","slug":"parque-lezama","status":"publish","type":"post","link":"http:\/\/fmriachuelo.it10.com.ar\/index.php\/2015\/03\/12\/parque-lezama\/","title":{"rendered":"PARQUE LEZAMA"},"content":{"rendered":"<h4 style=\"color: #202020;font-family: Arial;font-weight: bold;line-height: 100%;margin: 0px 0px 10px;text-align: left\"><span style=\"color: navy\"><span style=\"color: black;font-family: Verdana, sans-serif\">Reproducimos<\/span><\/span><\/h4>\n<h4 style=\"color: #202020;font-family: Arial;font-size: 22px;font-weight: bold;line-height: 100%;margin: 0px 0px 10px;text-align: center\"><span style=\"color: navy\"><span style=\"color: red;font-family: Verdana, sans-serif\">Gacetilla de prensa y REPUDIO a la Polic\u00eda<br \/> Metropolitana de Macri<\/span><\/span><\/h4>\n<div style=\"clear: both;text-align: center\"><a href=\"http:\/\/2.bp.blogspot.com\/-_weG8erAWik\/VQG_pizVWXI\/AAAAAAAAC_M\/m0Q3Te1NzL4\/s1600\/legisl.jpg\" style=\"clear: left;float: left;margin-bottom: 1em;margin-right: 1em\"><img loading=\"lazy\" decoding=\"async\" border=\"0\" src=\"http:\/\/2.bp.blogspot.com\/-_weG8erAWik\/VQG_pizVWXI\/AAAAAAAAC_M\/m0Q3Te1NzL4\/s1600\/legisl.jpg\" height=\"240\" width=\"320\" \/><\/a><\/div>\n<p>&nbsp; <\/p>\n<div style=\"color: #505050;font-family: Arial;font-size: 14px;line-height: 150%;text-align: justify\"><span style=\"font-family: Verdana, sans-serif\"><span style=\"color: black\"><strong>Ayer<\/strong> los vecinxs de San Telmo, Barracas , La Boca y tambi\u00e9n de otros barrios todxs usuarios del Parque Lezama en <strong>la Comisi\u00f3n Vecinal Parque Lezama<\/strong> <strong>nos reunimos en la Legislatura<\/strong> (Per\u00fa 160) <strong>para presentar a los Legisladores<\/strong> y pedir que se comprometan a trabajar en <strong>un proyecto de Plan de Manejo Participativo <\/strong>para el parque <strong>y<\/strong> pedirle <strong>a la Comisi\u00f3n Nacional de Monumentos, de Lugares y de Bienes Hist\u00f3ricos <\/strong>(CNMLyBH) <strong>extreme su trabajo <\/strong>como veedor de <strong>ese Monumento Hist\u00f3rico Nacional<\/strong> <strong>que est\u00e1 siendo arrasado<\/strong> por las irregularidades de la obra propuesta <strong>por el GCBA<\/strong> y que ejecuta la empresa MIAVASA.SA.<br \/> Hasta el momento <strong>todos los caminos de di\u00e1logo se encuentran cortados<\/strong> ante la poca predisposici\u00f3n del GCBA&nbsp; <strong>para avanzar en una soluci\u00f3n real y participativa <\/strong>que incluya a todos los que habitamos el parque.<\/p>\n<p> Desde esta Comisi\u00f3n Vecinal seguimos <strong>esperando respuestas<\/strong>, por parte <strong>de funcionarios del Ministerio de Amb y Espacio P\u00fablico (MAyEP)<\/strong>, pedimos <strong>que se expida<\/strong> y de una resoluci\u00f3n a <strong>la CNMLyBH <\/strong>y que la <strong>defensor\u00eda del pueblo de curso a nuestros reclamos<\/strong> y reiterados pedidos sobre el parque.<br \/><a name='more'><\/a><br \/> Un dato no menos relevante y preocupante es que <strong>durante<\/strong> toda <strong>la reuni\u00f3n dentro de Legislatura fuimos observados por la Polic\u00eda Metropolitana <\/strong>hecho que <strong>repudiamos<\/strong> <strong>rotundamente<\/strong> no solo porque no est\u00e1 permitido en ese recinto sino porque seguimos sintiendo que <strong>para el GCBA los vecinos involucrados con los problemas de sus barrios son v\u00e1ndalos a los que hay que perseguir y estigmatizar como peligrosos<\/strong>,&nbsp; <strong>al punto de mandar a<\/strong> <strong>personal de investigaciones<\/strong> de la metropolitana <strong>para que realice un informe de la reuni\u00f3n<\/strong>, como le contest\u00f3 el polic\u00eda a una funcionaria de esa casa.<\/p>\n<p><strong>Llamamos a los legisladores a repudiar este hecho<\/strong> y a pedir las explicaciones a quien corresponda. Como vecinos <strong>nos sentimos cada vez m\u00e1s ninguneados por este gobierno<\/strong> que en vez de sentarse a buscar una soluci\u00f3n real, apunta al desgaste y el cansancio con&nbsp; excusas y situaciones enga\u00f1osas sobre la realidad del Parque.<\/p>\n<p><strong>A un mes de haber frenado el enrejado<\/strong> <strong>seguimos diciendo que las rejas no son la soluci\u00f3n a la seguridad<\/strong>, que la seguridad se logra ocupando los espacios, con buena iluminaci\u00f3n, guarda parques y placeros. <strong>Existen otras propuestas <\/strong>a la reja que fueron formuladas por el propio GCBA que incluyen adem\u00e1s c\u00e1maras y seguridad.<\/p>\n<p> Que en el barrio <strong>no hay una guerra entre vecinxs<\/strong> por que<strong> todos queremos disfrutar del parque<\/strong> en buenas condiciones, pero <strong>si hay intereses particulares<\/strong> que llevan a decidir c\u00f3mo y qu\u00e9 vecinos deben&nbsp; disfrutar del Parque. Ayer <strong>durante la charla<\/strong> surgi\u00f3 de <strong>un vecino<\/strong> la <strong>denuncia<\/strong> de que ya hay experiencias de <strong>2 plazas enrejadas en el barrio cuyas llaves quedan en mano de una misma persona (perteneciente a asociaci\u00f3n elegida a dedo)<\/strong> para que la administre seg\u00fan sus par\u00e1metros de lo que se debe o no hacer en ella,&nbsp; <strong>no vamos a permitir que el Lezama sea la tercer llave<\/strong>, <strong>exigimos el plan de manejo participativo donde todxs los vecinos podamos participar y decidir<\/strong> en conjunto que queremos de nuestro Parque. Por eso durante la tarde de ayer <strong>los Legisladores Bodart, Bergel (presentes en la mesa) Rachid, Alegre, Fucks, Nosiglia, Ibarra, Gonzales Gas, Mu\u00f1oz, con sus adhesiones asumieron el compromiso de trabajar de manera conjunta el plan de manejo<\/strong> que fuera presentado en 2013 por la Asamblea y volverlo a presentar para que sea tratado a la brevedad y <strong>la CNMLyBH a informar a todos sus miembros lo urgente de este caso<\/strong> y tomar resoluciones firmes que paren <strong>la destrucci\u00f3n del patrimonio<\/strong> del Parque.<\/p>\n<p><strong>El<\/strong> \u00fanico <strong>responsable en todo esto es el GCBA,<\/strong> los vecinxs nos organizamos y participamos <strong>pero necesitamos adem\u00e1s que tomen cartas en el asunto quienes tienen las facultades institucionales para parar este brutal atropello<\/strong>, no solo sobre el parque y hostigando a los vecinxs, sino tambi\u00e9n sobre dichas instituciones y sus funcionarios <strong>ya que vemos sistem\u00e1ticamente como no los respetan, los pasan por arriba, y los ningunean.<\/strong><\/p>\n<p> Adem\u00e1s sabemos que <strong>no somos los \u00fanicos<\/strong>, <strong>este Ministerio<\/strong> de Amb y Esp. P\u00fablico que administra Edgardo Cenz\u00f3n <strong>est\u00e1 teniendo innumerables conflictos<\/strong> por no tener di\u00e1logo, podemos citar el ejemplo de <strong>Recicladores y Cartoneros<\/strong> en las \u00faltimas semanas y las anteriores medidas de fuerza que llevaron adelante los empleados de <strong>empresas recolectoras de residuos <\/strong>por no llegar a un acuerdo para ambas partes, <strong>su<\/strong> <strong>pol\u00edtica<\/strong> <strong>extrema es llevar las situaciones hasta las \u00faltimas instancias<\/strong>, inclusive a que personas tengan que hacer huelga de hambre en sus narices.<\/p>\n<p> Esperamos <strong>en el transcurso de la semana tener respuesta <\/strong>de alguna de las partes. De no ser as\u00ed seremos nosotros los vecinxs los que, totalmente desamparados en nuestros derechos de participaci\u00f3n y voz, debamos tomar cartas en el asunto y resolver que medidas de fuerza tomar hasta que seamos escuchados.<\/span><\/span><\/div>\n<div style=\"color: #505050;font-family: Arial;font-size: 14px;line-height: 150%;text-align: right\"><span style=\"color: black;font-family: Verdana, sans-serif\">Comisi\u00f3n Vecinal Parque Lezama<\/span><\/div>\n<div style=\"color: #505050;font-family: Arial;font-size: 14px;line-height: 150%;text-align: left\"><span style=\"font-family: Verdana, sans-serif\"><span style=\"color: black\"><strong>Adhieren:<\/strong> <\/span><\/span><\/div>\n<div style=\"color: #505050;font-family: Arial;font-size: 14px;line-height: 150%;text-align: left\"><span style=\"font-family: Verdana, sans-serif\"><span style=\"color: black\">Red Interparques y Plazas, Organizaci\u00f3n Social y Pol\u00edtica Los Pibes, Asamblea Plaza Dorrego, Asambleas del Pueblo, Asamblea Parque Lezama, Cooperativa de vivienda Ex Padelai,&nbsp;&nbsp;Frente de Artistas Ambulantes Organizados (FAAO) Movimiento Afrocultural, Comisi\u00f3n en defensa el predio Polideportivo Martina C\u00e9spedes, Centro Murga Caprichosos de San Telmo, Club Social y deportivo Martina C\u00e9spedes, A.P.O.A.A( Asamblea P<br \/>\nermanente de Organizaciones Afrodescendientes), Huerta Comunitaria Parque Ameghino, HACKLAB BARRACAS, SALCES (Sociedad Argentina de Lucha Contra el Sedentarismo) Estudio Paisajista y Ambiental de Maria Elisa Cerrone&nbsp;&nbsp;Antu\u00f1a, BA desde abajo, Edith Oviedo, juntista junta comunal 1, Miguel Vayo, juntista junta comunal 4,Martin Iommi juntista junta comunal 6 , Paula Resels juntista junta comunal 11, Alejandro Bodart (Legislador MST), MST Comuna 1 y 4, Pablo Ferreyra legislador Seamos Libres Maria Jos\u00e9 Lubertino, ex legisladora FPV, Mario Hernandez. Periodista y escritor. Miembro de la Comisi\u00f3n Directiva de la Coordinadora de Medios de la CABA (COMECI), Peri\u00f3dico VAS, FM Riachuelo, Programa Espantarrejas, Movimiento Comunero, Ate legislatura, Secretar\u00eda de Asuntos Institucionales de la CTA ciudad, La campora San telmo, Corriente Villera Independiente, Movimiento Popular Patria Grande, Camino de Los Libres, Tierra para vivir en COB La Brecha CABA, Confluencia MPLD-MTK en el Frente Nacional Pueblo Unido, COVILPI (Cooperativa de vivienda Los Pibes), Frente Popular Dar\u00edo Santill\u00e1n, Rocio Sanchez Andia, San Telmo K, Adrian Camps (Legislador MC), Boca es Pueblo, Movimiento Evita.CLMTU &#8211; Coordinaci\u00f3n Latinoamericana de Movimientos, SOS Caballito,&nbsp;Consejo Consultivo Comuna 7, diputada Virginia Gonz\u00e1lez Gass&nbsp;(Partido Socialista Aut\u00e9ntico), Movimiento Para Todos, Todo, Proyecto Nacional CABA, Cecilia Merch\u00e1n, ex Diputada Nacional(Corriente Pol\u00edtica y Social La Colectiva), PropAmba, Secretar\u00eda de vivienda y habitat CTEP Nacional, CTA Reg sur, Agrupaci\u00f3n Afro Xango Pdte Carlos Alvarez Nazareno, Agrupacion Envar El Kadri-Peronismo de Base, Alejandro Raiter (Prof. Titular en Fac. de Filosof\u00eda y Letas &#8211; UBA), Partido Pirata, Frente trasversal, Grupo de vivienda y habitad de la boca, La Boca resiste y propone, Cooperativa William Morris, Asociacion Civil Escuela de Vida, Colectivo Todos los 25 hasta que se Monsanto,Asamblea de Juan B. Justo y Corrientes, Laura Garc\u00eda Tu\u00f1\u00f3n (Legisladora MC) UNIDAD POPULAR CABA, RESUMEN LATINOAMERICANO, tonolec de agrupados, Olla popular de Troilo y Corrientes, Arq. Cecilia Alvis (DES-LIMITES, el valle del Riachuelo-Matanzas ), Asociaci\u00f3n Civil Buenos Vecinos Once, Balvanera Manzana 66 Verde y Publica,Pablo Bergel(Dip. CABA(Bloque Bien Com\u00fan), Cine Libre Parque Abierto, Francisco \u00abTito\u00bb Nenna(Legislador MC), La Tendencia Nacional y Popular, Maximiliano Nenna (Comunero C4), Observatorio del Derecho a la Ciudad, Mariano Vouillat(La Corriente Com15), Cooperativa de Vivienda Solidaria Su\u00e1rez, HERMAN SCHILLER (Periodista), Libres del Sur Ciudad de Buenos Aires, Arq. Jorge Lembo, PRT CAP FED .(PARTIDO REVOLUCIONARIO DE LOS TRABAJADORES ),Matias Pandolfi (Bi\u00f3logo,&nbsp;Conicet\/UBA), Centro Rosa Luxemburgo, Centro Severino di Giovanni,&nbsp;Ediciones Estrella Libertaria, Feria Pasaje Giufra, FLA (Federaci\u00f3n Libertaria Argentina), Espacio Asambleario de Parque Patricios, Asamblea de colombianos \u00abYo me paro por Colombia\u00bb, Carlos F. M\u00e9ndez Juntista Comunal 15 (UP), Jorge Winter (antrop\u00f3logo), Consejo Consultivo de la Comuna 13, Maru Lopez comunera C 10 (MST), Ruben Tzanoff comunero C10 (MST), Asentamiento Lamadrid, Movimiento Etiopia, Sabaleros del Remanso, Patricia Machado Junta Comunal Comuna 5, Jorge Cardelli CTA dip MC Bloque Emancipaci\u00f3n Sur,Jorge Winter(Antrop\u00f3logo), jose eduardo montenegro (MST-La Boca), Sergio Garc\u00eda (CTA-MST), ,Boca es Nuestro, Gabriel Boyadjian(congresal Pj sec org ccc c7), Dip Anibal Ibarra -Frente Progresista Popular, Baldosas por la Memoria &#8211; Almagro, Colectivo Internacional Los Pueblos de Am\u00e9rica Originaria -CIPAO, Alcira Bas de Catalinas Sur &#8211; Doc Universitaria, Mabel Grimberg Dr en Ciencias Antropol\u00f3gicas-UBA. Investigadora CONICET, Itai Hagman- referente Movimiento Popular Patria Grande, Rafael Gentili Izquierda Democr\u00e1tica (Ex legislador), AGRUP. La Monteagudo Comuna 1, TRABAJADORXS&nbsp;&nbsp;DEL CENTRO EDUCATIVO ISAURO ARANCIBIA, Observatorio de Patrimonio y Pol\u00edticas Urbanas, RED DE VECINOS BARRIO PARQUE AVELLANEDA, Partido Solidario Comuna 9 en Nuevo Encuentro, GRaciela Batallan (Dra y Direct de investigaci\u00f3n del Inst. de Ciencias Antropol\u00f3gicas. Fac. Filosof\u00eda y Letras,UBA), COPAMUCO ltda.(coop. padre mugica de provisi\u00f3n de servicios de comunicaciones comunitarios y de consumo ltda.), MEDH (Movimiento ecumenico por los derechos humanos),\u200bCircuito Cultural Barracas, &nbsp;Grupo de Teatro Catalinas, Juan Francisco Nosiglia(Dip. Suma +)<\/span> &nbsp;<\/span><\/div>\n<div style=\"color: #505050;font-family: Arial;font-size: 14px;line-height: 150%;text-align: left\"><span style=\"color: navy\"><strong><span style=\"color: black;font-family: Verdana, sans-serif;font-size: x-small\">Para adherir:&nbsp;&nbsp;<\/span><a href=\"mailto:asamblealezama@gmail.com?subject=Adhesiones\" style=\"color: #336699;font-weight: normal;text-decoration: underline\" target=\"_self\" rel=\"noopener\"><span style=\"color: black;font-family: Verdana, sans-serif;font-size: x-small\">asamblealezama@gmail.com<\/span><\/a><br \/><span style=\"color: black;font-family: Verdana, sans-serif;font-size: x-small\"> contactos de prensa: 15 3629 1256\/ 15 5517 2333\/ 15 6604 7974<br \/> 15 4023 5966<\/span><\/strong><\/span><br \/><span style=\"color: black;font-size: x-small\">h<\/span><a href=\"https:\/\/www.facebook.com\/pages\/Parque-Lezama-Comisi%C3%B3n-Vecinal\/638142019633254?ref=hl\" style=\"color: #336699;font-weight: normal;text-decoration: underline\" target=\"_blank\" rel=\"noopener\"><span style=\"color: black;font-family: Verdana, sans-serif;font-size: x-small\">ttps:\/\/www.facebook.com\/pages\/Parque-Lezama-Comisi%C3%B3n-Vecinal\/638142019633254?ref=hl<\/span><\/a><br \/><span style=\"font-family: Verdana, sans-serif;font-size: x-small\"><a href=\"http:\/\/www.asamblealezama.blogspot.com.ar\/\"><span style=\"color: black\">www.asamblealezama.blogspot.com.ar<\/span><\/a><br \/><a href=\"http:\/\/www.twitter.com\/asamblealezama\"><span style=\"color: black\">www.twitter.com\/asamblealezama<\/span><\/a><\/span><\/div>\n<div style=\"color: #505050;font-family: Arial;font-size: 14px;line-height: 150%;text-align: left\"><span style=\"font-family: Verdana;font-size: x-small\"><\/span>&nbsp;<\/div>\n<div style=\"color: #505050;font-family: Arial;font-size: 14px;line-height: 150%;text-align: left\"><span style=\"color: blue;font-family: Verdana;font-size: x-small\">Fuente: Asamblea Parque Lezama, Producci\u00f3n Riachuelo<\/span><\/div>\n<div style=\"clear: both;text-align: center\"><a href=\"http:\/\/2.bp.blogspot.com\/-LOCYKEojNBA\/VQG_arAphqI\/AAAAAAAAC_E\/86dlY-yg0Ac\/s1600\/COOP%2BRIACHIUELO%2BPRODUCCIONES.jpg\" style=\"clear: left;float: left;margin-bottom: 1em;margin-right: 1em\"><img loading=\"lazy\" decoding=\"async\" border=\"0\" src=\"http:\/\/2.bp.blogspot.com\/-LOCYKEojNBA\/VQG_arAphqI\/AAAAAAAAC_E\/86dlY-yg0Ac\/s1600\/COOP%2BRIACHIUELO%2BPRODUCCIONES.jpg\" height=\"58\" width=\"200\" \/><\/a><\/div>\n<div style=\"color: #505050;font-family: Arial;font-size: 14px;line-height: 150%;text-align: left\">&nbsp;<\/div>\n","protected":false},"excerpt":{"rendered":"<p>Reproducimos Gacetilla de prensa y REPUDIO a la Polic\u00eda Metropolitana de Macri &nbsp; Ayer los vecinxs de San Telmo, Barracas , La Boca y tambi\u00e9n de otros barrios todxs usuarios del Parque Lezama en la Comisi\u00f3n Vecinal Parque Lezama nos reunimos en la Legislatura (Per\u00fa 160) para presentar a los Legisladores y pedir que se [&hellip;]<\/p>\n","protected":false},"author":4,"featured_media":0,"comment_status":"open","ping_status":"open","sticky":false,"template":"","format":"standard","meta":{"_monsterinsights_skip_tracking":false,"_monsterinsights_sitenote_active":false,"_monsterinsights_sitenote_note":"","_monsterinsights_sitenote_category":0,"jnews-multi-image_gallery":[],"jnews_single_post":{"format":"standard"},"jnews_primary_category":[],"_joinchat":[],"footnotes":""},"categories":[58],"tags":[147,157],"class_list":["post-685","post","type-post","status-publish","format-standard","hentry","category-noticiariachuelo","tag-habitat","tag-nadie-se-salva-solo"],"_links":{"self":[{"href":"http:\/\/fmriachuelo.it10.com.ar\/index.php\/wp-json\/wp\/v2\/posts\/685","targetHints":{"allow":["GET"]}}],"collection":[{"href":"http:\/\/fmriachuelo.it10.com.ar\/index.php\/wp-json\/wp\/v2\/posts"}],"about":[{"href":"http:\/\/fmriachuelo.it10.com.ar\/index.php\/wp-json\/wp\/v2\/types\/post"}],"author":[{"embeddable":true,"href":"http:\/\/fmriachuelo.it10.com.ar\/index.php\/wp-json\/wp\/v2\/users\/4"}],"replies":[{"embeddable":true,"href":"http:\/\/fmriachuelo.it10.com.ar\/index.php\/wp-json\/wp\/v2\/comments?post=685"}],"version-history":[{"count":1,"href":"http:\/\/fmriachuelo.it10.com.ar\/index.php\/wp-json\/wp\/v2\/posts\/685\/revisions"}],"predecessor-version":[{"id":22603,"href":"http:\/\/fmriachuelo.it10.com.ar\/index.php\/wp-json\/wp\/v2\/posts\/685\/revisions\/22603"}],"wp:attachment":[{"href":"http:\/\/fmriachuelo.it10.com.ar\/index.php\/wp-json\/wp\/v2\/media?parent=685"}],"wp:term":[{"taxonomy":"category","embeddable":true,"href":"http:\/\/fmriachuelo.it10.com.ar\/index.php\/wp-json\/wp\/v2\/categories?post=685"},{"taxonomy":"post_tag","embeddable":true,"href":"http:\/\/fmriachuelo.it10.com.ar\/index.php\/wp-json\/wp\/v2\/tags?post=685"}],"curies":[{"name":"wp","href":"https:\/\/api.w.org\/{rel}","templated":true}]}}