{"id":684,"date":"2015-03-12T16:41:00","date_gmt":"2015-03-12T16:41:00","guid":{"rendered":"http:\/\/fmriachuelo.observatorioess.org.ar\/index.php\/2015\/03\/12\/frente-popular-dario-santillan-se-suma-al-frente-de-izquierda\/"},"modified":"2025-02-12T11:36:38","modified_gmt":"2025-02-12T14:36:38","slug":"frente-popular-dario-santillan-se-suma-al-frente-de-izquierda","status":"publish","type":"post","link":"http:\/\/fmriachuelo.it10.com.ar\/index.php\/2015\/03\/12\/frente-popular-dario-santillan-se-suma-al-frente-de-izquierda\/","title":{"rendered":"FRENTE POPULAR DARIO SANTILLAN SE SUMA AL FRENTE DE IZQUIERDA"},"content":{"rendered":"<p><span style=\"color: red;font-family: Verdana, sans-serif;font-size: large\"><strong>CON UN PIE EN LAS CANDIDATURAS<\/strong><\/span><br \/><strong><span style=\"color: red;font-family: Verdana;font-size: large\">PUEBLO EN MARCHA<\/span><\/strong><br \/><strong><span style=\"color: red;font-family: Verdana;font-size: large\"><\/span><\/strong><\/p>\n<div style=\"clear: both;text-align: center\"><a href=\"http:\/\/2.bp.blogspot.com\/-SsUP5h3_n34\/VQHBPVNYv7I\/AAAAAAAAC_c\/x_xcrWR-MCQ\/s1600\/SANTILLAN.jpg\" style=\"clear: left;float: left;margin-bottom: 1em;margin-right: 1em\"><img loading=\"lazy\" decoding=\"async\" border=\"0\" src=\"http:\/\/2.bp.blogspot.com\/-SsUP5h3_n34\/VQHBPVNYv7I\/AAAAAAAAC_c\/x_xcrWR-MCQ\/s1600\/SANTILLAN.jpg\" height=\"320\" width=\"251\" \/><\/a><\/div>\n<p><span style=\"font-family: Verdana, sans-serif\">Tras un acuerdo pol\u00edtico, Pueblo en Marcha se suma a las listas y a la campa\u00f1a del Frente de Izquierda y los Trabajadores en la Ciudad<\/p>\n<p> Desde Pueblo en Marcha, herramienta pol\u00edtico electoral que viene construyendo en el distrito porte\u00f1o el Frente Popular Dar\u00edo Santill\u00e1n, Democracia Socialista, el Movimiento por la Unidad Latinoamericana y el Cambio Social y el Avispero\/Bartolina Sisa valoramos la consolidaci\u00f3n del Frente de Izquierda y los Trabajadores y avanzamos a construir una real alternativa de izquierda en la Ciudad de Buenos Aires. <br \/><\/span><a name='more'><\/a><span style=\"font-family: Verdana, sans-serif\"><br \/> Carina L\u00f3pez Monja, integrante de Pueblo en Marcha, del Frente Popular Dar\u00edo Santill\u00e1n y candidata a legisladora de la Ciudad afirm\u00f3: \u00abLos movimientos que peleamos todos los d\u00edas contra las pol\u00edticas del PRO que buscan expulsar a los sectores populares de la ciudad, apoyamos y nos sumamos a las listas del FIT, para aportar a la construcci\u00f3n de una alternativa de izquierda\u00bb. <\/p>\n<p> Los integrantes de Pueblo en Marcha participar\u00e1n en la comuna 4, con Maximiliano Botta, docente del bachillerato popular Dar\u00edo Santill\u00e1n de la Villa 21, Viviana Garc\u00eda, vecina de la Villa 20 de Lugano (comuna 8) y referente de la lucha por vivienda , quien acompa\u00f1o a las familias en la toma por el Indoamericano junto a su compa\u00f1ero Diosnel Perez, Guido Spadavecchia, vicepresidente del centro de estudiante de la Facultad de Ingenier\u00eda de la UBA e integrante de Democracia Socialista, por la comuna 12 , Diego Barrionuevo, trabajador cooperativista del Frente Popular Dario Santill\u00e1n y la arquitecta Adriana Perez, integrante de Pueblo en Marcha, por la Comuna 2<\/p>\n<p> Por la urbanizaci\u00f3n de los barrios, con radicaci\u00f3n y participaci\u00f3n popular<\/p>\n<p> Por la defensa de la educaci\u00f3n p\u00fablica y popular<\/p>\n<p> Por la disputa por una ciudad digna para lxs trabajadorxs y el pueblo<\/p>\n<p> <\/span><span style=\"font-family: Verdana, sans-serif;font-size: x-small\">Contacto. <br \/> Carina L\u00f3pez Monja 155605.6238<br \/> Prensa. 1561601182<\/span><a href=\"http:\/\/www.puebloenmarcha.org.ar\/\"><span style=\"font-family: Verdana, sans-serif;font-size: x-small\">www.puebloenmarcha.org.ar<\/span><\/a><\/p>\n<p><span style=\"color: blue;font-family: Verdana, sans-serif\">Fuente: Pueblo en Marcha, Producci\u00f3n Riachuelo<\/span><\/p>\n<div style=\"clear: both;text-align: center\"><a href=\"http:\/\/2.bp.blogspot.com\/-LOCYKEojNBA\/VQG_arAphqI\/AAAAAAAAC_I\/9MDaOoCa6zM\/s1600\/COOP%2BRIACHIUELO%2BPRODUCCIONES.jpg\" style=\"clear: left;float: left;margin-bottom: 1em;margin-right: 1em\"><img loading=\"lazy\" decoding=\"async\" border=\"0\" src=\"http:\/\/2.bp.blogspot.com\/-LOCYKEojNBA\/VQG_arAphqI\/AAAAAAAAC_I\/9MDaOoCa6zM\/s1600\/COOP%2BRIACHIUELO%2BPRODUCCIONES.jpg\" height=\"58\" width=\"200\" \/><\/a><\/div>\n","protected":false},"excerpt":{"rendered":"<p>CON UN PIE EN LAS CANDIDATURASPUEBLO EN MARCHA Tras un acuerdo pol\u00edtico, Pueblo en Marcha se suma a las listas y a la campa\u00f1a del Frente de Izquierda y los Trabajadores en la Ciudad Desde Pueblo en Marcha, herramienta pol\u00edtico electoral que viene construyendo en el distrito porte\u00f1o el Frente Popular Dar\u00edo Santill\u00e1n, Democracia Socialista, [&hellip;]<\/p>\n","protected":false},"author":4,"featured_media":0,"comment_status":"open","ping_status":"open","sticky":false,"template":"","format":"standard","meta":{"_monsterinsights_skip_tracking":false,"_monsterinsights_sitenote_active":false,"_monsterinsights_sitenote_note":"","_monsterinsights_sitenote_category":0,"jnews-multi-image_gallery":[],"jnews_single_post":{"format":"standard"},"jnews_primary_category":[],"_joinchat":[],"footnotes":""},"categories":[58],"tags":[81],"class_list":["post-684","post","type-post","status-publish","format-standard","hentry","category-noticiariachuelo","tag-aguafuertes-portenas"],"_links":{"self":[{"href":"http:\/\/fmriachuelo.it10.com.ar\/index.php\/wp-json\/wp\/v2\/posts\/684","targetHints":{"allow":["GET"]}}],"collection":[{"href":"http:\/\/fmriachuelo.it10.com.ar\/index.php\/wp-json\/wp\/v2\/posts"}],"about":[{"href":"http:\/\/fmriachuelo.it10.com.ar\/index.php\/wp-json\/wp\/v2\/types\/post"}],"author":[{"embeddable":true,"href":"http:\/\/fmriachuelo.it10.com.ar\/index.php\/wp-json\/wp\/v2\/users\/4"}],"replies":[{"embeddable":true,"href":"http:\/\/fmriachuelo.it10.com.ar\/index.php\/wp-json\/wp\/v2\/comments?post=684"}],"version-history":[{"count":1,"href":"http:\/\/fmriachuelo.it10.com.ar\/index.php\/wp-json\/wp\/v2\/posts\/684\/revisions"}],"predecessor-version":[{"id":22607,"href":"http:\/\/fmriachuelo.it10.com.ar\/index.php\/wp-json\/wp\/v2\/posts\/684\/revisions\/22607"}],"wp:attachment":[{"href":"http:\/\/fmriachuelo.it10.com.ar\/index.php\/wp-json\/wp\/v2\/media?parent=684"}],"wp:term":[{"taxonomy":"category","embeddable":true,"href":"http:\/\/fmriachuelo.it10.com.ar\/index.php\/wp-json\/wp\/v2\/categories?post=684"},{"taxonomy":"post_tag","embeddable":true,"href":"http:\/\/fmriachuelo.it10.com.ar\/index.php\/wp-json\/wp\/v2\/tags?post=684"}],"curies":[{"name":"wp","href":"https:\/\/api.w.org\/{rel}","templated":true}]}}