{"id":683,"date":"2015-03-12T20:00:00","date_gmt":"2015-03-12T20:00:00","guid":{"rendered":"http:\/\/fmriachuelo.observatorioess.org.ar\/index.php\/2015\/03\/12\/marcha-en-respaldo-a-la-revolucion-bolivariana\/"},"modified":"2025-03-26T16:38:26","modified_gmt":"2025-03-26T19:38:26","slug":"marcha-en-respaldo-a-la-revolucion-bolivariana","status":"publish","type":"post","link":"http:\/\/fmriachuelo.it10.com.ar\/index.php\/2015\/03\/12\/marcha-en-respaldo-a-la-revolucion-bolivariana\/","title":{"rendered":"MARCHA EN RESPALDO A LA REVOLUCION BOLIVARIANA"},"content":{"rendered":"<p><span style=\"color: red;font-family: Verdana, sans-serif;font-size: large\"><strong>EL PUEBLO UNIDO JAMAS SERA VENCIDO<\/strong><\/span><\/p>\n<div style=\"clear: both;text-align: center\"><a href=\"http:\/\/4.bp.blogspot.com\/-pTyw9fQYKMM\/VQG9F4bVY-I\/AAAAAAAAC-4\/mSR9Aeg5k3s\/s1600\/convocatoria.jpg\" style=\"margin-left: 1em;margin-right: 1em\"><img loading=\"lazy\" decoding=\"async\" border=\"0\" src=\"http:\/\/4.bp.blogspot.com\/-pTyw9fQYKMM\/VQG9F4bVY-I\/AAAAAAAAC-4\/mSR9Aeg5k3s\/s1600\/convocatoria.jpg\" height=\"320\" width=\"226\" \/><\/a><\/div>\n<p><span style=\"font-family: Verdana, sans-serif\">Reproducimos<\/span><\/p>\n<div style=\"text-align: center\"><span style=\"font-family: Verdana, sans-serif;font-size: large\"><strong>Comunicado de las Organizaciones de Argentina en apoyo a la Revoluci\u00f3n Bolivariana ante las amenazas norteamericanas<\/strong><\/span><\/div>\n<p><\/p>\n<div style=\"line-height: normal;margin: 0cm 0cm 0pt;text-align: center;text-indent: 14.2pt\"><span lang=\"ES\">El Presidente Barack Obama, &nbsp;aprob\u00f3 una orden ejecutiva seg\u00fan la cual se declara a la Rep\u00fablica Bolivariana de Venezuela como una amenaza extraordinaria a la seguridad de Estados Unidos; lo que impulsa una serie de sanciones unilaterales ajenas al derecho internacional.<\/span><\/div>\n<div style=\"text-align: center\"><\/div>\n<div style=\"line-height: normal;margin: 0cm 0cm 0pt;text-align: center;text-indent: 14.2pt\"><span lang=\"ES\">El Imperialismo&nbsp;<\/span><span lang=\"ES-VE\">norteamericano viola una vez m\u00e1s la autodeterminaci\u00f3n de los Pueblos, poniendo en marcha un escenario donde el lobby internacional medi\u00e1tico justifique una posible intervenci\u00f3n directa gringa &nbsp;a la Rep\u00fablica Bolivariana de Venezuela.<\/span><\/div>\n<div style=\"text-align: center\"><\/div>\n<div style=\"line-height: normal;margin: 0cm 0cm 0pt;text-align: center;text-indent: 14.2pt\"><span lang=\"ES-VE\">Frente a esto, las Organizaciones Sociales, Sindicales, Juveniles, Estudiantiles y Pol\u00edticas de Argentina expresamos nuestro profundo repudio y rechazo frente a esta nueva agresi\u00f3n imperial contra Latinoam\u00e9rica, y afirmamos nuestra f\u00e9rrea convicci\u00f3n de movilizarnos y organizarnos en torno a la defensa de un Pueblo hermano y su gobierno electo democr\u00e1ticamente.<\/span><\/div>\n<div style=\"text-align: center\"><\/div>\n<div style=\"line-height: normal;margin: 0cm 0cm 0pt;text-align: center;text-indent: 14.2pt\"><span lang=\"ES-VE\">\u00c9sta acci\u00f3n contra la Revoluci\u00f3n Bolivariana no se encuentra aislada. El hecho se inscribe en un momento de gran tensi\u00f3n global entre el viejo unipolarismo yanqui contra el emergente mundo multipolar de la Alianza Chino-Rusa, el relanzamiento del G-77 y la consolidaci\u00f3n de espacios regionales como el ALBA, Mercosur ampliado, la UNASUR y la CELAC.<\/span><\/div>\n<div style=\"text-align: center\"><\/div>\n<div style=\"line-height: normal;margin: 0cm 0cm 0pt;text-align: center;text-indent: 14.2pt\"><span lang=\"ES-VE\">Ante semejante sublevaci\u00f3n de los Pueblos del mundo, los gobiernos progresistas y populares de la regi\u00f3n viven una situaci\u00f3n de&nbsp;<i>Golpe continuado<\/i>, utilizando herramientas de la Guerra de Cuarta y Quinta Generaci\u00f3n. El eje&nbsp;<i>Caracas-Brasilia-Buenos Aires<\/i>&nbsp;(determinante en la gestaci\u00f3n del \u201cNo al ALCA\u201d, en el parto de la UNASUR, en el bloqueo del intento del Golpe de Estado en Bolivia de 2007, entre tantos otros episodios), es el&nbsp; blanco predilecto de las redes financieras globales, del complejo militar-industrial mundial y del imperialismo norteamericano. <\/span><\/div>\n<div style=\"text-align: center\"><\/div>\n<div style=\"line-height: normal;margin: 0cm 0cm 0pt;text-align: center;text-indent: 14.2pt\"><span lang=\"ES-VE\">Los Buitres, el accionar de un sector judicial, las corporaciones medi\u00e1ticas y la utilizaci\u00f3n de la muerte de un fiscal adicto al&nbsp;<i>Mossad y a<\/i>&nbsp;la<i>&nbsp;CIA,&nbsp;<\/i>en Argentina; el intento destituyente de Dilma por el caso Petrobras en Brasil y la evidente guerra sucia contra Venezuela son partes de un mismo Plan estrat\u00e9gico de desestabilizaci\u00f3n regional, en un momento de una evidente contraofensiva imperialista.<\/span><\/div>\n<div style=\"text-align: center\"><\/div>\n<div style=\"line-height: normal;margin: 0cm 0cm 0pt;text-align: center;text-indent: 14.2pt\"><span lang=\"ES-VE\">Nuestra Am\u00e9rica es una Regi\u00f3n de Paz, que ratifica permanentemente su compromiso de continuar por el sendero democr\u00e1tico con protagonismo popular que hemos transitado desde la ruptura con el&nbsp;<i>Proyecto Neoliberal<\/i>.<\/span><\/div>\n<div style=\"text-align: center\"><\/div>\n<div style=\"line-height: normal;margin: 0cm 0cm 0pt;text-align: center;text-indent: 14.2pt\"><span lang=\"ES-VE\">En este sentido, las organizaciones argentinas exigimos al Gobierno Yanqui:<\/span><span><\/span><\/div>\n<div style=\"text-align: center\"><\/div>\n<div style=\"line-height: normal;margin: 0cm 0cm 0pt;text-align: center\"><span lang=\"ES-VE\">\u00b7&nbsp;&nbsp;&nbsp;&nbsp;&nbsp;&nbsp;Respetar el Gobierno leg\u00edtimo y constitucional de Nicol\u00e1s Maduro qui\u00e9n a trav\u00e9s de elecciones democr\u00e1ticas lleg\u00f3 a la presidencia y&nbsp;cuenta con el apoyo del Pueblo venezolano.<\/span><\/div>\n<div style=\"text-align: center\"><\/div>\n<div style=\"line-height: normal;margin: 0cm 0cm 0pt;text-align: center\"><span lang=\"ES\">\u00b7&nbsp;&nbsp;&nbsp;&nbsp;&nbsp;&nbsp;<\/span><span lang=\"ES-VE\">Exigir se respeten <\/span><span lang=\"ES\">los principios de no injerencia y de igualdad entre Estados, consagrados en todas las instancias internacionales, como la ONU, la OEA, entre otros.<\/span><\/div>\n<div style=\"text-align: center\"><\/div>\n<div style=\"line-height: normal;margin: 0cm 0cm 0pt;text-align: center\"><span lang=\"ES\">\u00b7&nbsp;&nbsp;&nbsp;&nbsp;&nbsp;&nbsp;Respetar la Proclama de la Am\u00e9rica Latina y el Caribe como Zona de Paz, emanada de las resoluciones de la \u201cII Cumbre de Jefas y Jefes&nbsp;de Estado y de Gobiernos de la Comunidad de Estados Latinoamericanos y Caribe\u00f1os (CELAC)\u201d.<\/span><\/div>\n<div style=\"text-align: center\"><\/div>\n<div style=\"line-height: normal;margin: 0cm 0cm 0pt;text-align: center\"><span lang=\"ES\">\u00b7&nbsp;&nbsp;&nbsp;&nbsp;&nbsp;&nbsp;Propiciar el di\u00e1logo propositivo como \u00fanico mecanismo permanente para avanzar en nuestras relaciones diplom\u00e1ticas.<\/span><span><\/span><\/div>\n<div style=\"text-align: center\"><\/div>\n<div style=\"line-height: normal;margin: 0cm 0cm 0pt;text-align: center;text-indent: 14.2pt\"><span lang=\"ES\">Nuestros Pueblos&nbsp;<\/span><span lang=\"ES-VE\">est\u00e1n alertas y cierran filas con la Revoluci\u00f3n Bolivariana y con todos los procesos de cambios de Nuestra Am\u00e9rica en la defensa de la Paz, por una Latinoam\u00e9rica Unida en un mundo multipolar y pluripolar.<\/span><\/div>\n<div style=\"text-align: center\"><\/div>\n<div style=\"line-height: normal;margin: 0cm 0cm 0pt;text-align: center;text-indent: 14.2pt\"><span lang=\"ES-VE\">&nbsp;Las organizaciones abajo firmantes adherimos a este pronunciamiento.<\/span><span><\/span><\/div>\n<div style=\"text-align: center\"><\/div>\n<div style=\"line-height: normal;margin: 0cm 0cm 0pt;text-align: center\"><b><span lang=\"ES-VE\">\u00a1Viva la Revoluci\u00f3n Bolivariana! \u00a1Todos con Maduro!<\/span><\/b><span><\/span><\/div>\n<div style=\"text-align: center\"><\/div>\n<div style=\"line-height: normal;margin: 0cm 0cm 0pt;text-align: center\"><b><span lang=\"ES-VE\">\u00a1Fuera Yanquis e Ingleses de Am\u00e9rica Latina! \u00a1Las Malvinas son argentinas y latinoamericanas!<\/span><\/b><span><\/span><\/div>\n<div style=\"text-align: center\"><\/div>\n<div style=\"line-height: normal;margin: 0cm 0cm 0pt;text-align: center\"><b><span lang=\"ES-VE\">\u00a1Latinoam\u00e9rica, territorio de Paz!<\/span><\/b><span><\/span><\/div>\n<div style=\"text-align: center\"><\/div>\n<div style=\"margin: 0cm 0cm 8pt;text-align: left\"><span style=\"font-family: Verdana, sans-serif\">Asociaci\u00f3n para la Unidad de Nuestra Am\u00e9rica (Auna)&nbsp;&nbsp;&nbsp;&nbsp;&nbsp;&nbsp;&nbsp; <\/span><\/div>\n<p><span style=\"font-family: Verdana, sans-serif\">Central de Trabajadores de Argentina \u2013CTA de los Trabajadores<br \/>Central de Trabajadores de Argentina _ CTA Aut\u00f3noma<br \/>Colectivo 4F&nbsp;&nbsp;&nbsp;&nbsp;&nbsp;&nbsp; <\/span><br \/><span style=\"font-family: Verdana, sans-serif\">Confederaci\u00f3n de Trabajadores de la Econom\u00eda Popular-CTEP<br \/>Corriente Peronista Descamisados<br \/>Encuentro Nacional Popular Latinoamericano<br \/>Evita Siempre<br \/>Federaci\u00f3n Juvenil Comunista<br \/>Frente de Organizaciones Kirchneristas \u2013FOK<br \/>Frente Popular Dar\u00edo Santill\u00e1n&nbsp; <\/span><br \/><span style=\"font-family: Verdana, sans-serif\">Kolina-Corriente para la Liberaci\u00f3n Nacional<br \/>La 5 de Noviembre<br \/>La C\u00e1mpora<br \/>La Sim\u00f3n Bol\u00edvar<br \/>Marcha Patri\u00f3tica&nbsp;&nbsp;&nbsp;&nbsp;&nbsp;&nbsp;&nbsp; <\/span><br \/><span style=\"font-family: Verdana, sans-serif\">Miles \u2013Luis D\u2019El\u00eda<br \/>Movimiento de Liberaci\u00f3n Nacional 26 de Julio<br \/>Movimiento Estudiantil Liberaci\u00f3n&nbsp;&nbsp;&nbsp;&nbsp;&nbsp;&nbsp;&nbsp;&nbsp;&nbsp; <\/span><br \/><span style=\"font-family: Verdana, sans-serif\">Movimiento Evita<\/span><br \/><span style=\"font-family: Verdana, sans-serif\">Movimiento Patria Grande<\/span><br \/><span style=\"font-family: Verdana, sans-serif\">Movimiento Pol\u00edtico y Social Marcha Patri\u00f3tica-Colombia&nbsp;&nbsp;&nbsp;&nbsp;&nbsp;&nbsp;&nbsp; <\/span><br \/><span style=\"font-family: Verdana, sans-serif\">Movimiento Popular La Dignidad<br \/>MPR-Quebracho (Movimiento Patri\u00f3tico Revolucionario)<br \/>MUP- Movimiento de Unidad Popular<br \/>Nuevo Encuentro<br \/>Organizaci\u00f3n Barrial Tupac Amaru<br \/>Organizaci\u00f3n Libres del Pueblo-OLP<br \/>Organizaci\u00f3n Pol\u00edtica y Social Los Pibes<br \/>Partido Comunista<br \/>Partido Comunista Congreso Extraordinario<br \/>Partido Intransigente<br \/>Peronismo Militante<br \/>Res\u00famen Latinoamericano<br \/>Seamos Libres<span><\/span><\/span><\/p>\n<div style=\"text-align: left\"><span style=\"font-family: Verdana, sans-serif\"> <span style=\"font-family: Symbol;line-height: 200%\"><span><span><\/span><\/span><\/span><!--[endif]--><span>SUTEBA &#8211;<span style=\"background: white;color: #2e2e2e\">Sindicato Unificado de Trabajadores de la Educaci\u00f3n de Buenos Aires<\/span><\/span><\/span><\/div>\n<div style=\"text-align: left\"><\/div>\n","protected":false},"excerpt":{"rendered":"<p>EL PUEBLO UNIDO JAMAS SERA VENCIDO Reproducimos Comunicado de las Organizaciones de Argentina en apoyo a la Revoluci\u00f3n Bolivariana ante las amenazas norteamericanas El Presidente Barack Obama, &nbsp;aprob\u00f3 una orden ejecutiva seg\u00fan la cual se declara a la Rep\u00fablica Bolivariana de Venezuela como una amenaza extraordinaria a la seguridad de Estados Unidos; lo que impulsa [&hellip;]<\/p>\n","protected":false},"author":4,"featured_media":0,"comment_status":"open","ping_status":"open","sticky":false,"template":"","format":"standard","meta":{"_monsterinsights_skip_tracking":false,"_monsterinsights_sitenote_active":false,"_monsterinsights_sitenote_note":"","_monsterinsights_sitenote_category":0,"jnews-multi-image_gallery":[],"jnews_single_post":{"format":"standard"},"jnews_primary_category":[],"_joinchat":[],"footnotes":""},"categories":[58],"tags":[70,157,167],"class_list":["post-683","post","type-post","status-publish","format-standard","hentry","category-noticiariachuelo","tag-de-la-patria-grande","tag-nadie-se-salva-solo","tag-politica-internacional"],"_links":{"self":[{"href":"http:\/\/fmriachuelo.it10.com.ar\/index.php\/wp-json\/wp\/v2\/posts\/683","targetHints":{"allow":["GET"]}}],"collection":[{"href":"http:\/\/fmriachuelo.it10.com.ar\/index.php\/wp-json\/wp\/v2\/posts"}],"about":[{"href":"http:\/\/fmriachuelo.it10.com.ar\/index.php\/wp-json\/wp\/v2\/types\/post"}],"author":[{"embeddable":true,"href":"http:\/\/fmriachuelo.it10.com.ar\/index.php\/wp-json\/wp\/v2\/users\/4"}],"replies":[{"embeddable":true,"href":"http:\/\/fmriachuelo.it10.com.ar\/index.php\/wp-json\/wp\/v2\/comments?post=683"}],"version-history":[{"count":1,"href":"http:\/\/fmriachuelo.it10.com.ar\/index.php\/wp-json\/wp\/v2\/posts\/683\/revisions"}],"predecessor-version":[{"id":22610,"href":"http:\/\/fmriachuelo.it10.com.ar\/index.php\/wp-json\/wp\/v2\/posts\/683\/revisions\/22610"}],"wp:attachment":[{"href":"http:\/\/fmriachuelo.it10.com.ar\/index.php\/wp-json\/wp\/v2\/media?parent=683"}],"wp:term":[{"taxonomy":"category","embeddable":true,"href":"http:\/\/fmriachuelo.it10.com.ar\/index.php\/wp-json\/wp\/v2\/categories?post=683"},{"taxonomy":"post_tag","embeddable":true,"href":"http:\/\/fmriachuelo.it10.com.ar\/index.php\/wp-json\/wp\/v2\/tags?post=683"}],"curies":[{"name":"wp","href":"https:\/\/api.w.org\/{rel}","templated":true}]}}