{"id":680,"date":"2015-03-13T12:53:00","date_gmt":"2015-03-13T12:53:00","guid":{"rendered":"http:\/\/fmriachuelo.observatorioess.org.ar\/index.php\/2015\/03\/13\/marchas-en-solidaridad-con-venezuela\/"},"modified":"2025-03-26T16:43:58","modified_gmt":"2025-03-26T19:43:58","slug":"marchas-en-solidaridad-con-venezuela","status":"publish","type":"post","link":"http:\/\/fmriachuelo.it10.com.ar\/index.php\/2015\/03\/13\/marchas-en-solidaridad-con-venezuela\/","title":{"rendered":"MARCHAS EN SOLIDARIDAD CON VENEZUELA"},"content":{"rendered":"<div style=\"clear: both;text-align: left\"><span style=\"color: red;font-family: Verdana, sans-serif;font-size: large\"><strong>LA PATRIA GRANDE<\/strong><\/span><\/div>\n<p><span style=\"color: red;font-family: Verdana, sans-serif;font-size: large\"><strong>Pueblos hermanos marchan en solidaridad con Venezuela<\/strong><\/span><br \/><strong><span style=\"color: red;font-family: Verdana;font-size: large\"><\/span><\/strong><\/p>\n<div style=\"clear: both;text-align: center\"><a href=\"http:\/\/1.bp.blogspot.com\/-ThL9FmNd5d4\/VQLcoT_6zkI\/AAAAAAAADBI\/P7pF9WU_XEM\/s1600\/convocatoria.jpg\" style=\"margin-left: 1em;margin-right: 1em\"><img loading=\"lazy\" decoding=\"async\" border=\"0\" src=\"http:\/\/1.bp.blogspot.com\/-ThL9FmNd5d4\/VQLcoT_6zkI\/AAAAAAAADBI\/P7pF9WU_XEM\/s1600\/convocatoria.jpg\" height=\"400\" width=\"282\" \/><\/a><\/div>\n<div style=\"clear: both;text-align: center\"><\/div>\n<div style=\"text-align: justify\">&nbsp;<\/div>\n<p><span style=\"font-family: Verdana, sans-serif\">Ante las nuevas amenazas y agresiones de Estados Unidos en contra de Venezuela, varios pueblos hermanos de Am\u00e9rica Latina y el mundo se movilizar\u00e1n este viernes por las calles en solidaridad y apoyo a la naci\u00f3n suramericana. <\/p>\n<p>En Argentina, los actos de calle comenzar\u00e1n con una marcha desde Plaza Italia hasta la Embajada de Venezuela en ese pa\u00eds en Buenos Aires, la capital. Los argentinos solidarios asistir\u00e1n tambi\u00e9n a una Tribuna Antiimperialista ante la sede diplom\u00e1tica. <\/span><br \/><span style=\"font-family: Verdana, sans-serif\"><\/span><a name='more'><\/a><span style=\"font-family: Verdana, sans-serif\"><br \/>Esta actividad estar\u00e1n presentes algunas de las figuras que asisten al Foro Internacional Enmancipaci\u00f3n e Igualdad que se realiza en Argentina. Los activistas aprovechar\u00e1n de condenar las amenazantes declaraciones y sanciones emitidas por el presidente Barack Obama en contra de Venezuela.<\/p>\n<p>En Nicaragua ser\u00e1n los movimientos sociales, de mujeres y j\u00f3venes quienes saldr\u00e1n a las calles para reafirmar su solidaridad con Venezuela. <\/p>\n<p>Seg\u00fan inform\u00f3 la Coordinadora del Consejo de Comunicaci\u00f3n y Ciudadan\u00eda, Rosario Murillo, la movilizaci\u00f3n se realizar\u00e1 en la avenida Bolivar a Ch\u00e1vez. <\/p>\n<p>\u201cEstos son d\u00edas de solidaridad activa, crecida, militante\u201d, expres\u00f3 Murillo. <\/p>\n<p>D\u00edas antes el presidente de Nicaragua, Daniel Ortega, Murillo y la Asamblea Nacional nicaraguense<\/span><span style=\"font-family: Verdana, sans-serif\"> se pronunciaron a favor de Venezuela<\/span><span style=\"font-family: Verdana, sans-serif\"> ante la nueva agresi\u00f3n estadounidense. <\/span><br \/><span style=\"color: blue;font-family: Verdana\">Fuente: Telesur, Producci\u00f3n Riachuelo<\/span><\/p>\n<div style=\"clear: both;text-align: center\"><a href=\"http:\/\/1.bp.blogspot.com\/-3M_G8rq020g\/VQLdKZ28v6I\/AAAAAAAADBQ\/aDIcQcu68hM\/s1600\/COOP%2BRIACHIUELO%2BPRODUCCIONES.jpg\" style=\"clear: left;float: left;margin-bottom: 1em;margin-right: 1em\"><img loading=\"lazy\" decoding=\"async\" border=\"0\" src=\"http:\/\/1.bp.blogspot.com\/-3M_G8rq020g\/VQLdKZ28v6I\/AAAAAAAADBQ\/aDIcQcu68hM\/s1600\/COOP%2BRIACHIUELO%2BPRODUCCIONES.jpg\" height=\"58\" width=\"200\" \/><\/a><\/div>\n","protected":false},"excerpt":{"rendered":"<p>LA PATRIA GRANDE Pueblos hermanos marchan en solidaridad con Venezuela &nbsp; Ante las nuevas amenazas y agresiones de Estados Unidos en contra de Venezuela, varios pueblos hermanos de Am\u00e9rica Latina y el mundo se movilizar\u00e1n este viernes por las calles en solidaridad y apoyo a la naci\u00f3n suramericana. En Argentina, los actos de calle comenzar\u00e1n [&hellip;]<\/p>\n","protected":false},"author":4,"featured_media":0,"comment_status":"open","ping_status":"open","sticky":false,"template":"","format":"standard","meta":{"_monsterinsights_skip_tracking":false,"_monsterinsights_sitenote_active":false,"_monsterinsights_sitenote_note":"","_monsterinsights_sitenote_category":0,"jnews-multi-image_gallery":[],"jnews_single_post":{"format":"standard"},"jnews_primary_category":[],"_joinchat":[],"footnotes":""},"categories":[58],"tags":[70,157,167],"class_list":["post-680","post","type-post","status-publish","format-standard","hentry","category-noticiariachuelo","tag-de-la-patria-grande","tag-nadie-se-salva-solo","tag-politica-internacional"],"_links":{"self":[{"href":"http:\/\/fmriachuelo.it10.com.ar\/index.php\/wp-json\/wp\/v2\/posts\/680","targetHints":{"allow":["GET"]}}],"collection":[{"href":"http:\/\/fmriachuelo.it10.com.ar\/index.php\/wp-json\/wp\/v2\/posts"}],"about":[{"href":"http:\/\/fmriachuelo.it10.com.ar\/index.php\/wp-json\/wp\/v2\/types\/post"}],"author":[{"embeddable":true,"href":"http:\/\/fmriachuelo.it10.com.ar\/index.php\/wp-json\/wp\/v2\/users\/4"}],"replies":[{"embeddable":true,"href":"http:\/\/fmriachuelo.it10.com.ar\/index.php\/wp-json\/wp\/v2\/comments?post=680"}],"version-history":[{"count":1,"href":"http:\/\/fmriachuelo.it10.com.ar\/index.php\/wp-json\/wp\/v2\/posts\/680\/revisions"}],"predecessor-version":[{"id":22616,"href":"http:\/\/fmriachuelo.it10.com.ar\/index.php\/wp-json\/wp\/v2\/posts\/680\/revisions\/22616"}],"wp:attachment":[{"href":"http:\/\/fmriachuelo.it10.com.ar\/index.php\/wp-json\/wp\/v2\/media?parent=680"}],"wp:term":[{"taxonomy":"category","embeddable":true,"href":"http:\/\/fmriachuelo.it10.com.ar\/index.php\/wp-json\/wp\/v2\/categories?post=680"},{"taxonomy":"post_tag","embeddable":true,"href":"http:\/\/fmriachuelo.it10.com.ar\/index.php\/wp-json\/wp\/v2\/tags?post=680"}],"curies":[{"name":"wp","href":"https:\/\/api.w.org\/{rel}","templated":true}]}}