{"id":68,"date":"2021-08-06T15:23:54","date_gmt":"2021-08-06T15:23:54","guid":{"rendered":"http:\/\/fmriachuelo.it10.com.ar\/?p=68"},"modified":"2025-02-12T13:26:00","modified_gmt":"2025-02-12T16:26:00","slug":"la-pochi-inauguran-peluqueria-de-la-economia-popular-en-la-boca","status":"publish","type":"post","link":"http:\/\/fmriachuelo.it10.com.ar\/index.php\/2021\/08\/06\/la-pochi-inauguran-peluqueria-de-la-economia-popular-en-la-boca\/","title":{"rendered":"\u201cLA POCHI\u201d: INAUGURAN PELUQUER\u00cdA DE LA ECONOM\u00cdA POPULAR EN LA BOCA"},"content":{"rendered":"\n<p><strong>[FM Riachuelo, 6\/8\/2021]<\/strong> <strong>Este martes el Merendero Sembrando Conciencia (ex Merendero Madres en Lucha) inaugur\u00f3 en el barrio de La Boca un emprendimiento de peluquer\u00eda. \u201cLa Pochi\u201d surgi\u00f3 por la necesidad de generar ingresos y trabajo \u00a0para los y las j\u00f3venes que acompa\u00f1an en la diaria la tarea del merendero pero ven\u00edan encontrando muchas dificultades para insertarse en el mundo del trabajo formal. A la manera de la econom\u00eda popular, les pibes de Sembrando Conciencia tuvieron que inventar el trabajo que el sistema no genera y que, desde el martes, funciona en Lamadrid 735.<\/strong><\/p>\n\n\n<div class=\"wp-block-image\">\n<figure class=\"aligncenter\"><img decoding=\"async\" src=\"http:\/\/fmriachuelo.com.ar\/wp-content\/uploads\/2021\/08\/WhatsApp-Image-2021-08-03-at-14.53.54-1025x683.jpeg\" alt=\"\" class=\"wp-image-13843\"\/><\/figure><\/div>\n\n\n<p>\u00abEsto surge del inter\u00e9s de los j\u00f3venes quienes se fueron sumando a este espacio. Porque creemos que el cambio viene de la econom\u00eda popular, que podamos comenzar con nuestro trabajo, para que nosotros seamos due\u00f1os de nuestro trabajo y de nuestros sue\u00f1os\u00bb, expres\u00f3 Roxana Cainzos, referente del Merendero, durante el acto de inauguraci\u00f3n.<\/p>\n\n\n\n<p>Maira, quien forma parte del grupo de j\u00f3venes que convirtieron la idea en <strong>La Pochi<\/strong>, resalt\u00f3 el valor de que los pibes tomen iniciativas de este tipo: \u00abAc\u00e1 hay un lugar donde pueden especializarse un poco m\u00e1s. Esto nos ayuda a poder trabajar en grupo, esto es fruto de todo porque todos pusimos un granito de arena\u201d.<\/p>\n\n\n<div class=\"wp-block-image\">\n<figure class=\"aligncenter\"><img decoding=\"async\" src=\"http:\/\/fmriachuelo.com.ar\/wp-content\/uploads\/2021\/08\/WhatsApp-Image-2021-08-03-at-14.53.58-1025x683.jpeg\" alt=\"\" class=\"wp-image-13844\"\/><\/figure><\/div>\n\n\n<p>Un nuevo ejemplo para reivindicar por parte del Merendero que llevan adelante Roxana Cainzos y Carolina Vila, madres de v\u00edctimas de gatillo f\u00e1cil y violencia institucional. Ellas siempre recuerdan que la decisi\u00f3n de organizarse fue justamente para poder generar oportunidades y dignidad para pibes y pibas a quienes el poder, en los barrios populares, en general les tiene dibujado un destino de injusticias. Hasta hace unos d\u00edas la tarea de las compa\u00f1eras era conocida en el barrio bajo el nombre de \u201cMerendero Madres en Lucha contra la Violencia Institucional, pero junto con la peluquer\u00eda se estrenaba una nueva denominaci\u00f3n para la organizaci\u00f3n del barrio de La Boca: Madres Sembrando Conciencia.<\/p>\n\n\n\n<p>Roxana, explic\u00f3 a la FM Riachuelo los motivos de este cambio: \u201cUn grupo de madres, compa\u00f1eras de la lucha, estaban usando el nombre y estaban buscando legalizarlo. En el \u00faltimo tiempo lograron la personer\u00eda jur\u00eddica y nos pidieron si pod\u00edamos cambiar el nombre. Como madres solidarias accedimos a esta petici\u00f3n porque son compa\u00f1eras de muchos a\u00f1os de lucha y nosotros somos respetuosas de eso. El \u00b4Madres\u00b4 queda porque bueno, no dejamos de ser madres, por supuesto. El \u00b4sembrando\u00b4 nos gust\u00f3, sali\u00f3 de todos porque queremos sembrar, queremos construir. Fueron los j\u00f3venes los que pidieron agregar lo de \u201cconciencia\u201d, porque nos hace pensar en la conciencia de los derechos, en la conciencia de la lucha para lograr lo que queremos\u201d.<\/p>\n\n\n<div class=\"wp-block-image\">\n<figure class=\"aligncenter\"><img decoding=\"async\" src=\"http:\/\/fmriachuelo.com.ar\/wp-content\/uploads\/2021\/08\/WhatsApp-Image-2021-08-03-at-14.31.09-1-1025x683.jpeg\" alt=\"\" class=\"wp-image-13845\"\/><\/figure><\/div>","protected":false},"excerpt":{"rendered":"<p>[FM Riachuelo, 6\/8\/2021] Este martes el Merendero Sembrando Conciencia (ex Merendero Madres en Lucha) inaugur\u00f3 en el barrio de La Boca un emprendimiento de peluquer\u00eda. \u201cLa Pochi\u201d surgi\u00f3 por la necesidad de generar ingresos y trabajo \u00a0para los y las j\u00f3venes que acompa\u00f1an en la diaria la tarea del merendero pero ven\u00edan encontrando muchas dificultades [&hellip;]<\/p>\n","protected":false},"author":1,"featured_media":69,"comment_status":"open","ping_status":"open","sticky":false,"template":"","format":"standard","meta":{"_monsterinsights_skip_tracking":false,"_monsterinsights_sitenote_active":false,"_monsterinsights_sitenote_note":"","_monsterinsights_sitenote_category":0,"jnews-multi-image_gallery":[],"jnews_single_post":{"subtitle":"","format":"standard","video":"","gallery":"","source_name":"","source_url":"","via_name":"","via_url":"","override":[{"template":"1","single_blog_custom":"","parallax":"1","fullscreen":"1","layout":"right-sidebar","sidebar":"default-sidebar","second_sidebar":"default-sidebar","sticky_sidebar":"1","share_position":"top","share_float_style":"share-monocrhome","show_share_counter":"1","show_view_counter":"1","show_featured":"1","show_post_meta":"1","show_post_author":"1","show_post_author_image":"1","show_post_date":"1","post_date_format":"default","post_date_format_custom":"Y\/m\/d","show_post_category":"1","post_reading_time_wpm":"300","zoom_button_out_step":"2","zoom_button_in_step":"3","show_post_tag":"1","show_prev_next_post":"1","show_popup_post":"1","number_popup_post":"1"}],"image_override":[{"single_post_thumbnail_size":"crop-500","single_post_gallery_size":"crop-500"}],"trending_post_position":"meta","trending_post_label":"Trending","sponsored_post_label":"Sponsored by","sponsored_post_name":"","sponsored_post_url":"","sponsored_post_logo":"","sponsored_post_desc":""},"jnews_primary_category":{"id":""},"_joinchat":[],"footnotes":""},"categories":[78,58,75],"tags":[65],"class_list":["post-68","post","type-post","status-publish","format-standard","has-post-thumbnail","hentry","category-economia-popular","category-noticiariachuelo","category-trabajo","tag-soberania"],"_links":{"self":[{"href":"http:\/\/fmriachuelo.it10.com.ar\/index.php\/wp-json\/wp\/v2\/posts\/68","targetHints":{"allow":["GET"]}}],"collection":[{"href":"http:\/\/fmriachuelo.it10.com.ar\/index.php\/wp-json\/wp\/v2\/posts"}],"about":[{"href":"http:\/\/fmriachuelo.it10.com.ar\/index.php\/wp-json\/wp\/v2\/types\/post"}],"author":[{"embeddable":true,"href":"http:\/\/fmriachuelo.it10.com.ar\/index.php\/wp-json\/wp\/v2\/users\/1"}],"replies":[{"embeddable":true,"href":"http:\/\/fmriachuelo.it10.com.ar\/index.php\/wp-json\/wp\/v2\/comments?post=68"}],"version-history":[{"count":2,"href":"http:\/\/fmriachuelo.it10.com.ar\/index.php\/wp-json\/wp\/v2\/posts\/68\/revisions"}],"predecessor-version":[{"id":22655,"href":"http:\/\/fmriachuelo.it10.com.ar\/index.php\/wp-json\/wp\/v2\/posts\/68\/revisions\/22655"}],"wp:featuredmedia":[{"embeddable":true,"href":"http:\/\/fmriachuelo.it10.com.ar\/index.php\/wp-json\/wp\/v2\/media\/69"}],"wp:attachment":[{"href":"http:\/\/fmriachuelo.it10.com.ar\/index.php\/wp-json\/wp\/v2\/media?parent=68"}],"wp:term":[{"taxonomy":"category","embeddable":true,"href":"http:\/\/fmriachuelo.it10.com.ar\/index.php\/wp-json\/wp\/v2\/categories?post=68"},{"taxonomy":"post_tag","embeddable":true,"href":"http:\/\/fmriachuelo.it10.com.ar\/index.php\/wp-json\/wp\/v2\/tags?post=68"}],"curies":[{"name":"wp","href":"https:\/\/api.w.org\/{rel}","templated":true}]}}