{"id":6792,"date":"2018-04-16T22:47:03","date_gmt":"2018-04-16T22:47:03","guid":{"rendered":"http:\/\/fmriachuelo.com.ar\/?p=6792"},"modified":"2018-04-16T22:47:03","modified_gmt":"2018-04-16T22:47:03","slug":"asamblea-popular-y-torneo-de-futbol-contra-el-cierre-del-campito","status":"publish","type":"post","link":"http:\/\/fmriachuelo.it10.com.ar\/index.php\/2018\/04\/16\/asamblea-popular-y-torneo-de-futbol-contra-el-cierre-del-campito\/","title":{"rendered":"ASAMBLEA POPULAR Y TORNEO DE F\u00daTBOL CONTRA EL CIERRE DEL CAMPITO"},"content":{"rendered":"<p>[FM RIACHUELO 11\/04\/2018]\u00a0 El\u00a0 s\u00e1bado\u00a0 pasado se realiz\u00f3 el primer encuentro del torneo de f\u00fatbol\u00a0 en los Campitos ubicado en Blanes y Martin Rodr\u00edguez en el barrio de la Boca.\u00a0 En el marco de una actividad \u00a0para decirles no al cierre del \u201cCampito\u201d. Este fue \u00a0organizado por la juventud de la Organizaci\u00f3n Social y Pol\u00edtica Los Pibes y\u00a0 el Frente Popular Dar\u00edo Santill\u00e1n.<\/p>\n<p>Desde muy temprano los distintos equipos, llegaron para dar\u00a0 inicio al \u00a0torneo, junto a otras actividades que iban acompa\u00f1ar, \u00a0como radio abierta a cargo \u00a0de Fm Riachuelo \u00a0y feria del plato para visibilizar el conflicto.<\/p>\n<p><img loading=\"lazy\" decoding=\"async\" class=\"alignnone size-full wp-image-6803\" src=\"http:\/\/fmriachuelo.com.ar\/wp-content\/uploads\/2018\/04\/WhatsApp-Image-2018-04-14-at-12.17.47-PM-1.jpeg\" alt=\"\" width=\"774\" height=\"576\" srcset=\"http:\/\/fmriachuelo.it10.com.ar\/wp-content\/uploads\/2018\/04\/WhatsApp-Image-2018-04-14-at-12.17.47-PM-1.jpeg 774w, http:\/\/fmriachuelo.it10.com.ar\/wp-content\/uploads\/2018\/04\/WhatsApp-Image-2018-04-14-at-12.17.47-PM-1-300x223.jpeg 300w, http:\/\/fmriachuelo.it10.com.ar\/wp-content\/uploads\/2018\/04\/WhatsApp-Image-2018-04-14-at-12.17.47-PM-1-768x572.jpeg 768w, http:\/\/fmriachuelo.it10.com.ar\/wp-content\/uploads\/2018\/04\/WhatsApp-Image-2018-04-14-at-12.17.47-PM-1-750x558.jpeg 750w\" sizes=\"auto, (max-width: 774px) 100vw, 774px\" \/><\/p>\n<p>Los partidos \u00a0de 20 minutos por cada tiempo daban comienzo, a una jornada de participaci\u00f3n y recreaci\u00f3n entre los compa\u00f1eros, para defender el espacio p\u00fablico de todxs los vecinxs del barrio, que vienen sufriendo la avanzada del negocio\u00a0 inmobiliario y cierre de los espacios verdes en el sur de la capital, desde la llegada del gobierno de \u00a0Cambiemos.<\/p>\n<p>Los equipos que participaron \u00a0se mezclaron entre pibes y pibas,y\u00a0 adem\u00e1s jugaron \u00a0algunxs \u00a0pibxs del barrio que se acercaron para participar del torneo. La solidaridad jug\u00f3 un papel m\u00e1s que importante en esta jornada, ya que \u00a0a muchos de los equipos les faltaba un integrante,\u00a0 por lo que\u00a0 intercambiaron jugadores entre equipos rivales, para que todxs puedan participar\u00a0 del torneo.<\/p>\n<p><img loading=\"lazy\" decoding=\"async\" class=\"wp-image-6797  aligncenter\" src=\"http:\/\/fmriachuelo.com.ar\/wp-content\/uploads\/2018\/04\/WhatsApp-Image-2018-04-16-at-3.01.25-PM-1-1024x766.jpeg\" alt=\"\" width=\"487\" height=\"364\" srcset=\"http:\/\/fmriachuelo.it10.com.ar\/wp-content\/uploads\/2018\/04\/WhatsApp-Image-2018-04-16-at-3.01.25-PM-1-1024x766.jpeg 1024w, http:\/\/fmriachuelo.it10.com.ar\/wp-content\/uploads\/2018\/04\/WhatsApp-Image-2018-04-16-at-3.01.25-PM-1-300x224.jpeg 300w, http:\/\/fmriachuelo.it10.com.ar\/wp-content\/uploads\/2018\/04\/WhatsApp-Image-2018-04-16-at-3.01.25-PM-1-768x574.jpeg 768w, http:\/\/fmriachuelo.it10.com.ar\/wp-content\/uploads\/2018\/04\/WhatsApp-Image-2018-04-16-at-3.01.25-PM-1-750x561.jpeg 750w, http:\/\/fmriachuelo.it10.com.ar\/wp-content\/uploads\/2018\/04\/WhatsApp-Image-2018-04-16-at-3.01.25-PM-1-1140x852.jpeg 1140w, http:\/\/fmriachuelo.it10.com.ar\/wp-content\/uploads\/2018\/04\/WhatsApp-Image-2018-04-16-at-3.01.25-PM-1.jpeg 1280w\" sizes=\"auto, (max-width: 487px) 100vw, 487px\" \/><\/p>\n<p>Abril y Camila \u00a0referentes de la juventud de la Organizaci\u00f3n Social y Pol\u00edtica Los Pibes, estuvieron en el\u00a0 programa \u201cRompe el Cerco Informativo\u201d, y contaron el motivo por el cual los llevo a organizar el campeonato de f\u00fatbol.Abril al respecto dijo \u201cesta actividad la organizamos para defender al campito y entender al campito como un espacio que es del barrio. \u00a0Y que se tiene que seguir utilizando para lo que es, que es jugar al f\u00fatbol\u201d.<\/p>\n<p>Algunos de los equipos que participaron del\u00a0 torneo\u00a0 fueron, Casa Popular el Patio, Frente Dario Santill\u00e1n Barracas, Boca es Pueblo, Frente Dario Santill\u00e1n la Boca, entre otros. De los cuales llegaron a la semifinal, solo tres equipos.<\/p>\n<p><a href=\"https:\/\/radiocut.fm\/audiocut\/entrevista-a-abril-y-camila-asamblea-popular-y-torneo-de-futbol-en-defensa-de-los-campitos\/\">EN RADIO CUT ENTREVISTA COMPLETA<\/a><\/p>\n<p>&nbsp;<\/p>\n","protected":false},"excerpt":{"rendered":"<p>[FM RIACHUELO 11\/04\/2018]\u00a0 El\u00a0 s\u00e1bado\u00a0 pasado se realiz\u00f3 el primer encuentro del torneo de f\u00fatbol\u00a0 en los Campitos ubicado en Blanes y Martin Rodr\u00edguez en el barrio de la Boca.\u00a0 En el marco de una actividad \u00a0para decirles no al cierre del \u201cCampito\u201d. Este fue \u00a0organizado por la juventud de la Organizaci\u00f3n Social y Pol\u00edtica [&hellip;]<\/p>\n","protected":false},"author":5,"featured_media":6793,"comment_status":"open","ping_status":"open","sticky":false,"template":"","format":"standard","meta":{"_monsterinsights_skip_tracking":false,"_monsterinsights_sitenote_active":false,"_monsterinsights_sitenote_note":"","_monsterinsights_sitenote_category":0,"jnews-multi-image_gallery":[],"jnews_single_post":[],"jnews_primary_category":[],"_joinchat":[],"footnotes":""},"categories":[78,80,79,76,77],"tags":[],"class_list":["post-6792","post","type-post","status-publish","format-standard","has-post-thumbnail","hentry","category-economia-popular","category-educacion","category-nadie-se-salva-solo","category-salud-comunitaria","category-soberania"],"_links":{"self":[{"href":"http:\/\/fmriachuelo.it10.com.ar\/index.php\/wp-json\/wp\/v2\/posts\/6792","targetHints":{"allow":["GET"]}}],"collection":[{"href":"http:\/\/fmriachuelo.it10.com.ar\/index.php\/wp-json\/wp\/v2\/posts"}],"about":[{"href":"http:\/\/fmriachuelo.it10.com.ar\/index.php\/wp-json\/wp\/v2\/types\/post"}],"author":[{"embeddable":true,"href":"http:\/\/fmriachuelo.it10.com.ar\/index.php\/wp-json\/wp\/v2\/users\/5"}],"replies":[{"embeddable":true,"href":"http:\/\/fmriachuelo.it10.com.ar\/index.php\/wp-json\/wp\/v2\/comments?post=6792"}],"version-history":[{"count":0,"href":"http:\/\/fmriachuelo.it10.com.ar\/index.php\/wp-json\/wp\/v2\/posts\/6792\/revisions"}],"wp:featuredmedia":[{"embeddable":true,"href":"http:\/\/fmriachuelo.it10.com.ar\/index.php\/wp-json\/wp\/v2\/media\/6793"}],"wp:attachment":[{"href":"http:\/\/fmriachuelo.it10.com.ar\/index.php\/wp-json\/wp\/v2\/media?parent=6792"}],"wp:term":[{"taxonomy":"category","embeddable":true,"href":"http:\/\/fmriachuelo.it10.com.ar\/index.php\/wp-json\/wp\/v2\/categories?post=6792"},{"taxonomy":"post_tag","embeddable":true,"href":"http:\/\/fmriachuelo.it10.com.ar\/index.php\/wp-json\/wp\/v2\/tags?post=6792"}],"curies":[{"name":"wp","href":"https:\/\/api.w.org\/{rel}","templated":true}]}}