{"id":679,"date":"2015-03-13T12:54:00","date_gmt":"2015-03-13T12:54:00","guid":{"rendered":"http:\/\/fmriachuelo.observatorioess.org.ar\/index.php\/2015\/03\/13\/argentina-foro-de-emancipacion-e-igualdad\/"},"modified":"2025-03-26T16:45:01","modified_gmt":"2025-03-26T19:45:01","slug":"argentina-foro-de-emancipacion-e-igualdad","status":"publish","type":"post","link":"http:\/\/fmriachuelo.it10.com.ar\/index.php\/2015\/03\/13\/argentina-foro-de-emancipacion-e-igualdad\/","title":{"rendered":"ARGENTINA: FORO DE EMANCIPACION E IGUALDAD"},"content":{"rendered":"<p><span style=\"color: red;font-family: Verdana, sans-serif;font-size: large\"><strong>Garc\u00eda Linera: A. Latina est\u00e1 jugando su destino en Venezuela<\/strong><\/span><br \/><strong><span style=\"color: red;font-family: Verdana;font-size: large\"><\/span><\/strong><\/p>\n<div style=\"text-align: justify\"><\/p>\n<div style=\"clear: both;text-align: center\"><a href=\"http:\/\/4.bp.blogspot.com\/-TOIP2V2-5NA\/VQLd6_TE22I\/AAAAAAAADBY\/yn14wyBov3A\/s1600\/g%2Blinera.jpg\" style=\"clear: left;float: left;margin-bottom: 1em;margin-right: 1em\"><img decoding=\"async\" border=\"0\" src=\"http:\/\/4.bp.blogspot.com\/-TOIP2V2-5NA\/VQLd6_TE22I\/AAAAAAAADBY\/yn14wyBov3A\/s1600\/g%2Blinera.jpg\" \/><\/a><\/div>\n<\/div>\n<p><span style=\"font-family: Verdana, sans-serif\">Organizado por el Ministerio de Cultura de la Naci\u00f3n Argentina, se desarrolla los d\u00edas 12, 13 y 14 de marzo de 2015 el Foro Internacional por la Emancipaci\u00f3n e Igualdad, con la participaci\u00f3n de reconocidas figuras del pensamiento de America y el mundo. <\/p>\n<p>El Vicepresidente Boliviano \u00c1lvaro Garc\u00eda Linera, particip\u00f3 en la segunda mesa de trabajo del Foro, que se esta desarrollando en Buenos Aires (Argentina), manifest\u00f3 que \u00abAm\u00e9rica Latina est\u00e1 <\/span><span style=\"font-family: Verdana, sans-serif\">jugando su destino en Venezuela<\/span><span style=\"font-family: Verdana, sans-serif\">\u00bb en referencia y defensa a las recientes sanciones impuestas por EE.UU. contra Venezuela. <\/p>\n<p>\u00abLe decimos al gobierno norteamericano ustedes son un peligro a la soberan\u00eda latinoamericana. Nosotros no somos un peligro para ustedes. Ustedes son y han sido un peligro para la vida en Latinoam\u00e9rica\u00bb manifest\u00f3 Garc\u00eda Linera. <\/span><span style=\"font-family: Verdana, sans-serif\">El Foro Internacional propone revisar los procesos pol\u00edticos democr\u00e1ticos y populares que surgieron al calor del fracaso de las experiencias neoliberales y que, ampliando las conquistas materiales y simb\u00f3licas de las democracias latinoamericanas, hicieron de la \u00faltima d\u00e9cada un momento \u00fanico de nuestra historia.  <\/span><a name='more'><\/a><span style=\"font-family: Verdana, sans-serif\"><br \/>\u00abNos estamos jugando nuestro destino como revolucionarios en Venezuela\u00bb asegur\u00f3 Garc\u00eda Linera en su intervenci\u00f3n, destacando que como <\/span><span style=\"font-family: Verdana, sans-serif\">regi\u00f3n la integraci\u00f3n latinoamericana<\/span><span style=\"font-family: Verdana, sans-serif\"> necesita de una base material, determinando que esta ser\u00edan las acciones conjuntas. \u00abNo queremos ser parte de la novela de un corto verano. Queremos que dure mucho\u00bb precis\u00f3 el vicepresidente.  <\/p>\n<p>El vicepresidente boliviano puntualiz\u00f3 que la clave de la revoluci\u00f3n radica en que \u00abla esperanza se extienda\u00bb, al mismo tiempo que se dirig\u00eda al secretario pol\u00edtico de Podemos (Espa\u00f1a) \u00cd\u00f1igo Errej\u00f3n, (presente en el Foro) haci\u00e9ndole saber que lo que pasa actualmente en Europa, pas\u00f3 en Am\u00e9rica Latina hace 20 a\u00f1os, \u00abTodas las pol\u00edticas de austeridad destruyen las sociedades y da\u00f1an la democracia. No pasen ese invierno, las pol\u00edticas de austeridad destruyen las naciones\u00bb.&nbsp;<\/span><br \/><span style=\"font-family: Verdana, sans-serif\"><span style=\"color: blue\">Fuente: Telesur, Producci\u00f3n Riachuelo<\/span>&nbsp;<\/span><\/p>\n<div style=\"clear: both;text-align: center\"><a href=\"http:\/\/3.bp.blogspot.com\/-WHN37d6wIJI\/VQLZ4Ef2ZrI\/AAAAAAAADAw\/UXihUbfSxk4\/s1600\/COOP%2BRIACHIUELO%2BPRODUCCIONES.jpg\" style=\"clear: left;float: left;margin-bottom: 1em;margin-right: 1em\"><img loading=\"lazy\" decoding=\"async\" border=\"0\" src=\"http:\/\/3.bp.blogspot.com\/-WHN37d6wIJI\/VQLZ4Ef2ZrI\/AAAAAAAADAw\/UXihUbfSxk4\/s1600\/COOP%2BRIACHIUELO%2BPRODUCCIONES.jpg\" height=\"58\" width=\"200\" \/><\/a><\/div>\n","protected":false},"excerpt":{"rendered":"<p>Garc\u00eda Linera: A. Latina est\u00e1 jugando su destino en Venezuela Organizado por el Ministerio de Cultura de la Naci\u00f3n Argentina, se desarrolla los d\u00edas 12, 13 y 14 de marzo de 2015 el Foro Internacional por la Emancipaci\u00f3n e Igualdad, con la participaci\u00f3n de reconocidas figuras del pensamiento de America y el mundo. El Vicepresidente [&hellip;]<\/p>\n","protected":false},"author":4,"featured_media":0,"comment_status":"open","ping_status":"open","sticky":false,"template":"","format":"standard","meta":{"_monsterinsights_skip_tracking":false,"_monsterinsights_sitenote_active":false,"_monsterinsights_sitenote_note":"","_monsterinsights_sitenote_category":0,"jnews-multi-image_gallery":[],"jnews_single_post":{"format":"standard"},"jnews_primary_category":[],"_joinchat":[],"footnotes":""},"categories":[58],"tags":[70,167],"class_list":["post-679","post","type-post","status-publish","format-standard","hentry","category-noticiariachuelo","tag-de-la-patria-grande","tag-politica-internacional"],"_links":{"self":[{"href":"http:\/\/fmriachuelo.it10.com.ar\/index.php\/wp-json\/wp\/v2\/posts\/679","targetHints":{"allow":["GET"]}}],"collection":[{"href":"http:\/\/fmriachuelo.it10.com.ar\/index.php\/wp-json\/wp\/v2\/posts"}],"about":[{"href":"http:\/\/fmriachuelo.it10.com.ar\/index.php\/wp-json\/wp\/v2\/types\/post"}],"author":[{"embeddable":true,"href":"http:\/\/fmriachuelo.it10.com.ar\/index.php\/wp-json\/wp\/v2\/users\/4"}],"replies":[{"embeddable":true,"href":"http:\/\/fmriachuelo.it10.com.ar\/index.php\/wp-json\/wp\/v2\/comments?post=679"}],"version-history":[{"count":1,"href":"http:\/\/fmriachuelo.it10.com.ar\/index.php\/wp-json\/wp\/v2\/posts\/679\/revisions"}],"predecessor-version":[{"id":22617,"href":"http:\/\/fmriachuelo.it10.com.ar\/index.php\/wp-json\/wp\/v2\/posts\/679\/revisions\/22617"}],"wp:attachment":[{"href":"http:\/\/fmriachuelo.it10.com.ar\/index.php\/wp-json\/wp\/v2\/media?parent=679"}],"wp:term":[{"taxonomy":"category","embeddable":true,"href":"http:\/\/fmriachuelo.it10.com.ar\/index.php\/wp-json\/wp\/v2\/categories?post=679"},{"taxonomy":"post_tag","embeddable":true,"href":"http:\/\/fmriachuelo.it10.com.ar\/index.php\/wp-json\/wp\/v2\/tags?post=679"}],"curies":[{"name":"wp","href":"https:\/\/api.w.org\/{rel}","templated":true}]}}