{"id":677,"date":"2015-03-14T07:30:00","date_gmt":"2015-03-14T07:30:00","guid":{"rendered":"http:\/\/fmriachuelo.observatorioess.org.ar\/index.php\/2015\/03\/14\/villa-21-24-disputas-territoriales-y-la-intervencion-de-la-justicia\/"},"modified":"2025-03-26T16:47:13","modified_gmt":"2025-03-26T19:47:13","slug":"villa-21-24-disputas-territoriales-y-la-intervencion-de-la-justicia","status":"publish","type":"post","link":"http:\/\/fmriachuelo.it10.com.ar\/index.php\/2015\/03\/14\/villa-21-24-disputas-territoriales-y-la-intervencion-de-la-justicia\/","title":{"rendered":"VILLA 21-24 DISPUTAS TERRITORIALES Y LA INTERVENCION DE LA JUSTICIA"},"content":{"rendered":"<p><span style=\"font-family: Verdana, sans-serif\"><strong><span style=\"color: red;font-size: large\">LAS FUERZAS DE&nbsp;INSEGURIDAD<\/span>&nbsp;<\/strong><\/span><br \/><span style=\"font-family: Verdana, sans-serif\"><strong>El juez del caso Kevin consider\u00f3 responsables de su muerte a las fuerzas de seguridad   <\/strong><\/span>&nbsp;&nbsp;&nbsp; <br \/><!-- begin class item-headinfo --><\/p>\n<div style=\"clear: both;text-align: center\"><\/div>\n<div style=\"clear: left;float: left;margin-bottom: 1em;margin-right: 1em\"><img loading=\"lazy\" decoding=\"async\" border=\"0\" src=\"http:\/\/4.bp.blogspot.com\/-qnwG2ze59ZQ\/VQOhSOkZ9TI\/AAAAAAAADBs\/f3st3O-zyVI\/s1600\/kevin.jpg\" height=\"168\" width=\"320\" \/><\/div>\n<div style=\"margin-left: 1em;margin-right: 1em\"><span style=\"font-family: Verdana, sans-serif\">[Por Nadia Fink] 18 meses despu\u00e9s del asesinato del ni\u00f1o de 9 a\u00f1os en Zavaleta, un prefecto es procesado por incumplimiento de funci\u00f3n p\u00fablica. La liberaci\u00f3n de zona, esta vez, paga.<br \/>El juez de primera instancia, Luis Alberto Schelgel, a cargo del Juzgado N\u00b0 14 dict\u00f3 procesamiento contra el Oficial Principal Daniel Andr\u00e9s Stofd \u201cen orden al delito de incumplimiento de los deberes de funcionario p\u00fablico previsto y reprimido en el art. 249 del C.P.\u201d. El prefecto estaba a cargo del grupo que se trasladaba en el m\u00f3vil N\u00b0 1.232 aquella ma\u00f1ana por la Plaza Kevin y sus alrededores, manzana 55 y 4 del Barrio Zavaleta, de la Villa 21. De los otros seis prefectos indagados, a cinco se les dict\u00f3 la falta de m\u00e9rito y a otro se lo sobresey\u00f3.<\/span><\/div>\n<p><span style=\"font-family: Verdana, sans-serif\"><\/span><br \/><a name='more'><\/a><span style=\"font-family: Verdana, sans-serif\"><br \/>La sentencia hace foco en que si las fuerzas hubieran intervenido, el tiroteo seguramente hubiera cesado: \u201cen el m\u00e1s precario de los casos, y aun ante la falta de los autores de los hechos, o incluso casquillos visibles, la sola presencia uniformada hubiera desalentado la evoluci\u00f3n de los hechos, evitando las fatales consecuencias ulteriores corroboradas; y previsibles, si se estaba produciendo un enfrentamiento armado\u201d, puede leerse.<\/p>\n<p>Entrevistado por Marcha, el abogado de la causa, Luciano Ortiz Almonacid dijo estar conforme con el fallo en general \u201cporque da cuenta de lo que venimos diciendo y por lo que venimos luchando desde hace mucho. Sienta un precedente\u201d. Sin embargo, el fallo fue apelado porque \u201cno se indag\u00f3 a la Gendarmer\u00eda, que estaba en ese lugar, y tampoco estamos de acuerdo con la falta de m\u00e9rito de los otros seis prefectos\u201d, aclar\u00f3 el abogado. Al respecto, la sentencia incluye en su descripci\u00f3n a la fuerza toda: \u201cconsecuentemente, entiendo que el personal de la Prefectura Naval Argentina omiti\u00f3 las funciones de prevenci\u00f3n que le eran exigibles, por el rol de garantes que detentaban en aquella oportunidad\u201d.<\/p>\n<p><strong>Una triste ma\u00f1ana de lluvia<\/strong><\/p>\n<p>La madrugada del 7 de septiembre de 2013, d\u00edas antes de una primavera que no floreci\u00f3 en Zavaleta, dos bandas narco se disputaban un \u201ckiosquito\u201d que hab\u00eda sido cerrado una semana antes justo enfrente de la casa de Kevin y su familia. Una de esas balas entr\u00f3 por la ventana y alcanz\u00f3 al ni\u00f1o, acurrucado debajo de la mesa. Roxana Benegas, su mam\u00e1, lo traslad\u00f3 en un auto particular al hospital Penna ya era demasiado tarde.<\/p>\n<p>Horas antes de la muerte de Kevin, las modulaciones entre los prefectos que se encontraban en el lugar y el 911 eran las siguientes: \u201ccaptado departamento, me vuelvo a desplazar, hace 2 segundos sal\u00ed de ah\u00ed de la plaza Kevin y negativo masculinos en esa plaza\u201d o \u201cen estos momentos departamento me encuentro en la Plaza Kevin y el panorama es normal\u201d.<\/p>\n<p>La Plaza Kevin (que recibi\u00f3 ese nombre por otro Kevin, que tambi\u00e9n hab\u00eda ca\u00eddo por una bala proveniente de un enfrentamiento entre bandas narco) queda a s\u00f3lo 50 metros de la casa de Roxana y su familia. Si se tiene en cuenta que las armas que se disparaban eran FAl, UZI y pistolas 9 mm, \u201ces imposible negar, primero el conocimiento directo del tiroteo con armas de guerra&#8230; \u00bfQue un gendarme no lo sepa? Tiene el sonido que todos escuchamos en una pel\u00edcula de Hollywood, muy fuerte y particular\u201d, nos contaba hace unos meses Ortiz Almonacid, cuando junto con Roxana doblegaban esfuerzos para ser escuchados.<\/p>\n<p>En ese sentido, la sentencia es clara: \u201csin perjuicio de ello, la mencionada circunstancia tampoco los exime de responsabilidad, pues se encontraban en el lugar del hecho, siendo los \u00fanicos competentes para evitar que los sucesos que estaban teniendo lugar \u2013nada menos que un enfrentamiento armado\u2013 pasaran a consecuencias ulteriores de mayor gravedad, a saber: la muerte del menor Kevin Benega. Ese resultado fatal, aun analiz\u00e1ndolo post facto, no se presentaba como improbable a esas instancias bajo el panorama de violencia que se estaba denunciado al 911\u201d.<\/p>\n<p>Hoy parece que hay un olorcito a justicia un poquito m\u00e1s fresco por estos pagos. Al menos para quienes son en general postergados, en los barrios donde proliferan las garitas y las fuerzas de seguridad y las ambulancias no ingresan a buscar a sus heridos. Donde habitan quienes ponen las v\u00edctimas y despu\u00e9s tienen que salir a limpiarles el nombre (\u201csi hubieran encontrado droga en mi casa hubieran dicho que le mataron un hijo a los transa\u201d, dec\u00eda Roxana).<\/p>\n<p>Por supuesto que no alcanza cuando la justicia acepta que la muerte de Kevin, de un pibe, hubiera podido evitarse. Por eso siguen caminando cada d\u00eda y luchando un poquito m\u00e1s Roxana y su familia, la organizaci\u00f3n La Garganta Poderosa (los muchos hijos e hijas nuevos que le nacieron a Roxana) y un pu\u00f1ado de abogados honestos que creen, a\u00fan, que la justicia es una y es para todas y todos.<\/span><br \/><span style=\"color: blue;font-family: Verdana\">Fuente: Marcha, Producci\u00f3n Riachuelo<\/span><\/p>\n<div style=\"clear: both;text-align: center\"><a href=\"http:\/\/4.bp.blogspot.com\/--tJxYBJ29eY\/VQOh9XFGs7I\/AAAAAAAADB0\/mxObLD-OZ6I\/s1600\/COOP%2BRIACHIUELO%2BPRODUCCIONES.jpg\" style=\"clear: left;float: left;margin-bottom: 1em;margin-right: 1em\"><img loading=\"lazy\" decoding=\"async\" border=\"0\" src=\"http:\/\/4.bp.blogspot.com\/--tJxYBJ29eY\/VQOh9XFGs7I\/AAAAAAAADB0\/mxObLD-OZ6I\/s1600\/COOP%2BRIACHIUELO%2BPRODUCCIONES.jpg\" height=\"58\" width=\"200\" \/><\/a><\/div>\n","protected":false},"excerpt":{"rendered":"<p>LAS FUERZAS DE&nbsp;INSEGURIDAD&nbsp;El juez del caso Kevin consider\u00f3 responsables de su muerte a las fuerzas de seguridad &nbsp;&nbsp;&nbsp; [Por Nadia Fink] 18 meses despu\u00e9s del asesinato del ni\u00f1o de 9 a\u00f1os en Zavaleta, un prefecto es procesado por incumplimiento de funci\u00f3n p\u00fablica. La liberaci\u00f3n de zona, esta vez, paga.El juez de primera instancia, Luis Alberto [&hellip;]<\/p>\n","protected":false},"author":4,"featured_media":0,"comment_status":"open","ping_status":"open","sticky":false,"template":"","format":"standard","meta":{"_monsterinsights_skip_tracking":false,"_monsterinsights_sitenote_active":false,"_monsterinsights_sitenote_note":"","_monsterinsights_sitenote_category":0,"jnews-multi-image_gallery":[],"jnews_single_post":{"format":"standard"},"jnews_primary_category":[],"_joinchat":[],"footnotes":""},"categories":[58],"tags":[119,89],"class_list":["post-677","post","type-post","status-publish","format-standard","hentry","category-noticiariachuelo","tag-derechos-humanos","tag-violencia-institucional"],"_links":{"self":[{"href":"http:\/\/fmriachuelo.it10.com.ar\/index.php\/wp-json\/wp\/v2\/posts\/677","targetHints":{"allow":["GET"]}}],"collection":[{"href":"http:\/\/fmriachuelo.it10.com.ar\/index.php\/wp-json\/wp\/v2\/posts"}],"about":[{"href":"http:\/\/fmriachuelo.it10.com.ar\/index.php\/wp-json\/wp\/v2\/types\/post"}],"author":[{"embeddable":true,"href":"http:\/\/fmriachuelo.it10.com.ar\/index.php\/wp-json\/wp\/v2\/users\/4"}],"replies":[{"embeddable":true,"href":"http:\/\/fmriachuelo.it10.com.ar\/index.php\/wp-json\/wp\/v2\/comments?post=677"}],"version-history":[{"count":1,"href":"http:\/\/fmriachuelo.it10.com.ar\/index.php\/wp-json\/wp\/v2\/posts\/677\/revisions"}],"predecessor-version":[{"id":22622,"href":"http:\/\/fmriachuelo.it10.com.ar\/index.php\/wp-json\/wp\/v2\/posts\/677\/revisions\/22622"}],"wp:attachment":[{"href":"http:\/\/fmriachuelo.it10.com.ar\/index.php\/wp-json\/wp\/v2\/media?parent=677"}],"wp:term":[{"taxonomy":"category","embeddable":true,"href":"http:\/\/fmriachuelo.it10.com.ar\/index.php\/wp-json\/wp\/v2\/categories?post=677"},{"taxonomy":"post_tag","embeddable":true,"href":"http:\/\/fmriachuelo.it10.com.ar\/index.php\/wp-json\/wp\/v2\/tags?post=677"}],"curies":[{"name":"wp","href":"https:\/\/api.w.org\/{rel}","templated":true}]}}