{"id":676,"date":"2015-03-14T20:33:00","date_gmt":"2015-03-14T20:33:00","guid":{"rendered":"http:\/\/fmriachuelo.observatorioess.org.ar\/index.php\/2015\/03\/14\/venezuela-se-ejercita-para-defender-su-soberania-territorial\/"},"modified":"2025-03-26T16:48:28","modified_gmt":"2025-03-26T19:48:28","slug":"venezuela-se-ejercita-para-defender-su-soberania-territorial","status":"publish","type":"post","link":"http:\/\/fmriachuelo.it10.com.ar\/index.php\/2015\/03\/14\/venezuela-se-ejercita-para-defender-su-soberania-territorial\/","title":{"rendered":"VENEZUELA SE EJERCITA PARA DEFENDER SU SOBERANIA TERRITORIAL"},"content":{"rendered":"<p><span style=\"color: red;font-family: Verdana, sans-serif;font-size: large\"><strong>FORTALECER LA DEFENSA INTEGRAL<\/strong><\/span><br \/><span style=\"color: red;font-family: Verdana, sans-serif\"><strong>Pueblo y Ej\u00e9rcito  realizan ejercicio \u00abEscudo Bolivariano\u00bb&nbsp; <\/strong><\/span><strong><span style=\"font-family: Verdana\"><\/span><\/strong><\/p>\n<div style=\"clear: both;text-align: center\"><a href=\"http:\/\/4.bp.blogspot.com\/-Zr7ybVN7GkE\/VQSY9tdmrCI\/AAAAAAAADCg\/UHryLjju8CA\/s1600\/ejercicio_militar1_jpg_1718483346.jpg\" style=\"clear: left;float: left;margin-bottom: 1em;margin-right: 1em\"><img loading=\"lazy\" decoding=\"async\" border=\"0\" src=\"http:\/\/4.bp.blogspot.com\/-Zr7ybVN7GkE\/VQSY9tdmrCI\/AAAAAAAADCg\/UHryLjju8CA\/s1600\/ejercicio_militar1_jpg_1718483346.jpg\" height=\"226\" width=\"400\" \/><\/a><\/div>\n<div style=\"clear: both;text-align: left\"><span style=\"font-family: Verdana\">El pasado 10 de marzo, el presidente de Venezuela, Nicol\u00e1s Maduro orden\u00f3 hacer este ejercicio militar defensivo especial para marcar los puntos defensivos y que \u201ca la patria no la toque nadie\u201d, en referencia a las agresiones del Gobierno estadounidense que considera a Venezuela como una amenaza a su seguridad.&nbsp;<\/span><br \/><span style=\"font-family: Verdana\">El ministro venezolano para la Defensa, Padrino L\u00f3pez,  destac\u00f3 que no se trata de un ejercicio de demostraci\u00f3n b\u00e9lica, sino \u00abes la articulaci\u00f3n de la Fuerza Armada y el pueblo en la organizaci\u00f3n y construcci\u00f3n de lo que hemos denominado los \u00f3rganos para la defensa integral, los cuales tendr\u00e1n direcci\u00f3n pol\u00edtica conectados con la lucha armada, lo que har\u00e1 la combinaci\u00f3n perfecta para defendernos de cualquier agresi\u00f3n\u00bb. <\/span><a name='more'><\/a><span style=\"font-family: Verdana\"><br \/>La Fuerza Armada Nacional Bolivariana (FANB) y el pueblo venezolano se unen&nbsp; en el ejercicio \u201cEscudo Bolivariano\u201d, con el cual se busca demostrar las capacidades de Venezuela en defensa de su soberan\u00eda. <\/p>\n<p>El ministro venezolano para la Defensa, Vladimir Padrino L\u00f3pez, explic\u00f3 que el ejercicio militar \u201cEscudo Bolivariano\u201d  forma parte del Programa de Ejercicio Militar de 2015 y la participaci\u00f3n de la poblaci\u00f3n est\u00e1 concebida para la articulaci\u00f3n c\u00edvico-militar, ante el decreto emitido por el gobierno estadounidense, en el que consideran a Venezuela como una \u00abamenaza inusual\u00bb. <\/span><\/p>\n<div style=\"text-align: left\">&nbsp;&nbsp;&nbsp;&nbsp;&nbsp;&nbsp;&nbsp;&nbsp;&nbsp;&nbsp;&nbsp;&nbsp;&nbsp;&nbsp;&nbsp;&nbsp;&nbsp;&nbsp;&nbsp;&nbsp;&nbsp;&nbsp;&nbsp;&nbsp;&nbsp;&nbsp;&nbsp;&nbsp;&nbsp;&nbsp;&nbsp;&nbsp;&nbsp;&nbsp;&nbsp;&nbsp;&nbsp;&nbsp;&nbsp;&nbsp;&nbsp;&nbsp;<br \/><span style=\"color: blue;font-family: Verdana, sans-serif\">Fuente: Telesur, Producci\u00f3n Riachuelo<\/span><\/div>\n<div style=\"clear: both;text-align: center\"><a href=\"http:\/\/3.bp.blogspot.com\/-h52On-QN_Cc\/VQSa8BDkIkI\/AAAAAAAADCs\/RIqMVqhXJiY\/s1600\/COOP%2BRIACHIUELO%2BPRODUCCIONES.jpg\" style=\"clear: left;float: left;margin-bottom: 1em;margin-right: 1em\"><img loading=\"lazy\" decoding=\"async\" border=\"0\" src=\"http:\/\/3.bp.blogspot.com\/-h52On-QN_Cc\/VQSa8BDkIkI\/AAAAAAAADCs\/RIqMVqhXJiY\/s1600\/COOP%2BRIACHIUELO%2BPRODUCCIONES.jpg\" height=\"58\" width=\"200\" \/><\/a><\/div>\n<div style=\"text-align: left\"><span style=\"font-family: Verdana, sans-serif\"><br \/><\/span>&nbsp;<\/div>\n<p>&nbsp;<\/p><\/div>\n","protected":false},"excerpt":{"rendered":"<p>FORTALECER LA DEFENSA INTEGRALPueblo y Ej\u00e9rcito realizan ejercicio \u00abEscudo Bolivariano\u00bb&nbsp; El pasado 10 de marzo, el presidente de Venezuela, Nicol\u00e1s Maduro orden\u00f3 hacer este ejercicio militar defensivo especial para marcar los puntos defensivos y que \u201ca la patria no la toque nadie\u201d, en referencia a las agresiones del Gobierno estadounidense que considera a Venezuela como [&hellip;]<\/p>\n","protected":false},"author":4,"featured_media":0,"comment_status":"open","ping_status":"open","sticky":false,"template":"","format":"standard","meta":{"_monsterinsights_skip_tracking":false,"_monsterinsights_sitenote_active":false,"_monsterinsights_sitenote_note":"","_monsterinsights_sitenote_category":0,"jnews-multi-image_gallery":[],"jnews_single_post":{"format":"standard"},"jnews_primary_category":[],"_joinchat":[],"footnotes":""},"categories":[58],"tags":[70],"class_list":["post-676","post","type-post","status-publish","format-standard","hentry","category-noticiariachuelo","tag-de-la-patria-grande"],"_links":{"self":[{"href":"http:\/\/fmriachuelo.it10.com.ar\/index.php\/wp-json\/wp\/v2\/posts\/676","targetHints":{"allow":["GET"]}}],"collection":[{"href":"http:\/\/fmriachuelo.it10.com.ar\/index.php\/wp-json\/wp\/v2\/posts"}],"about":[{"href":"http:\/\/fmriachuelo.it10.com.ar\/index.php\/wp-json\/wp\/v2\/types\/post"}],"author":[{"embeddable":true,"href":"http:\/\/fmriachuelo.it10.com.ar\/index.php\/wp-json\/wp\/v2\/users\/4"}],"replies":[{"embeddable":true,"href":"http:\/\/fmriachuelo.it10.com.ar\/index.php\/wp-json\/wp\/v2\/comments?post=676"}],"version-history":[{"count":1,"href":"http:\/\/fmriachuelo.it10.com.ar\/index.php\/wp-json\/wp\/v2\/posts\/676\/revisions"}],"predecessor-version":[{"id":22629,"href":"http:\/\/fmriachuelo.it10.com.ar\/index.php\/wp-json\/wp\/v2\/posts\/676\/revisions\/22629"}],"wp:attachment":[{"href":"http:\/\/fmriachuelo.it10.com.ar\/index.php\/wp-json\/wp\/v2\/media?parent=676"}],"wp:term":[{"taxonomy":"category","embeddable":true,"href":"http:\/\/fmriachuelo.it10.com.ar\/index.php\/wp-json\/wp\/v2\/categories?post=676"},{"taxonomy":"post_tag","embeddable":true,"href":"http:\/\/fmriachuelo.it10.com.ar\/index.php\/wp-json\/wp\/v2\/tags?post=676"}],"curies":[{"name":"wp","href":"https:\/\/api.w.org\/{rel}","templated":true}]}}