{"id":675,"date":"2015-03-14T20:58:00","date_gmt":"2015-03-14T20:58:00","guid":{"rendered":"http:\/\/fmriachuelo.observatorioess.org.ar\/index.php\/2015\/03\/14\/argentina-se-moviliza-en-apoyo-a-la-revolucion-bolivariana\/"},"modified":"2025-03-26T16:49:47","modified_gmt":"2025-03-26T19:49:47","slug":"argentina-se-moviliza-en-apoyo-a-la-revolucion-bolivariana","status":"publish","type":"post","link":"http:\/\/fmriachuelo.it10.com.ar\/index.php\/2015\/03\/14\/argentina-se-moviliza-en-apoyo-a-la-revolucion-bolivariana\/","title":{"rendered":"ARGENTINA SE MOVILIZA EN APOYO A LA REVOLUCION BOLIVARIANA"},"content":{"rendered":"<div style=\"clear: both;text-align: center\"><\/div>\n<p><span style=\"color: red;font-family: Verdana, sans-serif;font-size: large\"><strong>TRIBUNA ANTIIMPERIALISTA <\/strong><\/span><br \/><strong><span style=\"color: red;font-family: Verdana;font-size: large\"><\/span><\/strong><\/p>\n<div style=\"clear: both;text-align: center\"><a href=\"http:\/\/4.bp.blogspot.com\/-gmKFUjdquhE\/VQSb0lJs3oI\/AAAAAAAADC0\/k20ELmJaTaQ\/s1600\/solidaridad_marcha.jpg\" style=\"clear: left;float: left;margin-bottom: 1em;margin-right: 1em\"><img loading=\"lazy\" decoding=\"async\" border=\"0\" src=\"http:\/\/4.bp.blogspot.com\/-gmKFUjdquhE\/VQSb0lJs3oI\/AAAAAAAADC0\/k20ELmJaTaQ\/s1600\/solidaridad_marcha.jpg\" height=\"248\" width=\"400\" \/><\/a><\/div>\n<div style=\"text-align: justify\"><span>Intelectuales, diplom\u00e1ticos, dirigentes pol\u00edticos, movimientos sociales, j\u00f3venes y estudiantes presentes en la Rep\u00fablica Argentina unieron sus voces en respaldo al pueblo venezolano, la Revoluci\u00f3n Bolivariana y el presidente Nicol\u00e1s Maduro Moros, ante la nueva arremetida del imperialismo estadounidense y la amenaza latente de una invasi\u00f3n militar en la tierra de Bol\u00edvar.<\/span><\/div>\n<div align=\"left\" style=\"clear: both;text-align: center\">&nbsp;<\/div>\n<div style=\"clear: both;text-align: left\"><span>Bajo consignas como \u201cYankee go home\u201d, \u201cPatria s\u00ed, colonia no\u201d, \u201cVenezuela somos todos\u201d, \u201cHermano Maduro, al yankee dale duro\u201d y \u201cYankees ni lo intenten\u201d, cerca de cinco mil personas marcharon desde la Plaza Italia de la ciudad de Buenos Aires hasta la sede de la Embajada de la Rep\u00fablica Bolivariana de Venezuela en Argentina, donde se concentraron en una Tribuna Antiimperialista.<\/span><a name='more'><\/a>\ufeff<br \/><span>En este evento personalidades de la talla de la ex Senadora colombiana Piedad C\u00f3rdoba; el intelectual venezolano Vladimir Acosta, el Premio Nobel de la Paz Adolfo P\u00e9rez Esquivel, la presidenta de la Asamblea Nacional de Ecuador, Gabriela Rivadeneira;&nbsp; la embajadora de Nicaragua en Argentina, Norma Moreno; el polit\u00f3logo y soci\u00f3logo argentino Atilio Boron; la escritora y periodista, &nbsp;Stella Calloni; y el fil\u00f3sofo y escritor Fernando Buen Abad hicieron uso de la palabra para expresar su solidaridad y condenar las acciones injerencista de Obama y su gobierno, no solo contra Venezuela, sino contra los pueblos de Nuestra Am\u00e9rica.<\/span><\/p>\n<div style=\"clear: both;text-align: center\"><a href=\"http:\/\/4.bp.blogspot.com\/-_lxRKRxqHwk\/VQSct5EgnxI\/AAAAAAAADDM\/veMnU0IX3rs\/s1600\/solidaridad_piedad_cordoba3_web.jpg\" style=\"clear: left;float: left;margin-bottom: 1em;margin-right: 1em\"><img loading=\"lazy\" decoding=\"async\" border=\"0\" src=\"http:\/\/4.bp.blogspot.com\/-_lxRKRxqHwk\/VQSct5EgnxI\/AAAAAAAADDM\/veMnU0IX3rs\/s1600\/solidaridad_piedad_cordoba3_web.jpg\" height=\"213\" width=\"320\" \/><\/a><\/div>\n<p><span><span>Piedad C\u00f3rdoba asegur\u00f3 que \u201cestamos presentes y de pie para defender nuestros procesos revolucionarios (\u2026) no le tenemos miedo a los gringos y la Am\u00e9rica toda est\u00e1 enardecida, indignada frente a una derecha lame botas que creen que nos pueden callar y frente a unos Estados Unidos inmoral que se cree due\u00f1o del mundo. Hoy Venezuela significa dignidad, emancipaci\u00f3n y solidaridad. Venezuela te amamos y defenderemos.\u201d<\/span><\/span><br \/><span><span><\/span><\/span><br \/><span><span><span>En el mismo orden de ideas, Vladimir Acosta expres\u00f3 que Venezuela no est\u00e1 sola y&nbsp;que toda la regi\u00f3n est\u00e1 unida para luchar en bloque por la verdadera independencia de sus pueblos. \u201cHoy Am\u00e9rica Latina y el Caribe ya no es el patio trasero de Estados Unidos\u201d, manifest\u00f3 el intelectual venezolano. <\/span><\/span><\/span><br \/><span><span><span><span>Por su parte, el premio Nobel de la Paz, Adolfo P\u00e9rez Esquivel se\u00f1al\u00f3 que \u00abel \u00fanico peligro para el pueblo de Estados Unidos est\u00e1 en EEUU\u00bb, pa\u00eds que en su opini\u00f3n es el principal violador de los Derechos Humanos en el mundo. En este sentido, P\u00e9rez Esquivel asever\u00f3 que el gobierno de Obama no lucha por la democracia o los Derechos Humanos, \u201clucha por sus intereses y en Venezuela est\u00e1 el recurso energ\u00e9tico que tanto desea\u201d.<\/span><\/span><\/span><\/span><br \/><span><span><span><span><span>La voz de Ecuador se escuch\u00f3 a trav\u00e9s de la&nbsp; intervenci\u00f3n de Gabriela Rivadeneira, quien afirm\u00f3 que \u201cHoy es tiempo de pagar el amor del Comandante Ch\u00e1vez, hoy es momento de devolver a Venezuela la solidaridad y apoyo que siempre ha mostrado para con nuestras naciones. Hoy todos juntos debemos rechazar el insulto cometido por Barack Obama a un pueblo que no solo ha vuelto a enarbolar las banderas emancipadoras dentro de su pa\u00eds, sino que generosamente las ha enarbolado para todo un continente.\u201d<\/span><\/span><\/span><\/span><\/span><br \/><span><span><span><span><span><span>En esta Tribuna Antiimperialista no pod\u00eda dejar de intervenir la embajadora de Nicaragua, Norma Moreno, quien se\u00f1al\u00f3 que Venezuela no est\u00e1 sola como lo estuvo Cuba y Nicaragua en la d\u00e9cada de los 80 o los 90. \u201cHoy Venezuela cuenta con el apoyo incondicional del pueblo sandinista de Nicaragua y con el respaldo irrestricto de los pueblos de la Patria Grande\u201d, puntualiz\u00f3 la diplom\u00e1tica.<\/span><\/span><\/span><\/span><\/span><\/span><br \/><span><span><span><span><span><span><span>En el evento tambi\u00e9n hizo uso de la palabra Stella Calloni, quien en su intervenci\u00f3n afirm\u00f3 que \u201cson los pueblos movilizados y activos en la calle, quienes tienen el poder de parar las invasiones\u201d. En este sentido, la destacada periodista argentina asegur\u00f3 que \u201cAm\u00e9rica Latina est\u00e1 movilizada por la defensa de Venezuela\u201d.<\/span><\/span><\/span><\/span><\/span><\/span><\/span><br \/>\n<span><span><span><span><span><span><span><span>Asimismo, el fil\u00f3sofo Fernando Buen Abad asegur\u00f3 que \u201cno nos alcanzar\u00e1 la eternidad para arrepentirnos si no sabemos generar un gran movimiento planetario en defensa de la Revoluci\u00f3n Bolivariana.<\/span><\/span><\/span><\/span><\/span><\/span><\/span><\/span><br \/><span><span><span><span><span><span><span><span><span>En el evento Atilio Boron expres\u00f3 su condena categ\u00f3rica a las acciones injerencistas de Estados Unidos contra Venezuela, asegurando que las mismas responden a intenciones claras de abonar el terreno para concretar una intervenci\u00f3n militar. En este sentido, Boron resalt\u00f3 que \u201cno podemos enga\u00f1arnos, el ataque no es solo contra Venezuela, el ataque es contra la UNASUR, la CELAC, contra la Patria Grande\u201d.<\/span><\/span><\/span><\/span><\/span><\/span><\/span><\/span><\/span><br \/><span><span><span><span><span><span><span><span><span><span>De igual forma, diputados del Grupo de Amistad con Venezuela del Congreso Argentino leyeron y presentaron un documento en el que exigen a Estados Unidos y al gobierno de Barack Obama el \u00abinmediato cese de todo acto de intervencionismo e injerencia en Venezuela y en cualquier otro pa\u00eds de Am\u00e9rica Latina\u00bb.<\/span><\/span><\/span><\/span><\/span><\/span><\/span><\/span><\/span><\/span><br \/><span><span><span><span><span><span><span><span><span><span><span>Por su parte, las Organizaciones Sociales, Sindicales, Juveniles, Estudiantiles y Pol\u00edticas de Argentina que organizaron esta Tribuna Antiimperialista tambi\u00e9n presentaron un escrito en el que expresaban su \u201cprofundo repudio y rechazo frente a esta nueva agresi\u00f3n imperial contra Latinoam\u00e9rica, y afirmamos nuestra f\u00e9rrea convicci\u00f3n de movilizarnos y organizarnos en torno a la defensa de un Pueblo hermano y su gobierno electo democr\u00e1ticamente.\u201d<\/span><\/span><\/span><\/span><\/span><\/span><\/span><\/span><\/span><\/span><\/span><br \/><span>Ambos documentos fueron entregados al encargado de Negocios a.i. de la Embajada de la Rep\u00fablica Bolivariana de Venezuela, ministro Consejero Juan Valero, con la intensi\u00f3n de que los mismos fueran remitidos a las m\u00e1ximas autoridades de la Revoluci\u00f3n Bolivariana.<\/p>\n<div style=\"text-align: justify\"><span>Valero agradeci\u00f3 las muestras de solidaridad del pueblo Argentino y los pueblos de la Patria Grande, &nbsp;y se\u00f1al\u00f3 que aunque Venezuela no tenga una pr\u00e1ctica recurrente en materia b\u00e9lica o en guerras, \u201clos venezolanos estamos dispuestos a morir por nuestra patria (\u2026) Obama no te tenemos miedo<\/span><\/div>\n<p><\/span><br \/><span>Durante muchas d\u00e9cadas nuestra patria ha sido atacada por su gobierno (EE.UU) por asumir los delitos de ser libres y tener riquezas; nos mantuvo sometidos a la barbarie econ\u00f3mica y social a trav\u00e9s de sus pol\u00edticas neoliberales, pero a partir de 1999, Venezuela y Latinoam\u00e9rica despertaron gracias al Comandante Supremo Hugo Ch\u00e1vez\u201d, enfatiz\u00f3 Valero.<\/p>\n<div style=\"text-align: justify\"><span>Vale destacar que en el evento tambi\u00e9n participaron miembros de PDVSA Argentina y empresas filiales, representantes la Organizaci\u00f3n Madres de Plaza de Mayo y personalidades destacadas como la diputada salvadore\u00f1a Nidia D\u00edaz, quienes con su presencia manifestaron su respaldo al gobierno Bolivariano y al pueblo venezolano. <\/span><\/div>\n<p><span>Adem\u00e1s durante la actividad el Colectivo Pol\u00edtico Ricardo Carpani elabor\u00f3 un hermoso mural mediante el cual expresaron de forma art\u00edstica la unidad latinoamericana reivindicando la lucha de sus pueblos por su independencia definitiva.<\/span><br \/><span><\/span><br \/><span><span style=\"color: blue\">Fuente: Embajada en Argentina de la Republica Bolivariana de Venezuela, <\/span><\/span><br \/><span><span style=\"color: blue\">Producci\u00f3n Riachuelo<\/span><\/span><br \/><span><br \/><span><br \/><span><br \/><span><br \/><span><br \/><span><br \/><span><br \/><span><br \/><span><br \/><span><span>\u201d.<\/span><\/span><\/span><\/span><\/span><\/span><\/span><\/span><\/span><\/span><\/span><\/span><span><span><span><span><span><span><span><span><\/span><\/span><\/span><\/span><\/span><\/span><\/span><\/span>&nbsp;<\/div>\n","protected":false},"excerpt":{"rendered":"<p>TRIBUNA ANTIIMPERIALISTA Intelectuales, diplom\u00e1ticos, dirigentes pol\u00edticos, movimientos sociales, j\u00f3venes y estudiantes presentes en la Rep\u00fablica Argentina unieron sus voces en respaldo al pueblo venezolano, la Revoluci\u00f3n Bolivariana y el presidente Nicol\u00e1s Maduro Moros, ante la nueva arremetida del imperialismo estadounidense y la amenaza latente de una invasi\u00f3n militar en la tierra de Bol\u00edvar. &nbsp; Bajo [&hellip;]<\/p>\n","protected":false},"author":4,"featured_media":0,"comment_status":"open","ping_status":"open","sticky":false,"template":"","format":"standard","meta":{"_monsterinsights_skip_tracking":false,"_monsterinsights_sitenote_active":false,"_monsterinsights_sitenote_note":"","_monsterinsights_sitenote_category":0,"jnews-multi-image_gallery":[],"jnews_single_post":{"format":"standard"},"jnews_primary_category":[],"_joinchat":[],"footnotes":""},"categories":[58],"tags":[70,157],"class_list":["post-675","post","type-post","status-publish","format-standard","hentry","category-noticiariachuelo","tag-de-la-patria-grande","tag-nadie-se-salva-solo"],"_links":{"self":[{"href":"http:\/\/fmriachuelo.it10.com.ar\/index.php\/wp-json\/wp\/v2\/posts\/675","targetHints":{"allow":["GET"]}}],"collection":[{"href":"http:\/\/fmriachuelo.it10.com.ar\/index.php\/wp-json\/wp\/v2\/posts"}],"about":[{"href":"http:\/\/fmriachuelo.it10.com.ar\/index.php\/wp-json\/wp\/v2\/types\/post"}],"author":[{"embeddable":true,"href":"http:\/\/fmriachuelo.it10.com.ar\/index.php\/wp-json\/wp\/v2\/users\/4"}],"replies":[{"embeddable":true,"href":"http:\/\/fmriachuelo.it10.com.ar\/index.php\/wp-json\/wp\/v2\/comments?post=675"}],"version-history":[{"count":1,"href":"http:\/\/fmriachuelo.it10.com.ar\/index.php\/wp-json\/wp\/v2\/posts\/675\/revisions"}],"predecessor-version":[{"id":22630,"href":"http:\/\/fmriachuelo.it10.com.ar\/index.php\/wp-json\/wp\/v2\/posts\/675\/revisions\/22630"}],"wp:attachment":[{"href":"http:\/\/fmriachuelo.it10.com.ar\/index.php\/wp-json\/wp\/v2\/media?parent=675"}],"wp:term":[{"taxonomy":"category","embeddable":true,"href":"http:\/\/fmriachuelo.it10.com.ar\/index.php\/wp-json\/wp\/v2\/categories?post=675"},{"taxonomy":"post_tag","embeddable":true,"href":"http:\/\/fmriachuelo.it10.com.ar\/index.php\/wp-json\/wp\/v2\/tags?post=675"}],"curies":[{"name":"wp","href":"https:\/\/api.w.org\/{rel}","templated":true}]}}