{"id":6743,"date":"2018-04-12T11:17:39","date_gmt":"2018-04-12T11:17:39","guid":{"rendered":"http:\/\/fmriachuelo.com.ar\/?p=6743"},"modified":"2018-04-12T11:17:39","modified_gmt":"2018-04-12T11:17:39","slug":"justicia-por-marcelo-montenegro-fue-la-policia","status":"publish","type":"post","link":"http:\/\/fmriachuelo.it10.com.ar\/index.php\/2018\/04\/12\/justicia-por-marcelo-montenegro-fue-la-policia\/","title":{"rendered":"Justicia por Marcelo Montenegro: fue la polic\u00eda"},"content":{"rendered":"<p><strong>[Por Colectivo de Medios de Comunicaci\u00f3n Populares 12\/04\/2018]<\/strong><\/p>\n<p>A Marcelo lo asesinaron en 2012, en la madrugada del 7 de julio. El juicio oral contra Emmanuel Alejandro D\u00edaz, Mario Nicol\u00e1s Medina y Diego Marcelo Calder\u00f3n, polic\u00edas imputados como coautores penalmente responsables de homicidio agravado, se realiza ahora. Antes fueron tres veces sobrese\u00eddos.<br \/>\nRosa Montenegro, la mam\u00e1 de Marcelo, espera sentada en las puertas de la sala de audiencias del Tribunal Oral 30. Est\u00e1 acompa\u00f1ada por otra Rosa, la mam\u00e1 de Miguel Bru, y por algunos familiares. Los tiempos del Poder Judicial determinan que la cuarta audiencia citada a las diez no empiece hasta un poquito pasadas las once.<\/p>\n<p><img loading=\"lazy\" decoding=\"async\" class=\"aligncenter wp-image-6746 \" src=\"http:\/\/fmriachuelo.com.ar\/wp-content\/uploads\/2018\/04\/IMG-20180411-WA0122-1024x682.jpg\" alt=\"\" width=\"517\" height=\"344\" srcset=\"http:\/\/fmriachuelo.it10.com.ar\/wp-content\/uploads\/2018\/04\/IMG-20180411-WA0122-1024x682.jpg 1024w, http:\/\/fmriachuelo.it10.com.ar\/wp-content\/uploads\/2018\/04\/IMG-20180411-WA0122-300x200.jpg 300w, http:\/\/fmriachuelo.it10.com.ar\/wp-content\/uploads\/2018\/04\/IMG-20180411-WA0122-768x512.jpg 768w, http:\/\/fmriachuelo.it10.com.ar\/wp-content\/uploads\/2018\/04\/IMG-20180411-WA0122-750x500.jpg 750w, http:\/\/fmriachuelo.it10.com.ar\/wp-content\/uploads\/2018\/04\/IMG-20180411-WA0122-1140x760.jpg 1140w, http:\/\/fmriachuelo.it10.com.ar\/wp-content\/uploads\/2018\/04\/IMG-20180411-WA0122.jpg 1280w\" sizes=\"auto, (max-width: 517px) 100vw, 517px\" \/><\/p>\n<p>El 7 de julio del 2012, Marcelo Montenegro junto a Alejandro Nahuel Maturano iban en un auto marca Twingo. La polic\u00eda pidi\u00f3 que detuvieran la marcha pero ellos siguieron avanzando. Entonces los efectivos dispararon. El auto choc\u00f3 contra un pared\u00f3n en Piedrabuena y Saraza, en el barrio de Lugano. Marcelo muri\u00f3, pero no por el choque sino producto de uno de los disparos. Rosa desmiente la versi\u00f3n policial: \u201cNo es que se tirote\u00f3. El arma se la pusieron despu\u00e9s que choc\u00f3. Por eso vengo ac\u00e1. \u00c9l no est\u00e1 para defenderse pero yo s\u00ed estoy para defenderlo\u201d.<br \/>\nEl juicio oral est\u00e1 a\u00fan en instancia de testimoniales. Todos los que declararon hasta el momento son polic\u00edas o peritos, y lo destacable es que dicen no recordar casi nada de aquella madrugada de 2012.<br \/>\nAntes de llegar al juicio oral los polic\u00edas implicados fueron tres veces sobrese\u00eddos. Reci\u00e9n en la tercera apelaci\u00f3n de la querella, patrocinada por la Asociaci\u00f3n Miguel Bru, que acompa\u00f1a a la familia de Marcelo Montenegro, la Sala V de la C\u00e1mara Nacional de Apelaciones en lo Criminal y Correccional anul\u00f3 lo dictaminado por el juez Diego Slupski y lo apart\u00f3 de la causa, que pas\u00f3 a manos de Wilma L\u00f3pez, quien defini\u00f3 procesar a los polic\u00edas Emmanuel Alejandro D\u00edaz, que iba como acompa\u00f1ante, el conductor Mario Nicol\u00e1s Medina y Diego Marcelo Calder\u00f3n que iba en el asiento de atr\u00e1s, como coautores penalmente responsables del delito de homicidio agravado por ser miembros de una fuerza policial. Para imputar a los integrantes de la fuerza, la jueza se bas\u00f3 en el concepto de \u201cconvergencia intencional\u201d del fallo por el caso de Mariano Ferreyra, que responsabiliza a todos independientemente de quien apret\u00f3 el gatillo.<br \/>\nLa coartada de los acusados es la de siempre: enfrentamiento en el marco de una persecuci\u00f3n. Sin embargo, lo que se demostr\u00f3 al momento de investigar las modulaciones de los aparatos a trav\u00e9s de los que se comunicaron es que los polic\u00edas s\u00f3lo hicieron referencia a la existencia de un enfrentamiento despu\u00e9s de que el auto choc\u00f3 contra el pared\u00f3n y vieron a Marcelo sin vida. Antes de eso no hacen referencia a enfrentamiento alguno. S\u00f3lo mencionan una persecuci\u00f3n. En relaci\u00f3n a esa cuesti\u00f3n, la defensa de los polic\u00edas implicados aleg\u00f3 la posibilidad de fallas en el sistema de modulaciones. Por eso la querella pidi\u00f3 un informe para saber c\u00f3mo funciona el sistema. Se conoci\u00f3 que existe un bot\u00f3n espec\u00edfico para este tipo de situaciones, que da prioridad al m\u00f3vil que se encuentra en una situaci\u00f3n de emergencia.<br \/>\nEn la cuarta audiencia declararon todos los peritos que confirmaron lo que dice el expediente: Marcelo Montenegro sufri\u00f3 un ataque con dos proyectiles que se produjo desde el m\u00f3vil policial. Uno de ellos fue en el t\u00f3rax y fue mortal.<br \/>\nRosa, la mam\u00e1 de Marcelo, explica por qu\u00e9 no hay otros testigos: \u201cNo los consegu\u00ed. No quieren salir a declarar porque tienen miedo porque son polic\u00edas. Los entiendo porque en su momento tambi\u00e9n hac\u00edan cualquier cosa para que yo no estuviera ac\u00e1. Pero voy a seguir hasta lo \u00faltimo\u201d. Adem\u00e1s recuerda \u201ccomo si fuera ayer\u201d esa noche del 7 de julio de 2012, cuando lleg\u00f3 a la comisar\u00eda, alertada por la mam\u00e1 del pibe que iba con Marcelo en el auto: \u201cAnd\u00e1 a la comisar\u00eda, parece que a tu hijo lo mataron\u201d. A ella tambi\u00e9n la maltrataron esa noche. La hicieron esperar, ir dos veces a la morgue porque hab\u00edan escrito mal el nombre de su hijo. Rosa no conoc\u00eda la cara de los asesinos de su hijo. Reci\u00e9n en la instancia de este juicio pudo verlos. \u201cAhora ya s\u00e9 qui\u00e9nes son los polic\u00edas. Yo los vi en la comisar\u00eda. Yo los vi. Ya pasaron como seis a\u00f1os pero me acuerdo como si fuese que anoche\u201d.<br \/>\nRosa remarc\u00f3 por qu\u00e9 da la pelea a pesar de que la amedrentaron de distintas formas. \u201cQuiero que se haga justicia, que el juez se ponga a ver las cosas, porque est\u00e1 todo mal. Mi hijo no ten\u00eda armas, lo puedo asegurar. No se tirote\u00f3 ni nada, s\u00ed se subi\u00f3 en ese coche\u201d. Y record\u00f3 c\u00f3mo cuidaba a Marcelo: \u201cNo soy una madre que los dejaba. Si ellos iban a la esquina o a cualquier lado, yo los iba a buscar. Porque mi hijo, s\u00ed, fumaba esos fasitos, trat\u00e9 de ayudarlo siempre, lo llevaba para todos lados. Y no se pudo, pero no se soluciona mat\u00e1ndolo as\u00ed, como lo vi, como lo encontr\u00e9 en la morgue. Lo dejaron tirado ah\u00ed, esposado\u2026 ni a un perro lo a dejar\u00edan as\u00ed\u201d.<br \/>\nEl mi\u00e9rcoles 18 de abril sigue el que se supone juicio oral y p\u00fablico, aunque hoy no permitieron a la prensa registrar audios ni fotograf\u00edas de lo que suced\u00eda dentro de la sala. En un contexto de avanzada de la fuerzas policiales sobre la vida de los pibes y las pibas es necesario se condene a estos tres responsables y se haga justicia por Marcelo Montenegro. Porque fue la polic\u00eda, y una vez m\u00e1s, como dejav\u00fa de tantos pibes que nos arrebataron, hablan de enfrentamiento. De la presi\u00f3n popular que se pueda hacer depender\u00e1 la condena; porque, sabemos, el poder judicial nunca est\u00e1 de este lado.<br \/>\n<strong>FM La Caterva, FM Riachuelo, Radio Gr\u00e1fica, La Retaguardia, Agencia Paco Urondo, Sur Capitalino, La Obrera Colectivo Fotogr\u00e1fico.<\/strong><\/p>\n","protected":false},"excerpt":{"rendered":"<p>[Por Colectivo de Medios de Comunicaci\u00f3n Populares 12\/04\/2018] A Marcelo lo asesinaron en 2012, en la madrugada del 7 de julio. El juicio oral contra Emmanuel Alejandro D\u00edaz, Mario Nicol\u00e1s Medina y Diego Marcelo Calder\u00f3n, polic\u00edas imputados como coautores penalmente responsables de homicidio agravado, se realiza ahora. Antes fueron tres veces sobrese\u00eddos. Rosa Montenegro, la [&hellip;]<\/p>\n","protected":false},"author":5,"featured_media":6745,"comment_status":"open","ping_status":"open","sticky":false,"template":"","format":"standard","meta":{"_monsterinsights_skip_tracking":false,"_monsterinsights_sitenote_active":false,"_monsterinsights_sitenote_note":"","_monsterinsights_sitenote_category":0,"jnews-multi-image_gallery":[],"jnews_single_post":[],"jnews_primary_category":[],"_joinchat":[],"footnotes":""},"categories":[79,76,77],"tags":[],"class_list":["post-6743","post","type-post","status-publish","format-standard","has-post-thumbnail","hentry","category-nadie-se-salva-solo","category-salud-comunitaria","category-soberania"],"_links":{"self":[{"href":"http:\/\/fmriachuelo.it10.com.ar\/index.php\/wp-json\/wp\/v2\/posts\/6743","targetHints":{"allow":["GET"]}}],"collection":[{"href":"http:\/\/fmriachuelo.it10.com.ar\/index.php\/wp-json\/wp\/v2\/posts"}],"about":[{"href":"http:\/\/fmriachuelo.it10.com.ar\/index.php\/wp-json\/wp\/v2\/types\/post"}],"author":[{"embeddable":true,"href":"http:\/\/fmriachuelo.it10.com.ar\/index.php\/wp-json\/wp\/v2\/users\/5"}],"replies":[{"embeddable":true,"href":"http:\/\/fmriachuelo.it10.com.ar\/index.php\/wp-json\/wp\/v2\/comments?post=6743"}],"version-history":[{"count":0,"href":"http:\/\/fmriachuelo.it10.com.ar\/index.php\/wp-json\/wp\/v2\/posts\/6743\/revisions"}],"wp:featuredmedia":[{"embeddable":true,"href":"http:\/\/fmriachuelo.it10.com.ar\/index.php\/wp-json\/wp\/v2\/media\/6745"}],"wp:attachment":[{"href":"http:\/\/fmriachuelo.it10.com.ar\/index.php\/wp-json\/wp\/v2\/media?parent=6743"}],"wp:term":[{"taxonomy":"category","embeddable":true,"href":"http:\/\/fmriachuelo.it10.com.ar\/index.php\/wp-json\/wp\/v2\/categories?post=6743"},{"taxonomy":"post_tag","embeddable":true,"href":"http:\/\/fmriachuelo.it10.com.ar\/index.php\/wp-json\/wp\/v2\/tags?post=6743"}],"curies":[{"name":"wp","href":"https:\/\/api.w.org\/{rel}","templated":true}]}}