{"id":674,"date":"2015-03-15T17:00:00","date_gmt":"2015-03-15T17:00:00","guid":{"rendered":"http:\/\/fmriachuelo.observatorioess.org.ar\/index.php\/2015\/03\/15\/asociacion-por-el-esclarecimiento-de-la-masacre-impune-de-la-amia-cuestiona-la-apertura-de-archivos\/"},"modified":"2025-03-26T16:50:41","modified_gmt":"2025-03-26T19:50:41","slug":"asociacion-por-el-esclarecimiento-de-la-masacre-impune-de-la-amia-cuestiona-la-apertura-de-archivos","status":"publish","type":"post","link":"http:\/\/fmriachuelo.it10.com.ar\/index.php\/2015\/03\/15\/asociacion-por-el-esclarecimiento-de-la-masacre-impune-de-la-amia-cuestiona-la-apertura-de-archivos\/","title":{"rendered":"ASOCIACION POR EL ESCLARECIMIENTO DE LA MASACRE IMPUNE DE LA AMIA CUESTIONA LA APERTURA DE ARCHIVOS"},"content":{"rendered":"<p><span style=\"font-family: Verdana, sans-serif\">Reproducimos Comunicado<\/span><br \/><span style=\"color: red;font-family: Verdana, sans-serif;font-size: large\"><strong>LOS ARCHIVOS SIGUEN CERRADOS<\/strong><\/span><\/p>\n<div style=\"clear: both;text-align: center\"><a href=\"http:\/\/2.bp.blogspot.com\/-ExErh0qUvLI\/VQY3ImFknFI\/AAAAAAAADE0\/t-4RPsc8ED8\/s1600\/amia.jpg\" style=\"clear: left;float: left;margin-bottom: 1em;margin-right: 1em\"><img decoding=\"async\" border=\"0\" src=\"http:\/\/2.bp.blogspot.com\/-ExErh0qUvLI\/VQY3ImFknFI\/AAAAAAAADE0\/t-4RPsc8ED8\/s1600\/amia.jpg\" \/><\/a><\/div>\n<p><span lang=\"ES\"><span style=\"font-family: Arial, Helvetica, sans-serif\">En el d\u00eda de hoy, el gobierno nacional public\u00f3 en el Bolet\u00edn Oficial el Decreto 395\/2015 referido a una nueva \u201cdesclasificaci\u00f3n de documentaci\u00f3n\u201d de la causa AMIA. <\/span><\/span><\/p>\n<div><span lang=\"ES\"><span style=\"font-family: Arial, Helvetica, sans-serif\">Lo hace \u201cen relaci\u00f3n a la Causa N\u00ba 8566\u201d exclusivamente. Es aquella que tramita el juez Canicoba Corral y donde, supuestamente, se investiga el atentado a la sede de la AMIA.<\/span><\/span><\/div>\n<div><span lang=\"ES\"><span style=\"font-family: Arial, Helvetica, sans-serif\">En sus considerandos se expresa que \u00e9sto se hace a solicitud de los nuevos fiscales de la UFI AMIA \u201ca fin de garantizar el pleno acceso de las partes a dicha documental\u201d. Los fiscales tambi\u00e9n pidieron saber si en poder de la nueva Agencia Federal de Inteligencia (AFI) hay documentaci\u00f3n adicional de aquella otra que le fuera remitida \u201cen custodia\u201d hace ya 10 a\u00f1os, y que hasta hoy no fuera entregada a esa Fiscal\u00eda ni al juzgado. <\/span><\/span><\/div>\n<div><a name='more'><\/a><br \/><span style=\"font-family: Arial, Helvetica, sans-serif\"><span lang=\"ES\">En su art. 3\u00ba, el gobierno dispuso desclasificar&nbsp; \u201ctoda otra nueva documentaci\u00f3n, informe o archivo que no hubieran sido aportados\u2026\u201d en los \u00faltimos 10 a\u00f1os.<\/span><span lang=\"ES\"> <\/span><span lang=\"ES\">Pero a rengl\u00f3n seguido pone en duda lo anterior y ordena que s\u00f3lo se haga en caso \u201cde existir\u201d esa documentaci\u00f3n (Art. 4\u00ba y 5\u00ba del Decreto). <\/span><\/span><\/div>\n<div><span style=\"font-family: Arial, Helvetica, sans-serif\"><span lang=\"ES\">El Jefe del Gabinete y firmante del Decreto, An\u00edbal Fern\u00e1ndez, declar\u00f3 que lo \u00fanico que faltaba era \u201chacer p\u00fablico\u201d la supuesta desclasificaci\u00f3n de los archivos, admitiendo que los archivos secretos del atentado a la AMIA est\u00e1n cerrados pese a sus recientes afirmaciones en contrario. <\/span><span lang=\"ES-TRAD\">El decreto, el d\u00e9cimo de la serie de los decretos que dicen \u2018desclasificar\u2019 lo que a\u00fan as\u00ed no se hace p\u00fablico, abunda en el manipuleo y la confusi\u00f3n.<\/p>\n<p> Es apenas un remedo para superar formalmente el hecho que ni los Fiscales ni los Jueces tuvieron acceso a esos papeles durante los \u00faltimos 10 a\u00f1os de supuestas desclasificaciones. <\/span><\/span><\/div>\n<div><span lang=\"ES-TRAD\"><span style=\"font-family: Arial, Helvetica, sans-serif\">\u201cVeremos si muestran algo&#8230; Pero no dijeron nada de los archivos secretos vinculados a la causa N\u00ba 9.789 por irregularidades y encubrimiento, cuyo juicio la Presidenta quiere iniciar este a\u00f1o. En este caso los archivos secretos siguen cerrados a las partes y jueces desde el a\u00f1o 1999, como m\u00ednimo\u201d dijo Laura Ginsberg.<\/span><\/span><\/div>\n<div><span lang=\"ES-TRAD\"><span style=\"font-family: Arial, Helvetica, sans-serif\">Mientras tanto, desde el gobierno y desde las filas de Macri y Massa se niegan a debatir el tratamiento del Proyecto de Ley presentado por APEMIA e impulsado por diputados y senadores de diferentes bancas, para conformar una Comisi\u00f3n Investigadora Independiente en el marco del Congreso Nacional y poner los archivos secretos sobre la mesa y a disposici\u00f3n de esa Comisi\u00f3n Investigadora integrada por personalidades destacadas del pa\u00eds. Ese es el camino para superar el encubrimiento y la impunidad.<\/span><\/span><\/div>\n<div><span lang=\"ES-TRAD\"><span style=\"font-family: Arial, Helvetica, sans-serif\"><br \/><\/span><\/span><\/div>\n<div align=\"right\" style=\"line-height: 12pt;text-align: right\"><span lang=\"ES-TRAD\"><span style=\"font-family: Arial, Helvetica, sans-serif\">Buenos Aires, 13 de marzo de 2015&nbsp;&nbsp; 14:30 hs<\/span><\/span><\/div>\n<div style=\"line-height: normal;margin: 0.75pt 0cm 0cm\"><\/div>\n<div align=\"right\" style=\"line-height: 12pt;text-align: right\"><span lang=\"ES-TRAD\"><span style=\"font-family: Arial, Helvetica, sans-serif\"><br \/><\/span><\/span><\/p>\n<div style=\"text-align: left\"><span lang=\"ES-TRAD\"><span style=\"font-family: Arial, Helvetica, sans-serif\"><a href=\"mailto:apemia2002@yahoo.com.ar\"><span style=\"color: #5588aa\">apemia2002@yahoo.com.ar<\/span><\/a><\/span><\/span><\/div>\n<\/div>\n<div>\n<div><\/div>\n<\/div>\n<div>\n<div style=\"line-height: 12pt;margin: 0.75pt 0cm 0pt;text-align: justify\">\n<div><span lang=\"ES\"><span style=\"font-family: Arial, Helvetica, sans-serif\"><span style=\"color: blue\">Fuente: APEMIA, Producci\u00f3n Riachuelo<\/span><\/span><\/span><\/div>\n<div style=\"clear: both;text-align: center\"><a href=\"http:\/\/3.bp.blogspot.com\/-9w12Zo-ps8Y\/VQY2Tx8XQwI\/AAAAAAAADEs\/xhsYndY2wkU\/s1600\/COOP%2BRIACHIUELO%2BPRODUCCIONES.jpg\" style=\"clear: left;float: left;margin-bottom: 1em;margin-right: 1em\"><img loading=\"lazy\" decoding=\"async\" border=\"0\" src=\"http:\/\/3.bp.blogspot.com\/-9w12Zo-ps8Y\/VQY2Tx8XQwI\/AAAAAAAADEs\/xhsYndY2wkU\/s1600\/COOP%2BRIACHIUELO%2BPRODUCCIONES.jpg\" height=\"58\" width=\"200\" \/><\/a><\/div>\n<div><span lang=\"ES\"><span style=\"font-family: Arial, Helvetica, sans-serif\"><\/span><\/span>&nbsp;<\/div>\n<\/div>\n<\/div>\n","protected":false},"excerpt":{"rendered":"<p>Reproducimos ComunicadoLOS ARCHIVOS SIGUEN CERRADOS En el d\u00eda de hoy, el gobierno nacional public\u00f3 en el Bolet\u00edn Oficial el Decreto 395\/2015 referido a una nueva \u201cdesclasificaci\u00f3n de documentaci\u00f3n\u201d de la causa AMIA. Lo hace \u201cen relaci\u00f3n a la Causa N\u00ba 8566\u201d exclusivamente. Es aquella que tramita el juez Canicoba Corral y donde, supuestamente, se investiga [&hellip;]<\/p>\n","protected":false},"author":4,"featured_media":0,"comment_status":"open","ping_status":"open","sticky":false,"template":"","format":"standard","meta":{"_monsterinsights_skip_tracking":false,"_monsterinsights_sitenote_active":false,"_monsterinsights_sitenote_note":"","_monsterinsights_sitenote_category":0,"jnews-multi-image_gallery":[],"jnews_single_post":{"format":"standard"},"jnews_primary_category":[],"_joinchat":[],"footnotes":""},"categories":[58],"tags":[119],"class_list":["post-674","post","type-post","status-publish","format-standard","hentry","category-noticiariachuelo","tag-derechos-humanos"],"_links":{"self":[{"href":"http:\/\/fmriachuelo.it10.com.ar\/index.php\/wp-json\/wp\/v2\/posts\/674","targetHints":{"allow":["GET"]}}],"collection":[{"href":"http:\/\/fmriachuelo.it10.com.ar\/index.php\/wp-json\/wp\/v2\/posts"}],"about":[{"href":"http:\/\/fmriachuelo.it10.com.ar\/index.php\/wp-json\/wp\/v2\/types\/post"}],"author":[{"embeddable":true,"href":"http:\/\/fmriachuelo.it10.com.ar\/index.php\/wp-json\/wp\/v2\/users\/4"}],"replies":[{"embeddable":true,"href":"http:\/\/fmriachuelo.it10.com.ar\/index.php\/wp-json\/wp\/v2\/comments?post=674"}],"version-history":[{"count":1,"href":"http:\/\/fmriachuelo.it10.com.ar\/index.php\/wp-json\/wp\/v2\/posts\/674\/revisions"}],"predecessor-version":[{"id":22631,"href":"http:\/\/fmriachuelo.it10.com.ar\/index.php\/wp-json\/wp\/v2\/posts\/674\/revisions\/22631"}],"wp:attachment":[{"href":"http:\/\/fmriachuelo.it10.com.ar\/index.php\/wp-json\/wp\/v2\/media?parent=674"}],"wp:term":[{"taxonomy":"category","embeddable":true,"href":"http:\/\/fmriachuelo.it10.com.ar\/index.php\/wp-json\/wp\/v2\/categories?post=674"},{"taxonomy":"post_tag","embeddable":true,"href":"http:\/\/fmriachuelo.it10.com.ar\/index.php\/wp-json\/wp\/v2\/tags?post=674"}],"curies":[{"name":"wp","href":"https:\/\/api.w.org\/{rel}","templated":true}]}}