{"id":6733,"date":"2018-04-11T23:20:14","date_gmt":"2018-04-11T23:20:14","guid":{"rendered":"http:\/\/fmriachuelo.com.ar\/?p=6733"},"modified":"2018-04-11T23:20:14","modified_gmt":"2018-04-11T23:20:14","slug":"feriazo-de-la-economia-popular-en-la-plaza-del-congreso","status":"publish","type":"post","link":"http:\/\/fmriachuelo.it10.com.ar\/index.php\/2018\/04\/11\/feriazo-de-la-economia-popular-en-la-plaza-del-congreso\/","title":{"rendered":"FERIAZO DE LA ECONOM\u00cdA POPULAR EN LA PLAZA DEL CONGRESO"},"content":{"rendered":"<p>[FM RIACHUELO 11\/04\/2018] Hoy se realiz\u00f3 el Feriazo de la Econom\u00eda Popular en la Plaza del Congreso, donde cientos de trabajadores demostraron la capacidad productiva de un sector que ha sido expulsado de la econom\u00eda formal. La plaza se transform\u00f3 en una gran feria donde se expusieron los productos elaborados en el marco de la Econom\u00eda Popular, y donde tambi\u00e9n se mont\u00f3 una radio abierta de FM Riachuelo, por donde pasaron los vecinos, militantes, y referentes de distintos barrios y organizaciones sociales. En el acto de cierre de la actividad, el Secretario General de la CTEP, Esteban Gringo Castro, dio un discurso \u00a0que destac\u00f3 la necesidad de \u00a0empezar a discutir un proyecto <strong>\u201cpara erradicar la posibilidad de que nos gobiernen los patrones y que nos gobernemos nosotros que somos los que estamos a disposici\u00f3n para resolver los problemas de nuestros pibes, pibas, padres y abuelos\u201d.<\/strong><\/p>\n<p>La actividad comenz\u00f3 a las 8 de la ma\u00f1ana, desde all\u00ed, el Secretario General de la CTEP, en la apertura de la radio abierta instalada por FM Riachuelo, dijo respecto de la feria: \u201ctenemos una nueva estrategia de lucha, es una herramienta que empieza hoy, vamos a tomar todo el espacio p\u00fablico hasta donde alcance y nos vamos a pelear con quien sea en las plazas, porque las compa\u00f1eras y compa\u00f1eros no pueden para de trabajar\u201d.<\/p>\n<p>Tambi\u00e9n denunci\u00f3 al gobierno que \u201cnos plantea a los movimientos populares que dejemos de producir y empecemos a capacitarnos. Fijens\u00e9 si necesitamos alg\u00fan tipo de capacitaci\u00f3n\u201d. Y continu\u00f3: <strong>\u201cPara nosotros el eje del debate que tenemos que dar en la sociedad tiene que ver con la producci\u00f3n popular, el trabajo popular, la econom\u00eda del cuidado y todo lo que hacemos todos los d\u00edas en los barrios<\/strong>\u201d y agreg\u00f3 \u00a0\u201c\u00bfPor qu\u00e9 el gobierno nos plantea la capacitaci\u00f3n y no la producci\u00f3n? Porque quieren que los compa\u00f1eros se queden en su casa y vayan una vez por semana a capacitarse\u201d.<\/p>\n<p><img loading=\"lazy\" decoding=\"async\" class=\"alignnone wp-image-6736\" src=\"http:\/\/fmriachuelo.com.ar\/wp-content\/uploads\/2018\/04\/WhatsApp-Image-2018-04-11-at-17.59.42-300x200.jpeg\" alt=\"\" width=\"475\" height=\"317\" srcset=\"http:\/\/fmriachuelo.it10.com.ar\/wp-content\/uploads\/2018\/04\/WhatsApp-Image-2018-04-11-at-17.59.42-300x200.jpeg 300w, http:\/\/fmriachuelo.it10.com.ar\/wp-content\/uploads\/2018\/04\/WhatsApp-Image-2018-04-11-at-17.59.42-1024x683.jpeg 1024w, http:\/\/fmriachuelo.it10.com.ar\/wp-content\/uploads\/2018\/04\/WhatsApp-Image-2018-04-11-at-17.59.42-768x512.jpeg 768w, http:\/\/fmriachuelo.it10.com.ar\/wp-content\/uploads\/2018\/04\/WhatsApp-Image-2018-04-11-at-17.59.42-750x500.jpeg 750w, http:\/\/fmriachuelo.it10.com.ar\/wp-content\/uploads\/2018\/04\/WhatsApp-Image-2018-04-11-at-17.59.42.jpeg 1280w\" sizes=\"auto, (max-width: 475px) 100vw, 475px\" \/><\/p>\n<p>El dirigente plante\u00f3 que el problema de la producci\u00f3n debe resolverse desde la pol\u00edtica a trav\u00e9s de una estrategia que implique que Estado Nacional incorpore a la Econom\u00eda Popular en sus relaciones comerciales, sustituyendo a las grandes corporaciones: \u201cEn vez de que le compren a las grandes corporaciones que nos compren a nosotros\u201d. Y afirm\u00f3 que \u201csi adem\u00e1s logramos los subsidios que tienen las grandes empresas, vamos a estar demostrando que \u00e9sta econom\u00eda lleg\u00f3 para quedarse\u201d.<\/p>\n<p>En el acto de cierre hablaron distintos dirigentes sindicales como Sergio Palazzo, secretario general del sindicato bancario, Luis C\u00e1ceres de Ladrilleros, Cachorro Godoy de la Asociaci\u00f3n de Trabajadores del Estado, y dirigentes sociales como Dina S\u00e1nchez del Frente Popular Dar\u00edo Santill\u00e1n y Celeste Ortiz de Barrios de Pie. El Gringo Castro cerr\u00f3 la actividad denunciando a los funcionarios del gobierno nacional que esconden fortunas en guaridas fiscales: \u201ctenemos que discutir con tipos tan miserables como el ministro finanzas. <strong>Si esos tipos que se llenan de guita y son la causa de nuestros problemas \u00bfno ser\u00e1 hora de que tengamos un proyecto de pa\u00eds que nos incluya todos? tenemos que discutir un proyecto que nos una como el proyecto de Jes\u00fas, de Per\u00f3n, de Ch\u00e1vez y de Lula\u201d.<\/strong><\/p>\n<p><img loading=\"lazy\" decoding=\"async\" class=\"alignnone  wp-image-6741\" src=\"http:\/\/fmriachuelo.com.ar\/wp-content\/uploads\/2018\/04\/WhatsApp-Image-2018-04-11-at-17.22.34-300x200.jpeg\" alt=\"\" width=\"461\" height=\"307\" srcset=\"http:\/\/fmriachuelo.it10.com.ar\/wp-content\/uploads\/2018\/04\/WhatsApp-Image-2018-04-11-at-17.22.34-300x200.jpeg 300w, http:\/\/fmriachuelo.it10.com.ar\/wp-content\/uploads\/2018\/04\/WhatsApp-Image-2018-04-11-at-17.22.34-1024x683.jpeg 1024w, http:\/\/fmriachuelo.it10.com.ar\/wp-content\/uploads\/2018\/04\/WhatsApp-Image-2018-04-11-at-17.22.34-768x512.jpeg 768w, http:\/\/fmriachuelo.it10.com.ar\/wp-content\/uploads\/2018\/04\/WhatsApp-Image-2018-04-11-at-17.22.34-750x500.jpeg 750w, http:\/\/fmriachuelo.it10.com.ar\/wp-content\/uploads\/2018\/04\/WhatsApp-Image-2018-04-11-at-17.22.34-1140x761.jpeg 1140w, http:\/\/fmriachuelo.it10.com.ar\/wp-content\/uploads\/2018\/04\/WhatsApp-Image-2018-04-11-at-17.22.34.jpeg 1280w\" sizes=\"auto, (max-width: 461px) 100vw, 461px\" \/><\/p>\n<p>Escucha los testimonios y discursos en el siguiente link:<\/p>\n<p><a href=\"https:\/\/soundcloud.com\/prensa-fm-riachuelo\/sets\/11-04-2018-feriazo-de-la-economia-popular-en-congreso\">https:\/\/soundcloud.com\/prensa-fm-riachuelo\/sets\/11-04-2018-feriazo-de-la-economia-popular-en-congreso<\/a><\/p>\n","protected":false},"excerpt":{"rendered":"<p>[FM RIACHUELO 11\/04\/2018] Hoy se realiz\u00f3 el Feriazo de la Econom\u00eda Popular en la Plaza del Congreso, donde cientos de trabajadores demostraron la capacidad productiva de un sector que ha sido expulsado de la econom\u00eda formal. La plaza se transform\u00f3 en una gran feria donde se expusieron los productos elaborados en el marco de la [&hellip;]<\/p>\n","protected":false},"author":5,"featured_media":6734,"comment_status":"open","ping_status":"open","sticky":false,"template":"","format":"standard","meta":{"_monsterinsights_skip_tracking":false,"_monsterinsights_sitenote_active":false,"_monsterinsights_sitenote_note":"","_monsterinsights_sitenote_category":0,"jnews-multi-image_gallery":[],"jnews_single_post":[],"jnews_primary_category":[],"_joinchat":[],"footnotes":""},"categories":[78,76],"tags":[],"class_list":["post-6733","post","type-post","status-publish","format-standard","has-post-thumbnail","hentry","category-economia-popular","category-salud-comunitaria"],"_links":{"self":[{"href":"http:\/\/fmriachuelo.it10.com.ar\/index.php\/wp-json\/wp\/v2\/posts\/6733","targetHints":{"allow":["GET"]}}],"collection":[{"href":"http:\/\/fmriachuelo.it10.com.ar\/index.php\/wp-json\/wp\/v2\/posts"}],"about":[{"href":"http:\/\/fmriachuelo.it10.com.ar\/index.php\/wp-json\/wp\/v2\/types\/post"}],"author":[{"embeddable":true,"href":"http:\/\/fmriachuelo.it10.com.ar\/index.php\/wp-json\/wp\/v2\/users\/5"}],"replies":[{"embeddable":true,"href":"http:\/\/fmriachuelo.it10.com.ar\/index.php\/wp-json\/wp\/v2\/comments?post=6733"}],"version-history":[{"count":0,"href":"http:\/\/fmriachuelo.it10.com.ar\/index.php\/wp-json\/wp\/v2\/posts\/6733\/revisions"}],"wp:featuredmedia":[{"embeddable":true,"href":"http:\/\/fmriachuelo.it10.com.ar\/index.php\/wp-json\/wp\/v2\/media\/6734"}],"wp:attachment":[{"href":"http:\/\/fmriachuelo.it10.com.ar\/index.php\/wp-json\/wp\/v2\/media?parent=6733"}],"wp:term":[{"taxonomy":"category","embeddable":true,"href":"http:\/\/fmriachuelo.it10.com.ar\/index.php\/wp-json\/wp\/v2\/categories?post=6733"},{"taxonomy":"post_tag","embeddable":true,"href":"http:\/\/fmriachuelo.it10.com.ar\/index.php\/wp-json\/wp\/v2\/tags?post=6733"}],"curies":[{"name":"wp","href":"https:\/\/api.w.org\/{rel}","templated":true}]}}