{"id":673,"date":"2015-03-15T17:30:00","date_gmt":"2015-03-15T17:30:00","guid":{"rendered":"http:\/\/fmriachuelo.observatorioess.org.ar\/index.php\/2015\/03\/15\/rosario-hallan-restos-de-desaparecidos\/"},"modified":"2025-03-26T16:51:22","modified_gmt":"2025-03-26T19:51:22","slug":"rosario-hallan-restos-de-desaparecidos","status":"publish","type":"post","link":"http:\/\/fmriachuelo.it10.com.ar\/index.php\/2015\/03\/15\/rosario-hallan-restos-de-desaparecidos\/","title":{"rendered":"ROSARIO: HALLAN RESTOS DE DESAPARECIDOS"},"content":{"rendered":"<div><span style=\"color: red;font-family: Verdana, sans-serif;font-size: large\"><strong>INCANSABLE BUSQUEDA<\/strong><\/span><\/div>\n<div style=\"clear: both;text-align: left\"><span style=\"font-family: Verdana, sans-serif\"><span style=\"font-size: x-small\">En el cementerio La Piedad, uno de los m\u00e1s grandes de Rosario<\/span> <br \/><strong>El Equipo de Antropolog\u00eda Forense identific\u00f3 a cuatro desaparecidos<\/strong><\/span><\/div>\n<div style=\"clear: both;text-align: left\"><span style=\"font-family: Verdana\">Son Miguel \u00c1ngel Rubinich, Irma Edith Parra Yakin, Jorge Luis Ruffa y Carlos Ra\u00fal Racagni. Los tres primeros fueron sepultados como NN y el \u00faltimo fue inhumado con un nombre falso. El fiscal Federico Reinares dijo a Infojus Noticias que con los hallazgos se reactivan los casos en las diferentes causas de lesa que est\u00e1n en proceso en Rosario y Santa Fe.<\/span><\/div>\n<div style=\"clear: both;text-align: left\"><span style=\"font-family: Verdana, sans-serif\">&nbsp;<\/span><\/div>\n<div style=\"clear: both;text-align: center\"><a href=\"http:\/\/4.bp.blogspot.com\/-L0lC9cm-j5I\/VQXKfKidQTI\/AAAAAAAADEU\/BlzVwoHxCnc\/s1600\/eaaf_sup.jpg\" style=\"clear: left;float: left;margin-bottom: 1em;margin-right: 1em\"><img loading=\"lazy\" decoding=\"async\" border=\"0\" src=\"http:\/\/4.bp.blogspot.com\/-L0lC9cm-j5I\/VQXKfKidQTI\/AAAAAAAADEU\/BlzVwoHxCnc\/s1600\/eaaf_sup.jpg\" height=\"86\" width=\"320\" \/><\/a><\/div>\n<div style=\"clear: both;text-align: left\"><span style=\"font-family: Verdana, sans-serif\">El cementerio La Piedad es uno de los m\u00e1s grandes de Rosario. Fundado en 1886, tiene 40 mil sepulturas. Entre 1976 y 1983, los militares usaron el lugar menos visitado para enterrar, de forma clandestina, a un grupo de desaparecidos.  Ese sector es donde est\u00e1n las sepulturas en tierra de los NN: pobres, indigentes, familiares no reconocidos, sin l\u00e1pidas ni flores ni cartas. Esta semana, el Equipo Argentino de Antropolog\u00eda Forense (EAAF) identific\u00f3 a cuatro cad\u00e1veres que hab\u00edan sido exhumados de esa parte del cementerio. \u201cEn 1984, a partir de una causa  de lesa humanidad en la regi\u00f3n, se abri\u00f3 la investigaci\u00f3n por la posible aparici\u00f3n de cuerpos en el cementerio. Y hasta ahora, ya llevamos 14 identificaciones. Se logr\u00f3 demostrar que los militares utilizaron el m\u00e9todo de los enterramientos clandestinos como m\u00e9todo sistem\u00e1tico para desaparecer los cuerpos\u201d, dijo a Infojus Noticias el fiscal Federico Reinares, de la Unidad Fiscal de Derechos Humanos de Rosario.<\/span><\/div>\n<p><a name='more'><\/a><span style=\"font-family: Verdana, sans-serif\"><br \/> Desde la Unidad confirmaron que se trata de Miguel \u00c1ngel Rubinich, Irma Edith Parra Yakin, Jorge Luis Ruffa y Carlos Ra\u00fal Racagni. Los tres primeros fueron sepultados como NN, mientras que el \u00faltimo fue inhumado con un nombre falso. \u201cEn general, los enterramientos que hicieron los militares fueron en fosas comunes y como NN, por lo que sorprende que hayan sepultado a Racagni con el nombre ap\u00f3crifo de Juan Jos\u00e9 Mart\u00ednez\u201d, aclar\u00f3 Reinares. En un informe de la fiscal\u00eda al que tuvo acceso esta agencia, se detall\u00f3 el procedimiento por el cual los militares usaron el cementerio La Piedad de manera sistem\u00e1tica y en el marco del genocidio.<\/p>\n<p>\u201cHasta el momento, a  los 14 identificados los ubicamos entre los a\u00f1os \u201877 y \u201878. Trabajamos sobre 130 sepulturas de NN, todas en tierra, entre los sectores 74 y 75 del cementerio. Eso no quiere decir que estemos hablando de 130 desaparecidos, porque por ahora identificamos una \u00ednfima cantidad aunque el trabajo de la EAAF sigue en proceso\u201d, dijo Reinares. A Rubinich lo desaparecieron en octubre de 1976; a Parra Yakin, el 4 de noviembre de ese mismo a\u00f1o. Y a Racagni lo mataron e hicieron pasar el crimen por un supuesto \u201cenfrentamiento\u201d con fuerzas de seguridad el 20 de octubre de 1976.<\/span><\/p>\n<p><span style=\"font-family: Verdana, sans-serif\">\u201cTu recuerdo se hace grande y tu lucha alimenta mi sonrisa\u201d<\/p>\n<p>Ruffa fue secuestrado el 28 febrero de 1977 y asesinado el 17 de marzo de ese a\u00f1o. Oriundo de San Luis, se hab\u00eda recibido de arquitecto en Rosario.  Era profesor de la Universidad Tecnol\u00f3gica de Venado Tuerto, militaba en la Juventud Peronista y ten\u00eda 34 a\u00f1os cuando fue secuestrado. Hab\u00eda sido visto por \u00faltima vez en el centro clandestino de detenci\u00f3n La Calamita. Por su asesinato fueron juzgados los represores Jorge Fari\u00f1a y Juan Daniel Amelong, condenados a prisi\u00f3n perpetua por 21 casos de secuestros, 11 de ellos seguidos de torturas y por lo menos 10 homicidios.<\/p>\n<p> Irma Parra Yakin naci\u00f3 en San Juan y fue secuestrada cuando ten\u00eda 37 a\u00f1os.  Era militante de Montoneros junto a su marido, Jorge Elio Mart\u00ednez, que tambi\u00e9n desapareci\u00f3 pocos meses despu\u00e9s. Seg\u00fan relat\u00f3 su hijo Fernando, sus padres se conocieron cuando ella ya era maestra y estudiaba psicopedagog\u00eda en la Universidad Cat\u00f3lica de Cuyo, donde el padre cursaba la carrera de Derecho, por los a\u00f1os \u201870. Ya militaban en Montoneros y hac\u00edan trabajo social en los barrios del Gran San Juan. Al a\u00f1o siguiente de conocerse naci\u00f3 Fernando, que poco recuerda de sus padres porque desaparecieron cuando apenas ten\u00eda 5 a\u00f1os.<\/p>\n<p> A Racagni le dec\u00edan \u201cEl Monito\u201d y en 1970 hab\u00eda ingresado a la Facultad de Ciencias Econ\u00f3micas de Santa Fe. Fue militante de Juventud Universitaria Peronista (JUP) y Montoneros. Lo mataron el 20 de octubre de 1976 a la edad de 25 a\u00f1os. Su sobrino Federico, que no lo conoci\u00f3, escribi\u00f3 no hace mucho: \u201cTodos los octubres, todos tus octubres. Tu recuerdo se hace grande y tu lucha alimenta mi sonrisa. Y en cada pibe pobre que pide limosna, veo tus ojos tristes (&#8230;) Gracias. Por tu compromiso. Por tu generosa lucha. Y un fuerte abrazo donde quiera que est\u00e9s\u201d.<\/span><\/p>\n<p><span style=\"font-family: Verdana, sans-serif\">\u201cSe corta el efecto de la desaparici\u00f3n\u201d<\/p>\n<p>En la investigaci\u00f3n de la Unidad Fiscal, adem\u00e1s, se precis\u00f3 que los enterramientos clandestinos no fue el \u00fanico m\u00e9todo que se us\u00f3 para  desaparecer los cuerpos. \u201cUn mecanismo eficaz de los represores fue el de arrojar cad\u00e1veres a la vera de las ruta. Y otro fue el de sepultar desaparecidos en los campos militares. Como ejemplo del segundo, tenemos comprobada la existencia de enterramientos en el centro clandestino Campo San Pedro\u201d, enfatiz\u00f3 Reinares.<\/p>\n<p> El predio militar Campo San Pedro est\u00e1 ubicado a unos 50 kil\u00f3metros de la ciudad de Santa Fe, cercano a Laguna Paiva, y fue se\u00f1alizado como \u201csitio de memoria\u201d por la Secretar\u00eda de Derechos Humanos de la Naci\u00f3n. En 2009, y a ra\u00edz de las denuncias de organismos de derechos humanos, el EAAF hall\u00f3 en ese territorio militar los restos de cinco hombres y tres mujeres con evidencias de haber sido asesinadas. Hasta el momento fueron identificados los cuerpos de Oscar Wilkelman, Mar\u00eda Esther Ravelo, Mar\u00eda Isabel Salinas de Bosso, Carlos Alberto Bosso y de Gustavo Adolfo Pon, j\u00f3venes militantes pol\u00edticos que permanec\u00edan desaparecidos desde sus secuestros en Rosario, entre agosto y septiembre de 1977.<\/p>\n<p> En relaci\u00f3n a los cad\u00e1veres que los militares \u201ctiraban\u201d en las rutas, el fiscal Reinares especific\u00f3 que se trat\u00f3 de un procedimiento particular. \u201cLos cuerpos eran arrojados casi a las entradas de los pueblos santafesinos. Eso no era casual, porque cuando los encontraban se los llevaban a los cementerios de dichos pueblos y los enterraban de forma clandestina\u201d, dijo. El informe cita los cruces entre los libros de ingreso del cementerio y los datos de la investigaci\u00f3n que maneja la Unidad sobre los secuestros y las desapariciones. De ese modo, el EAAF procede a la identificaci\u00f3n de los cuerpos.<\/p>\n<p> Sobre el valor simb\u00f3lico de las \u00faltimas cuatro identificaciones, Reinares dijo que \u201cse resuelve la cuesti\u00f3n reparatoria\u201d y, a nivel jur\u00eddico, se reactivan los casos en las diferentes causas de lesa humanidad que est\u00e1n en proceso en Rosario y Santa Fe. Para el fiscal,  \u201ces importante porque se corta el efecto de la desaparici\u00f3n y se calma la angustia de los familiares. Con la aparici\u00f3n de los cuerpos ten\u00e9s un dato po<br \/>\nsitivo. Se resuelve el cu\u00e1ndo, porque sabemos que fueron enterrados en los cementerios. Pero la justicia, ahora, tiene el desaf\u00edo de saber el por qu\u00e9 y el c\u00f3mo\u201d.<\/p>\n<p>La repercusi\u00f3n en los familiares<\/p>\n<p> El abogado de la APDH Rosario, Norberto Forest\u00ed, enmarc\u00f3 la noticia en un \u00absentimiento de dolor y emoci\u00f3n al que no podemos llamar alegr\u00eda\u00bb.  A la familia Ruffa la noticia del descubrimiento de los restos les lleg\u00f3 un d\u00eda antes del aniversario de su secuestro y a 38 a\u00f1os de su asesinato. Diez a\u00f1os atr\u00e1s, los hermanos Ruffa hab\u00edan dado muestras de sangre al banco de ADN de familiares de desaparecidos. La fosa del cementerio donde encontraron \u00abparte del cuerpo de Jorge Luis, era un enterramiento com\u00fan, que contaba con m\u00e1s de 100 cad\u00e1veres aproximadamente, enterrados en 7 u 8 capas, seg\u00fan el momento de la muerte\u00bb, explic\u00f3 Ra\u00fal, hermano de Jorge Luis.<\/p>\n<p> \u00abIdentificarlo no fue f\u00e1cil porque luego del fusilamiento, su cuerpo fue calcinado en un auto. Los datos que los forenses armaron, con una paciencia de hormiga, ten\u00edan como antecedente el testimonio de la esposa de un detenido que fue dejada en libertad, y lo asentado en el cementerio, donde constaba que el cuerpo hab\u00eda sido enterrado el 17 de marzo de ese a\u00f1o\u00bb, record\u00f3.<\/p>\n<p> Fernando Mart\u00ednez, hijo de Irma Edith Parra Yakin, se hab\u00eda hecho un ADN hace unos tres a\u00f1os, para formar un banco de datos de familiares de desaparecidos en todo el pa\u00eds. \u201cCuando me enter\u00e9 fue como un shock, llor\u00e9 mucho, pero ahora siento alegr\u00eda porque por fin voy a tener el cuerpo conmigo\u201d, dijo el joven, que milita en la agrupaci\u00f3n HIJOS, en una entrevista period\u00edstica.<\/p>\n<p> La fiscal\u00eda inform\u00f3 que los trabajos fueron realizados por el EAAF y estuvieron a cargo del licenciado Miguel Nieva. Los estudios gen\u00e9ticos posteriores de las muestras tomadas de los cuerpos fueron concretados por el laboratorio \u201cThe Bode Technology Grop Inc.\u201d, de Estados Unidos, y el Laboratorio de Gen\u00e9tica del EAAF, en C\u00f3rdoba, en el marco de la Iniciativa Latinoamericana para la Identificaci\u00f3n de Personas Desaparecidas (ILID).<\/span><br \/><span style=\"color: blue;font-family: Verdana\">Fuente: Infojus, Producci\u00f3n Riachuelo<\/span><\/p>\n<div style=\"clear: both;text-align: center\"><a href=\"http:\/\/2.bp.blogspot.com\/-SnwdbTSbeDY\/VQXLCzfeHbI\/AAAAAAAADEc\/pGtbpuI6qr8\/s1600\/COOP%2BRIACHIUELO%2BPRODUCCIONES.jpg\" style=\"clear: left;float: left;margin-bottom: 1em;margin-right: 1em\"><img loading=\"lazy\" decoding=\"async\" border=\"0\" src=\"http:\/\/2.bp.blogspot.com\/-SnwdbTSbeDY\/VQXLCzfeHbI\/AAAAAAAADEc\/pGtbpuI6qr8\/s1600\/COOP%2BRIACHIUELO%2BPRODUCCIONES.jpg\" height=\"58\" width=\"200\" \/><\/a><\/div>\n","protected":false},"excerpt":{"rendered":"<p>INCANSABLE BUSQUEDA En el cementerio La Piedad, uno de los m\u00e1s grandes de Rosario El Equipo de Antropolog\u00eda Forense identific\u00f3 a cuatro desaparecidos Son Miguel \u00c1ngel Rubinich, Irma Edith Parra Yakin, Jorge Luis Ruffa y Carlos Ra\u00fal Racagni. Los tres primeros fueron sepultados como NN y el \u00faltimo fue inhumado con un nombre falso. El [&hellip;]<\/p>\n","protected":false},"author":4,"featured_media":0,"comment_status":"open","ping_status":"open","sticky":false,"template":"","format":"standard","meta":{"_monsterinsights_skip_tracking":false,"_monsterinsights_sitenote_active":false,"_monsterinsights_sitenote_note":"","_monsterinsights_sitenote_category":0,"jnews-multi-image_gallery":[],"jnews_single_post":{"format":"standard"},"jnews_primary_category":[],"_joinchat":[],"footnotes":""},"categories":[58],"tags":[119],"class_list":["post-673","post","type-post","status-publish","format-standard","hentry","category-noticiariachuelo","tag-derechos-humanos"],"_links":{"self":[{"href":"http:\/\/fmriachuelo.it10.com.ar\/index.php\/wp-json\/wp\/v2\/posts\/673","targetHints":{"allow":["GET"]}}],"collection":[{"href":"http:\/\/fmriachuelo.it10.com.ar\/index.php\/wp-json\/wp\/v2\/posts"}],"about":[{"href":"http:\/\/fmriachuelo.it10.com.ar\/index.php\/wp-json\/wp\/v2\/types\/post"}],"author":[{"embeddable":true,"href":"http:\/\/fmriachuelo.it10.com.ar\/index.php\/wp-json\/wp\/v2\/users\/4"}],"replies":[{"embeddable":true,"href":"http:\/\/fmriachuelo.it10.com.ar\/index.php\/wp-json\/wp\/v2\/comments?post=673"}],"version-history":[{"count":1,"href":"http:\/\/fmriachuelo.it10.com.ar\/index.php\/wp-json\/wp\/v2\/posts\/673\/revisions"}],"predecessor-version":[{"id":22633,"href":"http:\/\/fmriachuelo.it10.com.ar\/index.php\/wp-json\/wp\/v2\/posts\/673\/revisions\/22633"}],"wp:attachment":[{"href":"http:\/\/fmriachuelo.it10.com.ar\/index.php\/wp-json\/wp\/v2\/media?parent=673"}],"wp:term":[{"taxonomy":"category","embeddable":true,"href":"http:\/\/fmriachuelo.it10.com.ar\/index.php\/wp-json\/wp\/v2\/categories?post=673"},{"taxonomy":"post_tag","embeddable":true,"href":"http:\/\/fmriachuelo.it10.com.ar\/index.php\/wp-json\/wp\/v2\/tags?post=673"}],"curies":[{"name":"wp","href":"https:\/\/api.w.org\/{rel}","templated":true}]}}