{"id":668,"date":"2015-03-17T02:03:00","date_gmt":"2015-03-17T02:03:00","guid":{"rendered":"http:\/\/fmriachuelo.observatorioess.org.ar\/index.php\/2015\/03\/17\/unasur-se-pronuncia-sobre-la-amenaza-a-venezuela\/"},"modified":"2025-03-26T22:00:57","modified_gmt":"2025-03-27T01:00:57","slug":"unasur-se-pronuncia-sobre-la-amenaza-a-venezuela","status":"publish","type":"post","link":"http:\/\/fmriachuelo.it10.com.ar\/index.php\/2015\/03\/17\/unasur-se-pronuncia-sobre-la-amenaza-a-venezuela\/","title":{"rendered":"UNASUR SE PRONUNCIA SOBRE LA AMENAZA A VENEZUELA"},"content":{"rendered":"<p><span style=\"color: red;font-family: Verdana, sans-serif;font-size: large\"><strong>UN BLOQUE REGIONAL<\/strong><\/span><br \/><span style=\"color: red;font-family: Verdana, sans-serif\"><strong>La Unasur solicita la derogaci\u00f3n del decreto ejecutivo de EE.UU. sobre Venezuela<\/strong><\/span><\/p>\n<div style=\"clear: both;text-align: center\"><a href=\"http:\/\/2.bp.blogspot.com\/-ZfWznjviqNc\/VQeKIP-5EvI\/AAAAAAAADF8\/7ggIrA8bJuk\/s1600\/UNASUR.jpg\" style=\"clear: left;float: left;margin-bottom: 1em;margin-right: 1em\"><img decoding=\"async\" border=\"0\" src=\"http:\/\/2.bp.blogspot.com\/-ZfWznjviqNc\/VQeKIP-5EvI\/AAAAAAAADF8\/7ggIrA8bJuk\/s1600\/UNASUR.jpg\" \/><\/a><\/div>\n<p>&nbsp;<span style=\"font-family: Verdana\">[Internacional\/Resumen Latinoamericano\/ RT\/ 14\/03\/2015.]-  La Unasur ha solicitado a EE.UU. derogar el reciente decreto ejecutivo que calificaba a Venezuela como una amenaza para su seguridad nacional.<\/p>\n<p>Tras celebrarse en Quito una reuni\u00f3n extraordinaria, la Uni\u00f3n de Naciones Sudamericanas (Unasur) ha solicitado a EE.UU. la derogaci\u00f3n del decreto ejecutivo que califica a Venezuela como una amenaza para la seguridad nacional del pa\u00eds norteamericano, e introduc\u00eda sanciones contra algunos funcionarios venezolanos.<\/span><a name='more'><\/a><span style=\"font-family: Verdana\"><br \/><\/span><span style=\"font-family: Verdana, sans-serif\">Al inicio de esta reuni\u00f3n extraordinaria, el secretario general de la Unasur, Ernesto Samper, subray\u00f3 que la organizaci\u00f3n hab\u00eda sido creada bajo el principio de la paz.<\/p>\n<p>\u201cLos principios capitulares que dieron origen a la Unasur fueron la preservaci\u00f3n de esta regi\u00f3n como zona de paz, el fortalecimiento de la democracia y garantizar los derechos humanos\u201d, expres\u00f3 Samper<\/span><span style=\"font-family: Verdana, sans-serif\">. \u201cEsos son los tres principios alrededor de los cuales nos hemos y nos seguiremos moviendo en la Unasur\u201d, a\u00f1adi\u00f3.<\/span><br \/><span style=\"color: blue;font-family: Verdana, sans-serif\">&nbsp;Fuente: Telesur, Producci\u00f3n Riachuelo<\/span><\/p>\n<div style=\"clear: both;text-align: center\"><a href=\"http:\/\/2.bp.blogspot.com\/-kYxQJV7TEWE\/VQeKuOfxHsI\/AAAAAAAADGE\/Qy8ajuyUdNs\/s1600\/COOP%2BRIACHIUELO%2BPRODUCCIONES.jpg\" style=\"clear: left;float: left;margin-bottom: 1em;margin-right: 1em\"><img loading=\"lazy\" decoding=\"async\" border=\"0\" src=\"http:\/\/2.bp.blogspot.com\/-kYxQJV7TEWE\/VQeKuOfxHsI\/AAAAAAAADGE\/Qy8ajuyUdNs\/s1600\/COOP%2BRIACHIUELO%2BPRODUCCIONES.jpg\" height=\"58\" width=\"200\" \/><\/a><\/div>\n","protected":false},"excerpt":{"rendered":"<p>UN BLOQUE REGIONALLa Unasur solicita la derogaci\u00f3n del decreto ejecutivo de EE.UU. sobre Venezuela &nbsp;[Internacional\/Resumen Latinoamericano\/ RT\/ 14\/03\/2015.]- La Unasur ha solicitado a EE.UU. derogar el reciente decreto ejecutivo que calificaba a Venezuela como una amenaza para su seguridad nacional. Tras celebrarse en Quito una reuni\u00f3n extraordinaria, la Uni\u00f3n de Naciones Sudamericanas (Unasur) ha solicitado [&hellip;]<\/p>\n","protected":false},"author":4,"featured_media":0,"comment_status":"open","ping_status":"open","sticky":false,"template":"","format":"standard","meta":{"_monsterinsights_skip_tracking":false,"_monsterinsights_sitenote_active":false,"_monsterinsights_sitenote_note":"","_monsterinsights_sitenote_category":0,"jnews-multi-image_gallery":[],"jnews_single_post":{"format":"standard"},"jnews_primary_category":[],"_joinchat":[],"footnotes":""},"categories":[58],"tags":[70,157],"class_list":["post-668","post","type-post","status-publish","format-standard","hentry","category-noticiariachuelo","tag-de-la-patria-grande","tag-nadie-se-salva-solo"],"_links":{"self":[{"href":"http:\/\/fmriachuelo.it10.com.ar\/index.php\/wp-json\/wp\/v2\/posts\/668","targetHints":{"allow":["GET"]}}],"collection":[{"href":"http:\/\/fmriachuelo.it10.com.ar\/index.php\/wp-json\/wp\/v2\/posts"}],"about":[{"href":"http:\/\/fmriachuelo.it10.com.ar\/index.php\/wp-json\/wp\/v2\/types\/post"}],"author":[{"embeddable":true,"href":"http:\/\/fmriachuelo.it10.com.ar\/index.php\/wp-json\/wp\/v2\/users\/4"}],"replies":[{"embeddable":true,"href":"http:\/\/fmriachuelo.it10.com.ar\/index.php\/wp-json\/wp\/v2\/comments?post=668"}],"version-history":[{"count":1,"href":"http:\/\/fmriachuelo.it10.com.ar\/index.php\/wp-json\/wp\/v2\/posts\/668\/revisions"}],"predecessor-version":[{"id":22646,"href":"http:\/\/fmriachuelo.it10.com.ar\/index.php\/wp-json\/wp\/v2\/posts\/668\/revisions\/22646"}],"wp:attachment":[{"href":"http:\/\/fmriachuelo.it10.com.ar\/index.php\/wp-json\/wp\/v2\/media?parent=668"}],"wp:term":[{"taxonomy":"category","embeddable":true,"href":"http:\/\/fmriachuelo.it10.com.ar\/index.php\/wp-json\/wp\/v2\/categories?post=668"},{"taxonomy":"post_tag","embeddable":true,"href":"http:\/\/fmriachuelo.it10.com.ar\/index.php\/wp-json\/wp\/v2\/tags?post=668"}],"curies":[{"name":"wp","href":"https:\/\/api.w.org\/{rel}","templated":true}]}}