{"id":667,"date":"2015-03-17T02:30:00","date_gmt":"2015-03-17T02:30:00","guid":{"rendered":"http:\/\/fmriachuelo.observatorioess.org.ar\/index.php\/2015\/03\/17\/venezuela-el-parlamento-aprueba-la-ley-habilitante\/"},"modified":"2025-03-26T22:02:03","modified_gmt":"2025-03-27T01:02:03","slug":"venezuela-el-parlamento-aprueba-la-ley-habilitante","status":"publish","type":"post","link":"http:\/\/fmriachuelo.it10.com.ar\/index.php\/2015\/03\/17\/venezuela-el-parlamento-aprueba-la-ley-habilitante\/","title":{"rendered":"VENEZUELA: EL PARLAMENTO APRUEBA LA LEY HABILITANTE"},"content":{"rendered":"<div style=\"clear: both;text-align: left\"><span style=\"color: red;font-family: Verdana, sans-serif;font-size: large\"><strong>UN INSTRUMENTO LEGAL PARA PROTEGER AL PUEBLO<\/strong><\/span><\/div>\n<div style=\"clear: both;text-align: center\"><a href=\"http:\/\/3.bp.blogspot.com\/-6Y7XBbcEvaQ\/VQeNwhGaftI\/AAAAAAAADGQ\/Yon9AJDeCFI\/s1600\/parla.jpg\" style=\"clear: left;float: left;margin-bottom: 1em;margin-right: 1em\"><img loading=\"lazy\" decoding=\"async\" border=\"0\" src=\"http:\/\/3.bp.blogspot.com\/-6Y7XBbcEvaQ\/VQeNwhGaftI\/AAAAAAAADGQ\/Yon9AJDeCFI\/s1600\/parla.jpg\" height=\"180\" width=\"320\" \/><\/a><\/div>\n<div><span style=\"font-family: Verdana, sans-serif\">Los parlamentarios aprobaron los 4 art\u00edculos de la normativa que permitir\u00e1 a Nicol\u00e1s Maduro defender a Venezuela de los ataques imperialistas.<\/p>\n<p>Este domingo, la Asamblea Nacional (AN) de Venezuela (Parlamento) aprob\u00f3 con mayor\u00eda de votos la Ley Habilitante Antiimperialista solicitada por el presidente de la Rep\u00fablica, Nicol\u00e1s Maduro para defender a su pa\u00eds de las acciones injerencistas de Estados Unidos (EE.UU.) <\/p>\n<p>La mayor\u00eda de los diputados votaron a favor de este reglamento que se solicit\u00f3 luego de que Obama anunciara la implementaci\u00f3n de <\/span><span style=\"font-family: Verdana, sans-serif\">nuevas sanciones contra Venezuela<\/span><span style=\"font-family: Verdana, sans-serif\"> por supuestas violaciones de derechos humanos y declar\u00f3 una \u201cemergencia nacional\u00bb por el \u00abriesgo extraordinario\u00bb que supone la situaci\u00f3n en ese pa\u00eds para la seguridad de Washington. <br \/><a name='more'><\/a><br \/>\u201cEsta agresi\u00f3n solo en contra del presidente Nicol\u00e1s Maduro sino en contra de todo el pueblo porque esta es una patria\u201d, expres\u00f3 el Presidente del Parlamento, Diosdado Cabello al declarar sancionada a la normativa. <\/p>\n<p>La sanci\u00f3n y remisi\u00f3n por parte de la AN es la acci\u00f3n ante el Ejecutivo para que la Ley sea promulgada y publicada para su entrada en vigencia. Se tiene previsto que la Ley tenga una vigencia de 9 meses (hasta el 31 de diciembre de 2015) <\/p>\n<p><strong>Defensa de la patria<\/strong> <\/p>\n<p>Durante la segunda discusi\u00f3n de la <\/span><span style=\"font-family: Verdana, sans-serif\">Ley Habilitante<\/span><span style=\"font-family: Verdana, sans-serif\"> que se realiz\u00f3 en el Parlamento, la segunda vicepresidenta de la AN, Tania D\u00edaz, indic\u00f3 que este es un paso adelante para defender el pa\u00eds. <\/p>\n<p>\u201cNo se trata de una pelea entre partidos, se trata de una paso adelante para lo que es la defensa de la patria de todos\u201d, dijo. <\/p>\n<p>La parlamentaria record\u00f3 que este domingo se cumplieron<\/span><span style=\"font-family: Verdana, sans-serif\"> cuatro a\u00f1os de la crisis <\/span><span style=\"font-family: Verdana, sans-serif\">que inici\u00f3 en Siria luego de que Washington aplicara sanciones al Gobierno de Bashar Al Assad que sumergieron a esa naci\u00f3n en la guerra y el horror. <\/p>\n<p>D\u00edaz hizo lectura de un comunicado emitido por la Organizaci\u00f3n de Naciones Unidas para la Infancia (Unicef) donde solicitan apoyo para los ni\u00f1os de Siria para salvarlos de que se pierdan en el mundo de la guerra, destacando que hay algunas localidades en ese pa\u00eds donde es imposible llegar para asistir a los menores. <\/p>\n<p>En este sentido, la diputada asegur\u00f3 que con esta Ley Habilitante, el presidente Nicol\u00e1s Maduro podr\u00e1 aplicar las acciones pertinentes para evitar que Venezuela caiga en una <\/span><span style=\"font-family: Verdana, sans-serif\">situaci\u00f3n similar a la de Siria<\/span><span style=\"font-family: Verdana, sans-serif\"> y a la de otros pa\u00edses que han sido sancionados por Estados Unidos. <\/p>\n<p><strong>Protecci\u00f3n a la riqueza<\/strong> <\/p>\n<p>Asimismo, D\u00edaz a\u00f1adi\u00f3 que el Gobierno estadounidense quiere \u201cponerle la mano a la riqueza venezolana\u201d y hacer un bloqueo econ\u00f3mico hacia el pa\u00eds suramericano. <\/p>\n<p>Destac\u00f3 que seg\u00fan la secci\u00f3n ocho de la ley promulgada por Barack Obama, el Secretario de Estado de la naci\u00f3n norteamericana tiene la autorizaci\u00f3n para promulgar decretos que promuevan el cumplimiento de la ordenanza, decisi\u00f3n que seg\u00fan D\u00edaz, no fue consultada con nadie. <\/p>\n<p>D\u00edaz asegur\u00f3 que van a impedir que esta Ley entre al pa\u00eds, porque Venezuela tiene una respuesta al Gobierno de Estados Unidos, \u201cporque ayer los venezolanos se movilizaron para hacer el ejercicio de guerra y de paz, porque ayer 12 naciones de la <\/span><span style=\"font-family: Verdana, sans-serif\">Unasur le exigieron a Obama que derogue ese decreto<\/span><span style=\"font-family: Verdana, sans-serif\">\u201d. <\/p>\n<p>En tanto al presidente del Parlamento, Diosdado Cabello, resalt\u00f3 que los venezolanos quieren la paz y no quieren saber nada de guerras, porque \u201cnuestros ni\u00f1os y ni\u00f1as merecen vivir en paz\u201d. <\/p>\n<p>Mientras esto sucede, en las calles de Caracas <\/span><span style=\"font-family: Verdana, sans-serif\">una multitud marcha a favor de la Revoluci\u00f3n Bolivariana y defensa de la soberan\u00eda de Venezuela.<\/span><span style=\"font-family: Verdana, sans-serif\"><\/span><\/div>\n<p><span style=\"font-family: Verdana, sans-serif\"><span style=\"color: blue\">Fuente: Telesur,&nbsp;Producci\u00f3n Riachuelo<\/span>&nbsp;<\/span><\/p>\n<div style=\"clear: both;text-align: center\"><a href=\"http:\/\/2.bp.blogspot.com\/-kYxQJV7TEWE\/VQeKuOfxHsI\/AAAAAAAADGE\/Qy8ajuyUdNs\/s1600\/COOP%2BRIACHIUELO%2BPRODUCCIONES.jpg\" style=\"clear: left;float: left;margin-bottom: 1em;margin-right: 1em\"><img loading=\"lazy\" decoding=\"async\" border=\"0\" src=\"http:\/\/2.bp.blogspot.com\/-kYxQJV7TEWE\/VQeKuOfxHsI\/AAAAAAAADGE\/Qy8ajuyUdNs\/s1600\/COOP%2BRIACHIUELO%2BPRODUCCIONES.jpg\" height=\"58\" width=\"200\" \/><\/a><\/div>\n","protected":false},"excerpt":{"rendered":"<p>UN INSTRUMENTO LEGAL PARA PROTEGER AL PUEBLO Los parlamentarios aprobaron los 4 art\u00edculos de la normativa que permitir\u00e1 a Nicol\u00e1s Maduro defender a Venezuela de los ataques imperialistas. Este domingo, la Asamblea Nacional (AN) de Venezuela (Parlamento) aprob\u00f3 con mayor\u00eda de votos la Ley Habilitante Antiimperialista solicitada por el presidente de la Rep\u00fablica, Nicol\u00e1s Maduro [&hellip;]<\/p>\n","protected":false},"author":4,"featured_media":0,"comment_status":"open","ping_status":"open","sticky":false,"template":"","format":"standard","meta":{"_monsterinsights_skip_tracking":false,"_monsterinsights_sitenote_active":false,"_monsterinsights_sitenote_note":"","_monsterinsights_sitenote_category":0,"jnews-multi-image_gallery":[],"jnews_single_post":{"format":"standard"},"jnews_primary_category":[],"_joinchat":[],"footnotes":""},"categories":[58],"tags":[70],"class_list":["post-667","post","type-post","status-publish","format-standard","hentry","category-noticiariachuelo","tag-de-la-patria-grande"],"_links":{"self":[{"href":"http:\/\/fmriachuelo.it10.com.ar\/index.php\/wp-json\/wp\/v2\/posts\/667","targetHints":{"allow":["GET"]}}],"collection":[{"href":"http:\/\/fmriachuelo.it10.com.ar\/index.php\/wp-json\/wp\/v2\/posts"}],"about":[{"href":"http:\/\/fmriachuelo.it10.com.ar\/index.php\/wp-json\/wp\/v2\/types\/post"}],"author":[{"embeddable":true,"href":"http:\/\/fmriachuelo.it10.com.ar\/index.php\/wp-json\/wp\/v2\/users\/4"}],"replies":[{"embeddable":true,"href":"http:\/\/fmriachuelo.it10.com.ar\/index.php\/wp-json\/wp\/v2\/comments?post=667"}],"version-history":[{"count":1,"href":"http:\/\/fmriachuelo.it10.com.ar\/index.php\/wp-json\/wp\/v2\/posts\/667\/revisions"}],"predecessor-version":[{"id":22647,"href":"http:\/\/fmriachuelo.it10.com.ar\/index.php\/wp-json\/wp\/v2\/posts\/667\/revisions\/22647"}],"wp:attachment":[{"href":"http:\/\/fmriachuelo.it10.com.ar\/index.php\/wp-json\/wp\/v2\/media?parent=667"}],"wp:term":[{"taxonomy":"category","embeddable":true,"href":"http:\/\/fmriachuelo.it10.com.ar\/index.php\/wp-json\/wp\/v2\/categories?post=667"},{"taxonomy":"post_tag","embeddable":true,"href":"http:\/\/fmriachuelo.it10.com.ar\/index.php\/wp-json\/wp\/v2\/tags?post=667"}],"curies":[{"name":"wp","href":"https:\/\/api.w.org\/{rel}","templated":true}]}}