{"id":665,"date":"2015-03-17T13:00:00","date_gmt":"2015-03-17T13:00:00","guid":{"rendered":"http:\/\/fmriachuelo.observatorioess.org.ar\/index.php\/2015\/03\/17\/juan-contreras-luchador-social-de-venezuela\/"},"modified":"2025-03-27T11:42:52","modified_gmt":"2025-03-27T14:42:52","slug":"juan-contreras-luchador-social-de-venezuela","status":"publish","type":"post","link":"http:\/\/fmriachuelo.it10.com.ar\/index.php\/2015\/03\/17\/juan-contreras-luchador-social-de-venezuela\/","title":{"rendered":"JUAN CONTRERAS: LUCHADOR SOCIAL DE VENEZUELA"},"content":{"rendered":"<div style=\"text-align: left\"><span style=\"font-family: Cambria, serif;line-height: 30.66px\"><span style=\"color: red;font-size: large\"><strong>COMUNICADORES POPULARES<\/strong><\/span><\/span><a href=\"http:\/\/2.bp.blogspot.com\/-A8NjaUFY1Uw\/VQgeu9AaLfI\/AAAAAAAADGk\/GZfnz9Dvyck\/s1600\/IMG_5889.jpg\" style=\"clear: left;float: left;margin-bottom: 1em;margin-right: 1em\"><\/a><\/div>\n<p><span style=\"color: #0066cc\"><span style=\"color: #0066cc\"><span style=\"color: black;font-family: Verdana\"><strong>JUAN CONTRERAS<br \/>HABITANTE DE LA&nbsp;PARROQUIA 23 DE ENERO<br \/>DIRECTOR DE LA EMISORA RADIAL \u00abAL SON DEL 23\u00bb<\/strong><\/span><\/span><\/span><br \/><span style=\"color: #0066cc\"><span style=\"color: #0066cc\"><strong><span style=\"color: black;font-family: Verdana\"><\/span><\/strong><br \/><\/span><\/span><span style=\"font-family: Verdana, sans-serif\">Escuch\u00e1 el dialogo que mantuvimos con&nbsp;<\/span><a href=\"http:\/\/www.mediafire.com\/listen\/9b2n5ez496z4emn\/03-13-2015_-_ENTREVISTA_JUAN_CONTRERAS.mp3\"><span style=\"color: red;font-family: Verdana, sans-serif\"><strong>JUAN CONTRERAS<\/strong><\/span><\/a>&nbsp;<span style=\"font-family: Verdana, sans-serif\">por Fm Riachuelo desde Venezuela en donde nos cont\u00f3 como se vive all\u00ed la amenaza que ha lanzado el presidente Obama contra la soberan\u00eda del pa\u00eds y de la regi\u00f3n.<\/span><br \/><span style=\"color: #0066cc\"><\/span><\/p>\n<div style=\"clear: both;text-align: center\"><span style=\"color: #0066cc\"><a href=\"http:\/\/2.bp.blogspot.com\/-A8NjaUFY1Uw\/VQgeu9AaLfI\/AAAAAAAADGk\/GZfnz9Dvyck\/s1600\/IMG_5889.jpg\" style=\"clear: left;float: left;margin-bottom: 1em;margin-right: 1em\"><img loading=\"lazy\" decoding=\"async\" border=\"0\" src=\"http:\/\/2.bp.blogspot.com\/-A8NjaUFY1Uw\/VQgeu9AaLfI\/AAAAAAAADGk\/GZfnz9Dvyck\/s1600\/IMG_5889.jpg\" height=\"213\" width=\"320\" \/><\/a><\/span><\/div>\n<p><span style=\"color: #0066cc\"><br \/>&nbsp;<\/span><span style=\"font-family: Verdana, sans-serif\">Su vida ha estado marcada por la lucha social y su apego hacia los ideales de liberaci\u00f3n consagrados en movimientos de izquierda, lo que lo ha llevado a sortear persecuciones, prisi\u00f3n y m\u00e1s recientemente ocupando un curul por una raz\u00f3n netamente del destino. Luego de ser diputado suplente, le ha correspondido ocupar el puesto del malogrado Robert Serra. Se trata de Juan Contreras, l\u00edder social y actual director de la emisora Al son del 23.<\/p>\n<p>Nos cuenta que \u201chablar de Ch\u00e1vez es hablar de la esperanza. Hago un ejercicio de investigaci\u00f3n interna en mi memoria y digo, Ch\u00e1vez represent\u00f3 la esperanza. Un subversivo llegado a Miraflores. Un tipo que aprendi\u00f3 pol\u00edtica y fue un pol\u00edtico honesto, que cumpl\u00eda con su palabra. Y cierro diciendo que se inmol\u00f3 por su pueblo y por su ideal. Eso era Ch\u00e1vez\u201d, expresa con visible emoci\u00f3n.<\/span><br \/><a name='more'><\/a><span style=\"font-family: Verdana, sans-serif\"><br \/>Este hombre de luchas sociales asegura que cuando surgi\u00f3 Ch\u00e1vez s\u00f3lo lo compar\u00f3 con dos de sus figuras de irreverencias: Baltazar Ojeda Negreti (comandante El\u00edas) y Freddy Parra; ambos subversivos ca\u00eddos en combate, persiguiendo sus sue\u00f1os por los senderos de la libertad.<\/p>\n<p>\u201cPero al conocerlo m\u00e1s, reconozco a Ch\u00e1vez como un ser superior, extraordinario desde su condici\u00f3n humana hasta su entrega que siempre rebas\u00f3 las barreras de lo humano. As\u00ed fue \u00e9l\u201d, indic\u00f3.<\/p>\n<p>Explica que en cuanto a la esperanza que represent\u00f3 Ch\u00e1vez, \u201csiempre lo recuerdo como el hombre que cumpli\u00f3 con la convocatoria a Constituyente, con lo cual inici\u00f3 un pacto entre la sociedad y la naciente constituci\u00f3n y para una nueva Rep\u00fablica. Con ello se transform\u00f3 en el \u00fanico pol\u00edtico que materializ\u00f3 lo ofrecido.<\/p>\n<p>\u201cNos convenci\u00f3 a\u00fan m\u00e1s, cuando luego de escuchar propuestas y necesidades de la parroquia 23 de enero, en la voz de la ni\u00f1a de 12 a\u00f1os, Christer Linares, quien en nombre de la Coordinadora Sim\u00f3n Bol\u00edvar, le hizo la petici\u00f3n de una emisora y al a\u00f1o siguiente, en 2005, naci\u00f3 Al son del 23. Otra promesa cumplida. Tradujo el sentimiento de nuestra comunidad que ped\u00eda el elemento comunicacional como una herramienta estrat\u00e9gica para la lucha social\u201d.<\/p>\n<p>Indica que su apego por la parroquia 23 de enero, \u201caparte de su esp\u00edritu de lucha, se debe a su identificaci\u00f3n con el Cuartel de la Monta\u00f1a, que fue Escuela Militar, Ministerio de la Defensa y Museo Hist\u00f3rico Militar, tres elementos intr\u00ednsecos en la vida profesional de Hugo Ch\u00e1vez. \u00c9l dec\u00eda que all\u00ed naci\u00f3 por segunda vez. La historia sabe que ese fue su puesto de mando el 4 de febrero donde gest\u00f3 su Por Ahora\u201d<\/p>\n<p>Por todo lo descrito, Juan Contreras tiene a Hugo Ch\u00e1vez en un sitial muy especial s\u00f3lo reservado para los seres extraordinarios sobre la base de sus pensamientos, acciones y la huella libertaria dejada en su corto pero denso camino.<\/p>\n<p><span style=\"color: blue\">Fuente: Luis Mart\u00edn, Producci\u00f3n Riachuelo<\/span><\/span><\/p>\n<div style=\"clear: both;text-align: center\"><a href=\"http:\/\/4.bp.blogspot.com\/-J28KUuM3o_g\/VQggfdOx_tI\/AAAAAAAADGw\/shvqYf4lVms\/s1600\/COOP%2BRIACHIUELO%2BPRODUCCIONES.jpg\" style=\"clear: left;float: left;margin-bottom: 1em;margin-right: 1em\"><img loading=\"lazy\" decoding=\"async\" border=\"0\" src=\"http:\/\/4.bp.blogspot.com\/-J28KUuM3o_g\/VQggfdOx_tI\/AAAAAAAADGw\/shvqYf4lVms\/s1600\/COOP%2BRIACHIUELO%2BPRODUCCIONES.jpg\" height=\"58\" width=\"200\" \/><\/a><\/div>\n<p><span style=\"font-family: Verdana, sans-serif\"><\/p>\n<p> <\/span><br \/><span style=\"color: #0066cc\"><br \/><\/span><\/p>\n<div style=\"font-size: 12.8px;text-align: justify\"><span style=\"color: #0066cc\">&nbsp;<\/span><\/div>\n<p><span style=\"color: #0066cc\"><\/span><br \/><u><span style=\"color: #0066cc\"><\/span><\/u><\/p>\n<p><\/p>\n","protected":false},"excerpt":{"rendered":"<p>COMUNICADORES POPULARES JUAN CONTRERASHABITANTE DE LA&nbsp;PARROQUIA 23 DE ENERODIRECTOR DE LA EMISORA RADIAL \u00abAL SON DEL 23\u00bbEscuch\u00e1 el dialogo que mantuvimos con&nbsp;JUAN CONTRERAS&nbsp;por Fm Riachuelo desde Venezuela en donde nos cont\u00f3 como se vive all\u00ed la amenaza que ha lanzado el presidente Obama contra la soberan\u00eda del pa\u00eds y de la regi\u00f3n. &nbsp;Su vida ha [&hellip;]<\/p>\n","protected":false},"author":4,"featured_media":0,"comment_status":"open","ping_status":"open","sticky":false,"template":"","format":"standard","meta":{"_monsterinsights_skip_tracking":false,"_monsterinsights_sitenote_active":false,"_monsterinsights_sitenote_note":"","_monsterinsights_sitenote_category":0,"jnews-multi-image_gallery":[],"jnews_single_post":{"format":"standard"},"jnews_primary_category":[],"_joinchat":[],"footnotes":""},"categories":[58],"tags":[70,157],"class_list":["post-665","post","type-post","status-publish","format-standard","hentry","category-noticiariachuelo","tag-de-la-patria-grande","tag-nadie-se-salva-solo"],"_links":{"self":[{"href":"http:\/\/fmriachuelo.it10.com.ar\/index.php\/wp-json\/wp\/v2\/posts\/665","targetHints":{"allow":["GET"]}}],"collection":[{"href":"http:\/\/fmriachuelo.it10.com.ar\/index.php\/wp-json\/wp\/v2\/posts"}],"about":[{"href":"http:\/\/fmriachuelo.it10.com.ar\/index.php\/wp-json\/wp\/v2\/types\/post"}],"author":[{"embeddable":true,"href":"http:\/\/fmriachuelo.it10.com.ar\/index.php\/wp-json\/wp\/v2\/users\/4"}],"replies":[{"embeddable":true,"href":"http:\/\/fmriachuelo.it10.com.ar\/index.php\/wp-json\/wp\/v2\/comments?post=665"}],"version-history":[{"count":1,"href":"http:\/\/fmriachuelo.it10.com.ar\/index.php\/wp-json\/wp\/v2\/posts\/665\/revisions"}],"predecessor-version":[{"id":22685,"href":"http:\/\/fmriachuelo.it10.com.ar\/index.php\/wp-json\/wp\/v2\/posts\/665\/revisions\/22685"}],"wp:attachment":[{"href":"http:\/\/fmriachuelo.it10.com.ar\/index.php\/wp-json\/wp\/v2\/media?parent=665"}],"wp:term":[{"taxonomy":"category","embeddable":true,"href":"http:\/\/fmriachuelo.it10.com.ar\/index.php\/wp-json\/wp\/v2\/categories?post=665"},{"taxonomy":"post_tag","embeddable":true,"href":"http:\/\/fmriachuelo.it10.com.ar\/index.php\/wp-json\/wp\/v2\/tags?post=665"}],"curies":[{"name":"wp","href":"https:\/\/api.w.org\/{rel}","templated":true}]}}