{"id":6640,"date":"2018-04-04T01:46:54","date_gmt":"2018-04-04T01:46:54","guid":{"rendered":"http:\/\/fmriachuelo.com.ar\/?p=6640"},"modified":"2018-04-04T01:46:54","modified_gmt":"2018-04-04T01:46:54","slug":"justicia-por-nehuen-solo-tres-anos-de-condena-para-el-policia-castagnasso","status":"publish","type":"post","link":"http:\/\/fmriachuelo.it10.com.ar\/index.php\/2018\/04\/04\/justicia-por-nehuen-solo-tres-anos-de-condena-para-el-policia-castagnasso\/","title":{"rendered":"Justicia por Nehu\u00e9n: solo tres a\u00f1os de condena para el polic\u00eda Castagnasso"},"content":{"rendered":"<p>[Por Colectivo de Medios de Comunicaci\u00f3n Populares 03\/04\/2018] El Poder Judicial conden\u00f3 por homicidio culposo agravado al asesino del joven de 18 a\u00f1os Nehu\u00e9n Rodr\u00edguez. Pero le brind\u00f3 beneficios: 3 a\u00f1os de prisi\u00f3n de cumplimiento en suspenso y 6 a\u00f1os de inhabilitaci\u00f3n para conducir cualquier veh\u00edculo automotor.<\/p>\n<p><img loading=\"lazy\" decoding=\"async\" class=\"wp-image-6643 aligncenter\" src=\"http:\/\/fmriachuelo.com.ar\/wp-content\/uploads\/2018\/04\/WhatsApp-Image-2018-04-03-at-9.53.48-PM-300x200.jpeg\" alt=\"\" width=\"350\" height=\"233\" srcset=\"http:\/\/fmriachuelo.it10.com.ar\/wp-content\/uploads\/2018\/04\/WhatsApp-Image-2018-04-03-at-9.53.48-PM-300x200.jpeg 300w, http:\/\/fmriachuelo.it10.com.ar\/wp-content\/uploads\/2018\/04\/WhatsApp-Image-2018-04-03-at-9.53.48-PM-1024x683.jpeg 1024w, http:\/\/fmriachuelo.it10.com.ar\/wp-content\/uploads\/2018\/04\/WhatsApp-Image-2018-04-03-at-9.53.48-PM-768x512.jpeg 768w, http:\/\/fmriachuelo.it10.com.ar\/wp-content\/uploads\/2018\/04\/WhatsApp-Image-2018-04-03-at-9.53.48-PM-750x500.jpeg 750w, http:\/\/fmriachuelo.it10.com.ar\/wp-content\/uploads\/2018\/04\/WhatsApp-Image-2018-04-03-at-9.53.48-PM-1140x761.jpeg 1140w, http:\/\/fmriachuelo.it10.com.ar\/wp-content\/uploads\/2018\/04\/WhatsApp-Image-2018-04-03-at-9.53.48-PM.jpeg 1250w\" sizes=\"auto, (max-width: 350px) 100vw, 350px\" \/><\/p>\n<p>En esta quinta audiencia del juicio oral por el crimen de Nehu\u00e9n Rodr\u00edguez se conoci\u00f3 el veredicto: el juez Julio C\u00e9sar Baez, del Tribunal Oral Criminal 4, conden\u00f3 por homicidio culposo agravado al oficial Daniel Germ\u00e1n Castagnasso. Lleg\u00f3 el momento en que el Poder Judicial dictamin\u00f3 justicia; familiares y amigas\/os de Nehu\u00e9n esperaban que repare algo del dolor que han transitado. Pero les qued\u00f3 sabor amargo saber la condena sin c\u00e1rcel obligada: 3 a\u00f1os de prisi\u00f3n en suspenso (condicional) y 6 a\u00f1os de inhabilitaci\u00f3n para conducir cualquier veh\u00edculo automotor. Adem\u00e1s, se espera la definici\u00f3n del sumario policial que podr\u00eda dejarlo fuera de las fuerzas de seguridad. \u201cDesde un principio supe que la justicia que iba a tener era social, con ustedes compa\u00f1eros, y no con este poder judicial corrupto. Como me tem\u00eda, el juez Julio B\u00e1ez se acopl\u00f3 al hijo del asesino Ib\u00e9rico Saint Jean, el fiscal Marcelo Saint Jean, que pidi\u00f3 3 a\u00f1os. La lucha contin\u00faa\u201d, concluy\u00f3 Roxana Cainzos, para todos y todas Roxy la mam\u00e1 de Nehu\u00e9n, tras lograr una condena despu\u00e9s de m\u00e1s de tres a\u00f1os de lucha.<\/p>\n<p><img loading=\"lazy\" decoding=\"async\" class=\"wp-image-6642 \" src=\"http:\/\/fmriachuelo.com.ar\/wp-content\/uploads\/2018\/04\/WhatsApp-Image-2018-04-03-at-9.53.47-PM-300x200.jpeg\" alt=\"\" width=\"407\" height=\"271\" srcset=\"http:\/\/fmriachuelo.it10.com.ar\/wp-content\/uploads\/2018\/04\/WhatsApp-Image-2018-04-03-at-9.53.47-PM-300x200.jpeg 300w, http:\/\/fmriachuelo.it10.com.ar\/wp-content\/uploads\/2018\/04\/WhatsApp-Image-2018-04-03-at-9.53.47-PM-1024x683.jpeg 1024w, http:\/\/fmriachuelo.it10.com.ar\/wp-content\/uploads\/2018\/04\/WhatsApp-Image-2018-04-03-at-9.53.47-PM-768x512.jpeg 768w, http:\/\/fmriachuelo.it10.com.ar\/wp-content\/uploads\/2018\/04\/WhatsApp-Image-2018-04-03-at-9.53.47-PM-750x500.jpeg 750w, http:\/\/fmriachuelo.it10.com.ar\/wp-content\/uploads\/2018\/04\/WhatsApp-Image-2018-04-03-at-9.53.47-PM-1140x760.jpeg 1140w, http:\/\/fmriachuelo.it10.com.ar\/wp-content\/uploads\/2018\/04\/WhatsApp-Image-2018-04-03-at-9.53.47-PM.jpeg 1179w\" sizes=\"auto, (max-width: 407px) 100vw, 407px\" \/><\/p>\n<p>Por otro lado, el juez Baez orden\u00f3 que se inicie un proceso de investigaci\u00f3n por falso testimonio contra el acompa\u00f1ante de Castagnasso en el m\u00f3vil policial, el subinspector Jos\u00e9 Daniel Soria Barba. Asimismo, orden\u00f3 investigar el accionar del personal policial que particip\u00f3 en el procedimiento inicial porque se perdieron valiosas pruebas que podr\u00edan precisar a\u00fan m\u00e1s c\u00f3mo Castagnasso embisti\u00f3 a Nehu\u00e9n violando no solo las normas de tr\u00e1nsito sino tambi\u00e9n el protocolo policial. Roxy destac\u00f3 estas medidas del veredicto como positivas: \u201cNos dej\u00f3 abierta la posibilidad de seguir el juicio en una investigaci\u00f3n contra Soria Barba por falso testimonio y tambi\u00e9n para investigar la escena de ese d\u00eda que fue tocada. Y contra el perito de Castagnasso que dec\u00eda que iba a 37 km\/h, que se comprob\u00f3 no fue as\u00ed. Lo m\u00e1s triste de todo esto es lo que pidi\u00f3 el fiscal en el alegato. El atenuante por un llamado al 911, c\u00f3digo 2, moderado, no les autoriza a cruzar en rojo, ni a contramano a toda velocidad como iba Castagnasso. Ah\u00ed es donde lo cubre su acompa\u00f1ante oficial a cargo, Daniel Soria Barba. Naturalizan de esa manera que los patrulleros vayan sin sirena a contramano, cruzando en rojo y atropellando a todo aquel que se le cruce porque no tenemos una se\u00f1al de alerta. Esto me parece terrible y aberrante, pero de quien viene, que es un fiscal que no deber\u00eda haber estado nunca en mi causa pero, oh casualidad, apareci\u00f3\u201d.<\/p>\n<p><img loading=\"lazy\" decoding=\"async\" class=\"aligncenter wp-image-6644 size-large\" src=\"http:\/\/fmriachuelo.com.ar\/wp-content\/uploads\/2018\/04\/WhatsApp-Image-2018-04-03-at-9.54.26-PM-1-1024x683.jpeg\" alt=\"\" width=\"640\" height=\"427\" srcset=\"http:\/\/fmriachuelo.it10.com.ar\/wp-content\/uploads\/2018\/04\/WhatsApp-Image-2018-04-03-at-9.54.26-PM-1-1024x683.jpeg 1024w, http:\/\/fmriachuelo.it10.com.ar\/wp-content\/uploads\/2018\/04\/WhatsApp-Image-2018-04-03-at-9.54.26-PM-1-300x200.jpeg 300w, http:\/\/fmriachuelo.it10.com.ar\/wp-content\/uploads\/2018\/04\/WhatsApp-Image-2018-04-03-at-9.54.26-PM-1-768x512.jpeg 768w, http:\/\/fmriachuelo.it10.com.ar\/wp-content\/uploads\/2018\/04\/WhatsApp-Image-2018-04-03-at-9.54.26-PM-1-750x500.jpeg 750w, http:\/\/fmriachuelo.it10.com.ar\/wp-content\/uploads\/2018\/04\/WhatsApp-Image-2018-04-03-at-9.54.26-PM-1-1140x760.jpeg 1140w, http:\/\/fmriachuelo.it10.com.ar\/wp-content\/uploads\/2018\/04\/WhatsApp-Image-2018-04-03-at-9.54.26-PM-1.jpeg 1152w\" sizes=\"auto, (max-width: 640px) 100vw, 640px\" \/><\/p>\n<p>En tiempos de la \u201cdoctrina Chocobar\u201d se hace o\u00edr la organizaci\u00f3n popular. La radio abierta son\u00f3 desde las 9 de la ma\u00f1ana en las calles de Tribunales. Desde temprano se ocup\u00f3 la esquina de Lavalle y Talcahuano, donde se escucharon las palabras finales de Castagnasso: \u201cLo \u00fanico que tengo para decir es que conf\u00edo en la justicia\u201d. Silencio e indignaci\u00f3n. Acto seguido, el juez orden\u00f3 un cuarto intermedio que dur\u00f3 cuatro horas. M\u00e1s ansiedad e incertidumbre. Pero familiares y amigas\/os hicieron el aguante en la calle, acompa\u00f1ados por numerosas organizaciones pol\u00edticas y sociales que esperaron el momento de la lectura. Y en esto, los tiempos del Poder Judicial conspiraron contra lo que todos esperaban: Castagnasso no estuvo presente en la sala cuando se ley\u00f3 la sentencia. El veredicto tambi\u00e9n dur\u00f3 apenas minutos y se escuch\u00f3 en la radio abierta emitida por los medios populares que acompa\u00f1aron.<br \/>\nConcluy\u00f3 un primer paso en la b\u00fasqueda de justicia. El valiente accionar de sus familiares y amigas\/os, junto al acompa\u00f1amiento de organizaciones pol\u00edticas y sociales, lograron que el crimen de Nehu\u00e9n Rodr\u00edguez no quede impune. Roxy cerr\u00f3 la jornada de la mejor manera posible en medio de su dolor: \u201cLa lucha contin\u00faa, est\u00e1 ac\u00e1 en las calles; ellos son una corporaci\u00f3n muy fuerte a la que solo les importa el uniforme y con eso alcanza para cubrirse en todo lo que sea necesario, en cualquier asesinato. Por eso nosotros pedimos esto: la uni\u00f3n de todos ustedes, de los vecinos, de los amigos, de los familiares, teniendo en cuenta que pol\u00edtica hay en todos lados y que en estas causas de derechos humanos nos tenemos que unir y ser uno\u201d. Totalmente agradecida por todo lo que sus vecinos le brindaron en estas cinco audiencias Roxy destac\u00f3 el acompa\u00f1amiento de todas las madres v\u00edctimas de violencia institucional: \u201cMe ense\u00f1an en esta lucha para poder seguir\u201d.<br \/>\nSe oy\u00f3 bien fuerte: \u00a1Nehu\u00e9n Rodr\u00edguez presente, ahora y siempre! Tambi\u00e9n se cant\u00f3, quiz\u00e1 para Soria Barba, tal vez para el mismo Castagnasso, por qu\u00e9 no para Saint Jean: \u201cComo a los nazis les va a pasar, ad\u00f3nde vayan los iremos a buscar\u201d.<\/p>\n<p>A continuaci\u00f3n escucha los testimonios:<\/p>\n<p><iframe loading=\"lazy\" title=\"Justicia Por Nehu\u00e9n: Solo Tres A\u00f1os De Condena Para El Polic\u00eda Castagnasso 03\/04\/2018 by FMR\" width=\"500\" height=\"450\" scrolling=\"no\" frameborder=\"no\" src=\"https:\/\/w.soundcloud.com\/player\/?visual=true&#038;url=https%3A%2F%2Fapi.soundcloud.com%2Fplaylists%2F490038936&#038;show_artwork=true&#038;maxheight=750&#038;maxwidth=500\"><\/iframe><\/p>\n<p>Cobertura, radio abierta y nota realizada en conjunto por FM La Caterva, FM Riachuelo, Radio Gr\u00e1fica, La Retaguardia, Agencia Paco Urondo, Sur Capitalino, La Obrera Colectivo Fotogr\u00e1fico, FotoSur.<\/p>\n<p>&nbsp;<\/p>\n","protected":false},"excerpt":{"rendered":"<p>[Por Colectivo de Medios de Comunicaci\u00f3n Populares 03\/04\/2018] El Poder Judicial conden\u00f3 por homicidio culposo agravado al asesino del joven de 18 a\u00f1os Nehu\u00e9n Rodr\u00edguez. Pero le brind\u00f3 beneficios: 3 a\u00f1os de prisi\u00f3n de cumplimiento en suspenso y 6 a\u00f1os de inhabilitaci\u00f3n para conducir cualquier veh\u00edculo automotor. En esta quinta audiencia del juicio oral por [&hellip;]<\/p>\n","protected":false},"author":5,"featured_media":6641,"comment_status":"open","ping_status":"open","sticky":false,"template":"","format":"standard","meta":{"_monsterinsights_skip_tracking":false,"_monsterinsights_sitenote_active":false,"_monsterinsights_sitenote_note":"","_monsterinsights_sitenote_category":0,"jnews-multi-image_gallery":[],"jnews_single_post":[],"jnews_primary_category":[],"_joinchat":[],"footnotes":""},"categories":[78,79,76],"tags":[],"class_list":["post-6640","post","type-post","status-publish","format-standard","has-post-thumbnail","hentry","category-economia-popular","category-nadie-se-salva-solo","category-salud-comunitaria"],"_links":{"self":[{"href":"http:\/\/fmriachuelo.it10.com.ar\/index.php\/wp-json\/wp\/v2\/posts\/6640","targetHints":{"allow":["GET"]}}],"collection":[{"href":"http:\/\/fmriachuelo.it10.com.ar\/index.php\/wp-json\/wp\/v2\/posts"}],"about":[{"href":"http:\/\/fmriachuelo.it10.com.ar\/index.php\/wp-json\/wp\/v2\/types\/post"}],"author":[{"embeddable":true,"href":"http:\/\/fmriachuelo.it10.com.ar\/index.php\/wp-json\/wp\/v2\/users\/5"}],"replies":[{"embeddable":true,"href":"http:\/\/fmriachuelo.it10.com.ar\/index.php\/wp-json\/wp\/v2\/comments?post=6640"}],"version-history":[{"count":0,"href":"http:\/\/fmriachuelo.it10.com.ar\/index.php\/wp-json\/wp\/v2\/posts\/6640\/revisions"}],"wp:featuredmedia":[{"embeddable":true,"href":"http:\/\/fmriachuelo.it10.com.ar\/index.php\/wp-json\/wp\/v2\/media\/6641"}],"wp:attachment":[{"href":"http:\/\/fmriachuelo.it10.com.ar\/index.php\/wp-json\/wp\/v2\/media?parent=6640"}],"wp:term":[{"taxonomy":"category","embeddable":true,"href":"http:\/\/fmriachuelo.it10.com.ar\/index.php\/wp-json\/wp\/v2\/categories?post=6640"},{"taxonomy":"post_tag","embeddable":true,"href":"http:\/\/fmriachuelo.it10.com.ar\/index.php\/wp-json\/wp\/v2\/tags?post=6640"}],"curies":[{"name":"wp","href":"https:\/\/api.w.org\/{rel}","templated":true}]}}