{"id":6624,"date":"2018-03-29T02:54:12","date_gmt":"2018-03-29T02:54:12","guid":{"rendered":"http:\/\/fmriachuelo.com.ar\/?p=6624"},"modified":"2018-03-29T02:54:12","modified_gmt":"2018-03-29T02:54:12","slug":"organizaciones-sociales-marcharon-contra-la-baja-de-casi-20-mil-programas-de-empleo-para-los-mas-vulnerables","status":"publish","type":"post","link":"http:\/\/fmriachuelo.it10.com.ar\/index.php\/2018\/03\/29\/organizaciones-sociales-marcharon-contra-la-baja-de-casi-20-mil-programas-de-empleo-para-los-mas-vulnerables\/","title":{"rendered":"ORGANIZACIONES SOCIALES MARCHARON CONTRA LA BAJA DE CASI  20 MIL PROGRAMAS DE EMPLEO PARA LOS M\u00c1S VULNERABLES"},"content":{"rendered":"<p>[FM RIACHUELO 28\/03\/2018] La CTEP, Barrios de Pie, la Corriente Clasista Combativa, el Frente Popular Dar\u00edo Santill\u00e1n y el Frente de Organizaciones en Lucha, marcharon esta ma\u00f1ana acompa\u00f1ados de un amplio arco de organizaciones sindicales, hacia el Ministerio de Trabajo para exigirle al gobierno que d\u00e9 marcha atr\u00e1s con el recorte de\u00a0 de los programas de trabajo de 18.647 trabajadores y trabajadoras de la Econom\u00eda Popular.<\/p>\n<p>Frente a la falta de di\u00e1logo y respuestas concretas por parte del Gobierno Nacional, que insiste con un plan de ajuste que perjudica principalmente a los sectores m\u00e1s humildes del pa\u00eds, los movimientos populares anticiparon una jornada nacional de cortes y movilizaciones en todo el pa\u00eds el pr\u00f3ximo 9 de abril para profundizar el plan de lucha contra las pol\u00edticas de hambre.<\/p>\n<p>FM RIACHUELO entrevist\u00f3 al Secretario General de la CTEP, \u201cGringo\u201d Castro quien destac\u00f3 \u201cla capacidad de movilizar y ocupar la calle cuando decidimos hacer un reclamo\u201d, ante \u201cun gobierno que quiere ir por todo, lo demostraron cuando decidieron sacarle 100 mil millones de pesos a los jubilados, a la AUH y a los h\u00e9roes de Malvinas\u201d.<\/p>\n<p>Con respecto al escenario pol\u00edtico actual, el dirigente afirm\u00f3 que \u201cel Gobierno se enfrenta con la iglesia, la justicia, peque\u00f1os productores, pymes, movimientos populares y sindicatos. Est\u00e1 claro que vienen por todos. Est\u00e1n siendo acompa\u00f1ados por el capital financiero, el sector energ\u00e9tico y grandes terratenientes y corporaciones vinculadas a los negocios agrarios\u201d, y agreg\u00f3 \u201ctenemos que ser capaces de discutir con todos los sectores pol\u00edticos y gremiales. Porque si decid\u00eds pelearte con todos los sectores es porque queres beneficiar a unos muy pocos.\u201d<\/p>\n<p>Con esa lectura, el secretario general de la CTEP \u00a0llam\u00f3 a construir \u201cuna \u00fanica movilizaci\u00f3n con toda la diversidad y la configuraci\u00f3n del movimiento de los trabajadores, en todos los distritos con ollas populares y cortes de acceso\u201d.<\/p>\n<p>Mientras el gobierno sale a anunciar sin verg\u00fcenza, que la pobreza baj\u00f3 2 puntos en un a\u00f1o, el Gringo explica que \u00aben los barrios son cada vez m\u00e1s las y los compa\u00f1eros que asisten a los merenderos\u00bb, situaci\u00f3n que indica un claro retroceso porque el eje de la Econom\u00eda Popular esta puesto en el trabajo. El dirigente fue contundente en su discurso del d\u00eda de hoy con respecto al tema :\u201cSi baj\u00f3 la pobreza es porque subi\u00f3 la indigencia, que no sean miserables, que no nos mientan en la cara\u201d.<\/p>\n<p>Al finalizar, volvi\u00f3 a hacer hincapi\u00e9 en la unidad de los distintos sectores: \u201ctenemos que ser parte de una demanda que debe cambiar este modelo, que lleva al hambre y desesperaci\u00f3n de nuestro pueblo. Este modelo no presenta alternativa. Si no lo podemos resolver, va\u00a0 terminar mal.\u201d<\/p>\n<p>Escucha la entrevista al dirigente social y los discursos de los distintos referentes en los siguientes enlaces:<\/p>\n<p><a href=\"https:\/\/radiocut.fm\/audiocut\/gringo-castro-ctep-es-un-gobierno-que-le-esta-robando-a-los-pobres\/\">https:\/\/radiocut.fm\/audiocut\/gringo-castro-ctep-es-un-gobierno-que-le-esta-robando-a-los-pobres\/<\/a><\/p>\n<p><iframe loading=\"lazy\" title=\"28-03-20180- #NoAlAjusteSiAlTrabajo - Movilizaci\u00f3n al Ministerio de Trabajo by FMR\" width=\"500\" height=\"450\" scrolling=\"no\" frameborder=\"no\" src=\"https:\/\/w.soundcloud.com\/player\/?visual=true&#038;url=https%3A%2F%2Fapi.soundcloud.com%2Fplaylists%2F484982343&#038;show_artwork=true&#038;maxheight=750&#038;maxwidth=500\"><\/iframe><\/p>\n<p>&nbsp;<\/p>\n","protected":false},"excerpt":{"rendered":"<p>[FM RIACHUELO 28\/03\/2018] La CTEP, Barrios de Pie, la Corriente Clasista Combativa, el Frente Popular Dar\u00edo Santill\u00e1n y el Frente de Organizaciones en Lucha, marcharon esta ma\u00f1ana acompa\u00f1ados de un amplio arco de organizaciones sindicales, hacia el Ministerio de Trabajo para exigirle al gobierno que d\u00e9 marcha atr\u00e1s con el recorte de\u00a0 de los programas [&hellip;]<\/p>\n","protected":false},"author":5,"featured_media":6625,"comment_status":"open","ping_status":"open","sticky":false,"template":"","format":"standard","meta":{"_monsterinsights_skip_tracking":false,"_monsterinsights_sitenote_active":false,"_monsterinsights_sitenote_note":"","_monsterinsights_sitenote_category":0,"jnews-multi-image_gallery":[],"jnews_single_post":[],"jnews_primary_category":[],"_joinchat":[],"footnotes":""},"categories":[76],"tags":[],"class_list":["post-6624","post","type-post","status-publish","format-standard","has-post-thumbnail","hentry","category-salud-comunitaria"],"_links":{"self":[{"href":"http:\/\/fmriachuelo.it10.com.ar\/index.php\/wp-json\/wp\/v2\/posts\/6624","targetHints":{"allow":["GET"]}}],"collection":[{"href":"http:\/\/fmriachuelo.it10.com.ar\/index.php\/wp-json\/wp\/v2\/posts"}],"about":[{"href":"http:\/\/fmriachuelo.it10.com.ar\/index.php\/wp-json\/wp\/v2\/types\/post"}],"author":[{"embeddable":true,"href":"http:\/\/fmriachuelo.it10.com.ar\/index.php\/wp-json\/wp\/v2\/users\/5"}],"replies":[{"embeddable":true,"href":"http:\/\/fmriachuelo.it10.com.ar\/index.php\/wp-json\/wp\/v2\/comments?post=6624"}],"version-history":[{"count":0,"href":"http:\/\/fmriachuelo.it10.com.ar\/index.php\/wp-json\/wp\/v2\/posts\/6624\/revisions"}],"wp:featuredmedia":[{"embeddable":true,"href":"http:\/\/fmriachuelo.it10.com.ar\/index.php\/wp-json\/wp\/v2\/media\/6625"}],"wp:attachment":[{"href":"http:\/\/fmriachuelo.it10.com.ar\/index.php\/wp-json\/wp\/v2\/media?parent=6624"}],"wp:term":[{"taxonomy":"category","embeddable":true,"href":"http:\/\/fmriachuelo.it10.com.ar\/index.php\/wp-json\/wp\/v2\/categories?post=6624"},{"taxonomy":"post_tag","embeddable":true,"href":"http:\/\/fmriachuelo.it10.com.ar\/index.php\/wp-json\/wp\/v2\/tags?post=6624"}],"curies":[{"name":"wp","href":"https:\/\/api.w.org\/{rel}","templated":true}]}}