{"id":6613,"date":"2018-03-28T01:13:12","date_gmt":"2018-03-28T01:13:12","guid":{"rendered":"http:\/\/fmriachuelo.com.ar\/?p=6613"},"modified":"2018-03-28T01:13:12","modified_gmt":"2018-03-28T01:13:12","slug":"juicio-por-nehuen-se-acerca-el-final","status":"publish","type":"post","link":"http:\/\/fmriachuelo.it10.com.ar\/index.php\/2018\/03\/28\/juicio-por-nehuen-se-acerca-el-final\/","title":{"rendered":"JUICIO POR NEHU\u00c9N: SE ACERCA EL FINAL"},"content":{"rendered":"<p>[Colectivo de Medios de Comunicaci\u00f3n Populares 27\/03\/2018] En la cuarta jornada del juicio oral y p\u00fablico por el crimen de Nehu\u00e9n Rodr\u00edguez la defensa del oficial Daniel Germ\u00e1n Castagnasso expuso sus alegatos. El pr\u00f3ximo martes 3 de abril el polic\u00eda metropolitano dir\u00e1 sus palabras finales y el juez dar\u00e1 a conocer el veredicto.<img loading=\"lazy\" decoding=\"async\" class=\"alignnone size-medium wp-image-6616\" src=\"http:\/\/fmriachuelo.com.ar\/wp-content\/uploads\/2018\/03\/WhatsApp-Image-2018-03-27-at-9.46.56-PM-300x200.jpeg\" alt=\"\" width=\"300\" height=\"200\" srcset=\"http:\/\/fmriachuelo.it10.com.ar\/wp-content\/uploads\/2018\/03\/WhatsApp-Image-2018-03-27-at-9.46.56-PM-300x200.jpeg 300w, http:\/\/fmriachuelo.it10.com.ar\/wp-content\/uploads\/2018\/03\/WhatsApp-Image-2018-03-27-at-9.46.56-PM-1024x683.jpeg 1024w, http:\/\/fmriachuelo.it10.com.ar\/wp-content\/uploads\/2018\/03\/WhatsApp-Image-2018-03-27-at-9.46.56-PM-768x512.jpeg 768w, http:\/\/fmriachuelo.it10.com.ar\/wp-content\/uploads\/2018\/03\/WhatsApp-Image-2018-03-27-at-9.46.56-PM-750x500.jpeg 750w, http:\/\/fmriachuelo.it10.com.ar\/wp-content\/uploads\/2018\/03\/WhatsApp-Image-2018-03-27-at-9.46.56-PM-1140x761.jpeg 1140w, http:\/\/fmriachuelo.it10.com.ar\/wp-content\/uploads\/2018\/03\/WhatsApp-Image-2018-03-27-at-9.46.56-PM.jpeg 1280w\" sizes=\"auto, (max-width: 300px) 100vw, 300px\" \/><\/p>\n<p>Sab\u00edamos de antemano que esta ser\u00eda una de las audiencias m\u00e1s dif\u00edciles de transitar para los familiares y amigas\/os de Nehu\u00e9n. El alegato de la defensa, y lo que dijo el abogado de Daniel Germ\u00e1n Castagnasso, llen\u00f3 de indignaci\u00f3n a quienes piden justicia por el asesinato del joven de 18 a\u00f1os. Ante la frialdad del Poder Judicial para resolver este sencillo caso, tuvieron que armarse de mucha fuerza para escuchar los intentos de la defensa por encubrir a Castagnasso frente al Tribunal Oral Criminal 4.<br \/>\nEl abogado de la Polic\u00eda de la Ciudad, Santiago De Jes\u00fas, lleg\u00f3 al extremo de intentar acusar a Nehuen de tener una \u201cactitud arriesgada\u201d en su andar, el d\u00eda en que fue embestido por el m\u00f3vil policial que conduc\u00eda Castagnasso. Sin mayores precisiones puso en duda que Nehuen llevara puesto el casco y refiri\u00f3 a la importancia de determinar a qu\u00e9 velocidad se trasladaba con su moto. Fue el momento de mayor tensi\u00f3n durante la jornada. Los familiares del adolescente reaccionaron con indignaci\u00f3n. \u201c\u00a1No puede ser!\u201d, exclamaron en voz alta. El juez Julio C\u00e9sar Baez pidi\u00f3 silencio y advirti\u00f3 que pod\u00eda desalojar la sala.<br \/>\nDe Jes\u00fas retom\u00f3 el alegato del fiscal Marcelo Saint Jean (hijo del genocida Ib\u00e9rico Saint Jean, y quien fue apartado del juicio que en estos momentos se realiza por el travesticidio de Diana Sacay\u00e1n).<\/p>\n<figure id=\"attachment_6617\" aria-describedby=\"caption-attachment-6617\" style=\"width: 300px\" class=\"wp-caption alignnone\"><img loading=\"lazy\" decoding=\"async\" class=\"wp-image-6617 size-medium\" src=\"http:\/\/fmriachuelo.com.ar\/wp-content\/uploads\/2018\/03\/WhatsApp-Image-2018-03-27-at-9.42.30-PM-300x200.jpeg\" alt=\"\" width=\"300\" height=\"200\" srcset=\"http:\/\/fmriachuelo.it10.com.ar\/wp-content\/uploads\/2018\/03\/WhatsApp-Image-2018-03-27-at-9.42.30-PM-300x200.jpeg 300w, http:\/\/fmriachuelo.it10.com.ar\/wp-content\/uploads\/2018\/03\/WhatsApp-Image-2018-03-27-at-9.42.30-PM-1024x682.jpeg 1024w, http:\/\/fmriachuelo.it10.com.ar\/wp-content\/uploads\/2018\/03\/WhatsApp-Image-2018-03-27-at-9.42.30-PM-768x512.jpeg 768w, http:\/\/fmriachuelo.it10.com.ar\/wp-content\/uploads\/2018\/03\/WhatsApp-Image-2018-03-27-at-9.42.30-PM-750x500.jpeg 750w, http:\/\/fmriachuelo.it10.com.ar\/wp-content\/uploads\/2018\/03\/WhatsApp-Image-2018-03-27-at-9.42.30-PM-1140x760.jpeg 1140w, http:\/\/fmriachuelo.it10.com.ar\/wp-content\/uploads\/2018\/03\/WhatsApp-Image-2018-03-27-at-9.42.30-PM.jpeg 1280w\" sizes=\"auto, (max-width: 300px) 100vw, 300px\" \/><figcaption id=\"caption-attachment-6617\" class=\"wp-caption-text\">Fiscal Marcelo Saint Jean<\/figcaption><\/figure>\n<p>Mencion\u00f3 como atenuante el llamado al 911 al que Castagnasso se dirig\u00eda y en detrimento de los testigos, pidi\u00f3 la absoluci\u00f3n de su defendido. Por su parte, el pol\u00e9mico fiscal pidi\u00f3 una condena de 3 a\u00f1os, excarcelable, mientras que la querella de la familia solicit\u00f3 4 a\u00f1os y 6 meses por homicidio imprudente (Art\u00edculo 84 del C\u00f3digo Penal).<\/p>\n<p>La defensa no sum\u00f3 ning\u00fan dato que ponga en tela de juicio lo que ha quedado demostrado por las pericias de Oscar Garc\u00eda: la camioneta de la entonces Polic\u00eda Metropolitana cruz\u00f3 en rojo, con exceso de velocidad y las sirenas apagadas. Incluso De Jes\u00fas sostuvo que son leg\u00edtimas las pericias realizadas por las fuerzas de seguridad, cuando tanto la querella como la fiscal\u00eda reconocieron su falta de sustento. En un intento por desviar la atenci\u00f3n, la defensa pidi\u00f3 que se investigue por falso testimonio al testigo Masarella, el \u00fanico que vio el accidente.<\/p>\n<p>En la puerta de Tribunales, Roxana Cainzos, mam\u00e1 de Nehuen, habl\u00f3 para la radio abierta organizada por los medios comunitarios y las organizaciones populares. \u201cEstaba la posibilidad de que nos pasaran el veredicto para otro d\u00eda, porque evidentemente lo que m\u00e1s molesta es la gente en las calles, la organizaci\u00f3n y la lucha. Si nosotros bajamos los brazos, ellos siguen avanzado contra nuestros pibes\u201d. Roxy convoc\u00f3 a participar de la pr\u00f3xima jornada de visibilizaci\u00f3n en Tribunales el pr\u00f3ximo martes 3 de abril, y enfatiz\u00f3 que hay que seguir peleando, que no van a bajar los brazos, y que la lucha que se pierde es la que se abandona, por eso no piensa abandonarla ni ahora ni nunca. Su familia invita a todo el barrio de La Boca y los vecinos de los barrios del sur de la Ciudad para acompa\u00f1arlos este momento decisivo, una audiencia fundamental en esta historia porque el juez dar\u00e1 el veredicto por el asesinato de Nehuen.. En el pa\u00eds de la \u201cDoctrina Chocobar\u201d ser\u00eda un peque\u00f1o avance el lograr una condena para Germ\u00e1n Daniel Castagnasso.<br \/>\nCobertura, radio abierta y nota realizada en conjunto por FM La Caterva, FM Riachuelo, Radio Gr\u00e1fica, La Retaguardia, Agencia Paco Urondo, Sur Capitalino, La Obrera Colectivo Fotogr\u00e1fico<\/p>\n","protected":false},"excerpt":{"rendered":"<p>[Colectivo de Medios de Comunicaci\u00f3n Populares 27\/03\/2018] En la cuarta jornada del juicio oral y p\u00fablico por el crimen de Nehu\u00e9n Rodr\u00edguez la defensa del oficial Daniel Germ\u00e1n Castagnasso expuso sus alegatos. El pr\u00f3ximo martes 3 de abril el polic\u00eda metropolitano dir\u00e1 sus palabras finales y el juez dar\u00e1 a conocer el veredicto. Sab\u00edamos de [&hellip;]<\/p>\n","protected":false},"author":5,"featured_media":6620,"comment_status":"open","ping_status":"open","sticky":false,"template":"","format":"standard","meta":{"_monsterinsights_skip_tracking":false,"_monsterinsights_sitenote_active":false,"_monsterinsights_sitenote_note":"","_monsterinsights_sitenote_category":0,"jnews-multi-image_gallery":[],"jnews_single_post":[],"jnews_primary_category":[],"_joinchat":[],"footnotes":""},"categories":[78,79,76],"tags":[],"class_list":["post-6613","post","type-post","status-publish","format-standard","has-post-thumbnail","hentry","category-economia-popular","category-nadie-se-salva-solo","category-salud-comunitaria"],"_links":{"self":[{"href":"http:\/\/fmriachuelo.it10.com.ar\/index.php\/wp-json\/wp\/v2\/posts\/6613","targetHints":{"allow":["GET"]}}],"collection":[{"href":"http:\/\/fmriachuelo.it10.com.ar\/index.php\/wp-json\/wp\/v2\/posts"}],"about":[{"href":"http:\/\/fmriachuelo.it10.com.ar\/index.php\/wp-json\/wp\/v2\/types\/post"}],"author":[{"embeddable":true,"href":"http:\/\/fmriachuelo.it10.com.ar\/index.php\/wp-json\/wp\/v2\/users\/5"}],"replies":[{"embeddable":true,"href":"http:\/\/fmriachuelo.it10.com.ar\/index.php\/wp-json\/wp\/v2\/comments?post=6613"}],"version-history":[{"count":0,"href":"http:\/\/fmriachuelo.it10.com.ar\/index.php\/wp-json\/wp\/v2\/posts\/6613\/revisions"}],"wp:featuredmedia":[{"embeddable":true,"href":"http:\/\/fmriachuelo.it10.com.ar\/index.php\/wp-json\/wp\/v2\/media\/6620"}],"wp:attachment":[{"href":"http:\/\/fmriachuelo.it10.com.ar\/index.php\/wp-json\/wp\/v2\/media?parent=6613"}],"wp:term":[{"taxonomy":"category","embeddable":true,"href":"http:\/\/fmriachuelo.it10.com.ar\/index.php\/wp-json\/wp\/v2\/categories?post=6613"},{"taxonomy":"post_tag","embeddable":true,"href":"http:\/\/fmriachuelo.it10.com.ar\/index.php\/wp-json\/wp\/v2\/tags?post=6613"}],"curies":[{"name":"wp","href":"https:\/\/api.w.org\/{rel}","templated":true}]}}