{"id":6606,"date":"2018-03-28T00:48:49","date_gmt":"2018-03-28T00:48:49","guid":{"rendered":"http:\/\/fmriachuelo.com.ar\/?p=6606"},"modified":"2018-03-28T00:48:49","modified_gmt":"2018-03-28T00:48:49","slug":"el-gobierno-de-la-ciudad-a-traves-de-un-decreto-dejo-sin-vacantes-a-400-ninos-y-ninas","status":"publish","type":"post","link":"http:\/\/fmriachuelo.it10.com.ar\/index.php\/2018\/03\/28\/el-gobierno-de-la-ciudad-a-traves-de-un-decreto-dejo-sin-vacantes-a-400-ninos-y-ninas\/","title":{"rendered":"EL GOBIERNO DE LA CIUDAD A TRAV\u00c9S DE UN DECRETO DEJ\u00d3 SIN VACANTES A 400 NI\u00d1OS Y NI\u00d1AS"},"content":{"rendered":"<p>[FM RIACHUELO 27\/03\/2018] En 2016, luego de 4 a\u00f1os de lucha por parte de la comunidad, el gobierno de la ciudad de Buenos Aires se hab\u00eda comprometido a iniciar las obras necesarias para transformar un galp\u00f3n abandonado en Venezuela 3269 en una escuela para ni\u00f1os de 45 d\u00edas a 5 a\u00f1os, con jornada extendida. Sin embargo el mes pasado, un decreto del GCBA estableci\u00f3 que se creara un jard\u00edn de Infantes de 3 a 5 a\u00f1os y con jornada completa, dejando sin vacantes a los ni\u00f1os de entre 45 d\u00edas y 2 a\u00f1os, que esperaban poder asistir a la escuela este a\u00f1o.<\/p>\n<p>Patricia Pines, de \u201cVacantes Para Tod@s en las Escuelas P\u00fablicas\u201d, habl\u00f3 con Fm Riachuelo y repudi\u00f3 la decisi\u00f3n arbitraria de excluir del proyecto 3 salas y ahorrar 5 horas de escolaridad, perjudicando a un total de 400 ni\u00f1os y ni\u00f1as. La partida presupuestaria lograda gracias a la organizaci\u00f3n de familias y docentes, contemplaba la apertura de 6 salas para lactarios y ni\u00f1os de 1, 2, 3, 4, y 5 a\u00f1os, de hecho el proyecto de obra y planos aprobados as\u00ed lo indicaban. El gobierno tambi\u00e9n se hab\u00eda comprometido en la implementaci\u00f3n de una jornada extendida con 3 ofertas horarias: de 7 a 13hs, de 13 a 19 hs, y un porcentaje de las salas de maternal de jornada completa.<\/p>\n<p>El comunicado publicado por Vacantes para Tod@s en las Escuelas P\u00fablicas explica que \u201cFrente a la desesperante necesidad de m\u00e1s de 15000 familias sin escuelas para sus hijos\/as entendemos que no se pueden dilatar los plazos de inauguraci\u00f3n, pero no estamos dispuestos\/as a entregarle la foto de apertura al Gobierno con la matricula y horario recortados\u201d.<\/p>\n<p>Escucha la entrevista a Patricia Pines:<\/p>\n<p><a href=\"https:\/\/radiocut.fm\/audiocut\/entrevista-a-patricia-pines-integrante-del-grupo-vacantes-para-todos-en-la-escuela-publica\/\">https:\/\/radiocut.fm\/audiocut\/entrevista-a-patricia-pines-integrante-del-grupo-vacantes-para-todos-en-la-escuela-publica\/<\/a><\/p>\n<figure id=\"attachment_6607\" aria-describedby=\"caption-attachment-6607\" style=\"width: 694px\" class=\"wp-caption alignnone\"><img loading=\"lazy\" decoding=\"async\" class=\"wp-image-6607 size-full\" src=\"http:\/\/fmriachuelo.com.ar\/wp-content\/uploads\/2018\/03\/WhatsApp-Image-2018-03-27-at-17.01.35-1.jpeg\" alt=\"\" width=\"694\" height=\"1018\" srcset=\"http:\/\/fmriachuelo.it10.com.ar\/wp-content\/uploads\/2018\/03\/WhatsApp-Image-2018-03-27-at-17.01.35-1.jpeg 694w, http:\/\/fmriachuelo.it10.com.ar\/wp-content\/uploads\/2018\/03\/WhatsApp-Image-2018-03-27-at-17.01.35-1-205x300.jpeg 205w\" sizes=\"auto, (max-width: 694px) 100vw, 694px\" \/><figcaption id=\"caption-attachment-6607\" class=\"wp-caption-text\">Decreto de creaci\u00f3n de 2018, con 3 salas menos y 5 horas menos de escolaridad.<\/figcaption><\/figure>\n<figure id=\"attachment_6608\" aria-describedby=\"caption-attachment-6608\" style=\"width: 468px\" class=\"wp-caption alignnone\"><img loading=\"lazy\" decoding=\"async\" class=\"wp-image-6608 size-full\" src=\"http:\/\/fmriachuelo.com.ar\/wp-content\/uploads\/2018\/03\/WhatsApp-Image-2018-03-27-at-17.01.35.jpeg\" alt=\"\" width=\"468\" height=\"720\" srcset=\"http:\/\/fmriachuelo.it10.com.ar\/wp-content\/uploads\/2018\/03\/WhatsApp-Image-2018-03-27-at-17.01.35.jpeg 468w, http:\/\/fmriachuelo.it10.com.ar\/wp-content\/uploads\/2018\/03\/WhatsApp-Image-2018-03-27-at-17.01.35-195x300.jpeg 195w\" sizes=\"auto, (max-width: 468px) 100vw, 468px\" \/><figcaption id=\"caption-attachment-6608\" class=\"wp-caption-text\">Proyecto de 2016 con el que se hab\u00eda comprometido el GCBA<\/figcaption><\/figure>\n","protected":false},"excerpt":{"rendered":"<p>[FM RIACHUELO 27\/03\/2018] En 2016, luego de 4 a\u00f1os de lucha por parte de la comunidad, el gobierno de la ciudad de Buenos Aires se hab\u00eda comprometido a iniciar las obras necesarias para transformar un galp\u00f3n abandonado en Venezuela 3269 en una escuela para ni\u00f1os de 45 d\u00edas a 5 a\u00f1os, con jornada extendida. Sin [&hellip;]<\/p>\n","protected":false},"author":5,"featured_media":6614,"comment_status":"open","ping_status":"open","sticky":false,"template":"","format":"standard","meta":{"_monsterinsights_skip_tracking":false,"_monsterinsights_sitenote_active":false,"_monsterinsights_sitenote_note":"","_monsterinsights_sitenote_category":0,"jnews-multi-image_gallery":[],"jnews_single_post":[],"jnews_primary_category":[],"_joinchat":[],"footnotes":""},"categories":[76],"tags":[],"class_list":["post-6606","post","type-post","status-publish","format-standard","has-post-thumbnail","hentry","category-salud-comunitaria"],"_links":{"self":[{"href":"http:\/\/fmriachuelo.it10.com.ar\/index.php\/wp-json\/wp\/v2\/posts\/6606","targetHints":{"allow":["GET"]}}],"collection":[{"href":"http:\/\/fmriachuelo.it10.com.ar\/index.php\/wp-json\/wp\/v2\/posts"}],"about":[{"href":"http:\/\/fmriachuelo.it10.com.ar\/index.php\/wp-json\/wp\/v2\/types\/post"}],"author":[{"embeddable":true,"href":"http:\/\/fmriachuelo.it10.com.ar\/index.php\/wp-json\/wp\/v2\/users\/5"}],"replies":[{"embeddable":true,"href":"http:\/\/fmriachuelo.it10.com.ar\/index.php\/wp-json\/wp\/v2\/comments?post=6606"}],"version-history":[{"count":0,"href":"http:\/\/fmriachuelo.it10.com.ar\/index.php\/wp-json\/wp\/v2\/posts\/6606\/revisions"}],"wp:featuredmedia":[{"embeddable":true,"href":"http:\/\/fmriachuelo.it10.com.ar\/index.php\/wp-json\/wp\/v2\/media\/6614"}],"wp:attachment":[{"href":"http:\/\/fmriachuelo.it10.com.ar\/index.php\/wp-json\/wp\/v2\/media?parent=6606"}],"wp:term":[{"taxonomy":"category","embeddable":true,"href":"http:\/\/fmriachuelo.it10.com.ar\/index.php\/wp-json\/wp\/v2\/categories?post=6606"},{"taxonomy":"post_tag","embeddable":true,"href":"http:\/\/fmriachuelo.it10.com.ar\/index.php\/wp-json\/wp\/v2\/tags?post=6606"}],"curies":[{"name":"wp","href":"https:\/\/api.w.org\/{rel}","templated":true}]}}