{"id":660,"date":"2015-03-18T13:40:00","date_gmt":"2015-03-18T13:40:00","guid":{"rendered":"http:\/\/fmriachuelo.observatorioess.org.ar\/index.php\/2015\/03\/18\/latinoamerica-y-la-movilizacion-popular-frente-a-la-amenaza-al-pueblo-venezolano\/"},"modified":"2025-03-27T11:44:54","modified_gmt":"2025-03-27T14:44:54","slug":"latinoamerica-y-la-movilizacion-popular-frente-a-la-amenaza-al-pueblo-venezolano","status":"publish","type":"post","link":"http:\/\/fmriachuelo.it10.com.ar\/index.php\/2015\/03\/18\/latinoamerica-y-la-movilizacion-popular-frente-a-la-amenaza-al-pueblo-venezolano\/","title":{"rendered":"LATINOAMERICA Y LA MOVILIZACION POPULAR FRENTE A LA AMENAZA AL PUEBLO VENEZOLANO"},"content":{"rendered":"<div style=\"text-align: center\"><span style=\"color: red;font-family: verdana, sans-serif;font-size: x-large\"><span style=\"color: black;font-family: verdana, sans-serif;font-size: medium\"><b>&nbsp;&nbsp;&nbsp;&nbsp;&nbsp;&nbsp;&nbsp;&nbsp;&nbsp;&nbsp;&nbsp;&nbsp;&nbsp;&nbsp; <\/b><\/span><\/span><span style=\"font-family: Verdana, sans-serif\"><strong>ANTE LA DESCARADA AMENAZA DE EE.UU.<br \/>&nbsp;&nbsp;&nbsp;&nbsp;&nbsp;&nbsp;&nbsp;&nbsp;&nbsp;&nbsp;&nbsp; A LA REP\u00daBLICA BOLIVARIANA DE VENEZUELA <br \/>LA PATRIA GRANDE, COMO NUNCA, RESPONDE <br \/>CON LA UNIDAD DEL PUEBLO TODO<\/strong><\/span><\/div>\n<p><span style=\"color: red;font-family: verdana, sans-serif;font-size: large\"><\/span><\/p>\n<div style=\"text-align: center\"><span style=\"color: red;font-family: verdana, sans-serif;font-size: large\"><strong>LO URGENTE<br \/>DE UN MOMENTO HIST\u00d3RICO<\/strong><\/span><\/div>\n<p><span style=\"color: red;font-family: verdana, sans-serif;font-size: large\"><\/span><a href=\"http:\/\/1.bp.blogspot.com\/-LxJPGe3sjm8\/VQl5SERnkmI\/AAAAAAAADIs\/NY_Hx7UKuDA\/s1600\/marcha%2Bvene.png\" style=\"clear: right;float: right;margin-bottom: 1em;margin-left: 1em\"><img loading=\"lazy\" decoding=\"async\" border=\"0\" src=\"http:\/\/1.bp.blogspot.com\/-LxJPGe3sjm8\/VQl5SERnkmI\/AAAAAAAADIs\/NY_Hx7UKuDA\/s1600\/marcha%2Bvene.png\" height=\"228\" width=\"320\" \/><\/a><\/p>\n<div style=\"text-align: left\"><span style=\"font-family: Verdana, sans-serif\"><strong>[FMR Mi\u00e9rcoles 18\/03\/15] La Orden Ejecutiva dictada por el Gobierno de EE.UU la semana pasada en contra del Proceso Revolucionario de Venezuela ha generado y sigue produciendo un sin fin de respuestas y movilizaciones populares sin precedentes en todo el mundo y en particular en Latinoam\u00e9rica. Venezuela, Argentina y Brasil est\u00e1n siendo azotados por tormentas provocadas para desestabilizar las grandes transformaciones que se han producido en la regi\u00f3n.&nbsp;&nbsp;<\/strong><\/span><span style=\"color: red;font-family: Verdana;font-size: x-large\"><\/span><\/p>\n<div style=\"clear: both;text-align: center\"><span style=\"color: red;font-family: Verdana;font-size: x-large\"><a href=\"http:\/\/4.bp.blogspot.com\/-Wwz9UwA98jc\/VQl8sLbZ9II\/AAAAAAAADJc\/1SiqxdbI0sY\/s1600\/marcha%2Bvene1.png\" style=\"clear: left;float: left;margin-bottom: 1em;margin-right: 1em\"><img loading=\"lazy\" decoding=\"async\" border=\"0\" src=\"http:\/\/4.bp.blogspot.com\/-Wwz9UwA98jc\/VQl8sLbZ9II\/AAAAAAAADJc\/1SiqxdbI0sY\/s1600\/marcha%2Bvene1.png\" height=\"132\" width=\"200\" \/><\/a><\/span><\/div>\n<p><span style=\"color: red;font-family: Verdana;font-size: x-large\"><\/span><span style=\"font-family: Verdana, sans-serif\">En su habitual pr\u00e1ctica de comunicaci\u00f3n popular FM Riachuelo acompa\u00f1a con diversas coberturas esta hora crucial para la regi\u00f3n y su pueblo. El viernes 13 de marzo mantuvimos una charla telef\u00f3nica con Juan Contreras, diputado de la Asamblea Nacional Venezolana y director de \u00abAl son del 23\u00bb, radio comunitaria del popular barrio 23 de Enero de Caracas. Luego realizamos la cobertura de la multitudinaria marcha de apoyo a la Embajada de Venezuela en Argentina, donde recogimos testimonios de Gabriela Rivadeneira (Presidenta de la Asamblea Nacional de Ecuador), Norma Moreno Silva (Embajadora de Nicaragua en la Argentina), Piedad C\u00f3rdoba (fundadora de la Organizaci\u00f3n Social Marcha Patri\u00f3tica  de Colombia) y Lito Borello (Coordinador Nacional de La Organizaci\u00f3n Social y Pol\u00edtica Los Pibes).<\/span><span style=\"color: red;font-family: Verdana;font-size: x-large\"><span style=\"color: black;font-size: small\">&nbsp;<a href=\"http:\/\/4.bp.blogspot.com\/-Lc01jyWfGyw\/VQl9liLpqjI\/AAAAAAAADJk\/LTQ2MMx1pvk\/s1600\/marcha%2Bvene2.png\" style=\"clear: left;float: left;margin-bottom: 1em;margin-right: 1em\"><img loading=\"lazy\" decoding=\"async\" border=\"0\" src=\"http:\/\/4.bp.blogspot.com\/-Lc01jyWfGyw\/VQl9liLpqjI\/AAAAAAAADJk\/LTQ2MMx1pvk\/s1600\/marcha%2Bvene2.png\" height=\"132\" width=\"200\" \/><\/a><br \/><span style=\"font-family: verdana,sans-serif\"><\/span><\/p>\n<div style=\"text-align: left\"><span style=\"color: black\"><span style=\"font-size: small\"><b><span style=\"font-family: verdana,sans-serif\">ESCUCH\u00c1 LOS TESTIMONIOS DE:<\/span><\/b><\/span><\/span><\/div>\n<div style=\"text-align: left\"><span style=\"color: black\"><span style=\"font-size: small\"><b><span style=\"font-family: verdana,sans-serif\"><a href=\"https:\/\/docs.google.com\/file\/d\/0B1oSPl4oeTWiaks2ejlvU2dyY1k\/edit?usp=drive_web\">JUAN CONTRERAS DE VENEZUELA<\/a><\/span><\/b><\/span><\/span><\/div>\n<div style=\"text-align: left\"><span style=\"color: black\"><span style=\"font-size: small\"><b><span style=\"font-family: verdana,sans-serif\"><a href=\"https:\/\/docs.google.com\/file\/d\/0B1oSPl4oeTWiVlhHMUV6d1UySmc\/edit?usp=drive_web\">GABRIELA RIVADANEIRA DE ECUADOR<\/a><\/span><\/b><\/span><\/span><\/div>\n<div style=\"text-align: left\"><span style=\"color: black\"><span style=\"font-size: small\"><b><span style=\"font-family: verdana,sans-serif\"><a href=\"https:\/\/docs.google.com\/file\/d\/0B1oSPl4oeTWiZVppWVQtS3RQUm8\/edit?usp=drive_web\">NORMA MORENO DE NICARAGUA<\/a><\/span><\/b><\/span><\/span><\/div>\n<div style=\"text-align: left\"><span style=\"color: black\"><span style=\"font-size: small\"><b><span style=\"font-family: verdana,sans-serif\"><a href=\"https:\/\/docs.google.com\/file\/d\/0B1oSPl4oeTWid05td1gtUFEyUEE\/edit?usp=drive_web\">PIEDAD CORDOBA DE COLOMBIA<\/a><\/span><\/b><\/span><\/span><\/div>\n<div style=\"text-align: left\"><span style=\"color: black\"><span style=\"font-size: small\"><b><span style=\"font-family: verdana,sans-serif\"><a href=\"https:\/\/docs.google.com\/file\/d\/0B1oSPl4oeTWienRlbUxIUHJNcU0\/edit?usp=drive_web\">LITO BORELO DE ARGENTINA<\/a><\/span><\/b><\/span><\/span><\/div>\n<p><\/p>\n<div style=\"text-align: left\"><a href=\"https:\/\/images-blogger-opensocial.googleusercontent.com\/gadgets\/proxy?url=http%3A%2F%2F4.bp.blogspot.com%2F-aNADPqSyLOw%2FVQl56zwvv2I%2FAAAAAAAADJE%2FjY34vu2r0VU%2Fs1600%2Fmarcha%252Bvene3.png&amp;container=blogger&amp;gadget=a&amp;rewriteMime=image%2F*\" style=\"clear: right;float: right;margin-bottom: 1em;margin-left: 1em\"><img loading=\"lazy\" decoding=\"async\" border=\"0\" src=\"http:\/\/4.bp.blogspot.com\/-aNADPqSyLOw\/VQl56zwvv2I\/AAAAAAAADJE\/jY34vu2r0VU\/s1600\/marcha%2Bvene3.png\" height=\"133\" width=\"200\" \/><\/a>&nbsp;La acostumbrada injerencia de los EE.UU. tuvo en esta ocasi\u00f3n la respuesta de la regi\u00f3n en su conjunto. Pero no s\u00f3lo reaccionaron sus instituciones nacionales y supranacionales como UNASUR y ALBA. EL sue\u00f1o de una Latinoam\u00e9rica unida se concreta con las <b>multitudinarias movilizaciones de las organizaciones populares <\/b>que superando<b> <\/b>las peque\u00f1as diferencias<b> comprenden el momento hist\u00f3rico: si tocan a Venezuela nos tocan a todos.<\/b><\/div>\n<p><\/span><\/span><\/p>\n<div><span style=\"font-family: Verdana, sans-serif\">Mientras el pueblo se manifiesta en las calles de Venezuela dando su apoyo a la revoluci\u00f3n, el Parlamento Bolivariano ha legislado para otorgarle poderes especiales al primer presidente Chavista Nicol\u00e1s Maduro que le permitan enfrentar las amenazas del imperio. Y en un gesto sin precedentes Pueblo y Ej\u00e9rcito de Venezuela realizaron un ejercicio denominado \u00abEscudo Bolivariano\u00bb para fortalecer la defensa integral.<\/p>\n<p>Al mismo tiempo, ALBA y UNASUR se han manifestado nuevamente como un bloque regional y condenaron las pol\u00edticas injerencistas de EE.UU a la vez que solicitaron al presidente Obama la derogaci\u00f3n del decreto que amenaza la soberan\u00eda venezolana.<\/p>\n<p>As\u00ed como los presidentes tienen su agenda las organizaciones tambi\u00e9n generan la propia. Se movilizan en apoyo, como en Buenos Aires, a la Embajada de Venezuela.<\/span><span style=\"color: red;font-family: Verdana;font-size: x-large\"><\/span><span style=\"color: red;font-family: Verdana;font-size: x-large\"><\/span><\/div>\n<p><span style=\"color: red;font-family: Verdana;font-size: x-large\"><\/span><\/p>\n<div style=\"text-align: center\"><span style=\"color: red;font-family: Verdana;font-size: x-large\"><span style=\"font-family: verdana, sans-serif\"><b><span style=\"color: black;font-size: medium\">La solidaridad activa con Venezuela es la defensa de Latinoam\u00e9rica y el Caribe.<\/span><\/b><\/span><\/span><\/div>\n<p><span style=\"color: red;font-family: Verdana;font-size: x-large\"><span style=\"font-family: verdana, sans-serif\"><\/p>\n<div style=\"text-align: center\"><b><span style=\"color: red;font-size: x-large\">LA SOLIDARIDAD ES LA TERNURA DEL PUEBLO<\/span><\/b><\/div>\n<p><\/span><\/span><\/p>\n<div style=\"text-align: left\"><span style=\"font-family: Verdana;font-size: x-large\"><span style=\"font-family: verdana, sans-serif\"><\/span><\/span><span style=\"color: blue;font-family: Verdana, sans-serif\"><\/span>&nbsp;<\/div>\n<div style=\"text-align: left\"><span style=\"color: blue;font-family: Verdana, sans-serif\">Fuente: Producci\u00f3n Riachuelo<\/span><\/div>\n<div style=\"clear: both;text-align: center\"><a href=\"http:\/\/3.bp.blogspot.com\/-iOxkgENjdk4\/VQmAC9MEEII\/AAAAAAAADJw\/KJLDgHDTi_I\/s1600\/COOP%2BRIACHIUELO%2BPRODUCCIONES.jpg\" style=\"clear: left;float: left;margin-bottom: 1em;margin-right: 1em\"><img loading=\"lazy\" decoding=\"async\" border=\"0\" src=\"http:\/\/3.bp.blogspot.com\/-iOxkgENjdk4\/VQmAC9MEEII\/AAAAAAAADJw\/KJLDgHDTi_I\/s1600\/COOP%2BRIACHIUELO%2BPRODUCCIONES.jpg\" height=\"58\" width=\"200\" \/><\/a><\/div>\n<div style=\"text-align: left\">&nbsp;<\/div>\n<p><span style=\"color: red;font-family: Verdana;font-size: x-large\"><\/span><\/p>\n<div style=\"text-align: center\"><\/div>\n<p><span style=\"color: red;font-family: Verdana;font-size: x-large\"><\/p>\n<div style=\"text-align: center\"><\/div>\n<p>&nbsp;<\/span><span style=\"font-family: Verdana, sans-serif\"><\/span><span style=\"color: red;font-family: Verdana;font-size: x-large\"><\/span><\/p>\n<div style=\"text-align: center\"><span style=\"color: red;font-family: Verdana;font-size: x-large\"><span style=\"color: black\"><span style=\"font-size: small\"><br \/><span style=\"color: black\"><br \/><span style=\"font-size: small\"><br \/><span style=\"font-family: verdana,sans-serif\">&nbsp;<\/span><\/span><\/span><\/span><\/span><\/span><\/p>\n<div style=\"text-align: center\">\n<div style=\"text-align: center\"><span style=\"color: red;font-family: Verdana;font-size: x-large\"><span style=\"color: black\"><span style=\"font-size: small\"><span style=\"color: black\"><span style=\"font-size: small\"><span style=\"font-family: verdana,sans-serif\">&nbsp;<\/span><\/span><\/span><\/span><\/span><\/span><\/div>\n<div>\n<div style=\"text-align: center\"><span style=\"color: red;font-family: Verdana;font-size: x-large\"><span style=\"color: black\"><span style=\"font-size: small\"><span style=\"color: black\"><span style=\"font-size: small\"><span style=\"font-family: verdana,sans-serif\">&nbsp;<\/span><\/span><\/span><\/span><\/span><\/span><\/div>\n<\/div>\n<div style=\"text-align: center\"><span style=\"color: red;font-family: Verdana;font-size: x-large\"><span style=\"color: black\"><span style=\"font-size: small\"><span style=\"color: black\"><span style=\"font-size: small\"><span style=\"font-family: verdana,sans-serif\">&nbsp;<\/span><\/span><\/span><\/span><\/span><\/span><\/div>\n<\/div>\n<p><span style=\"color: red;font-family: Verdana;font-size: x-large\"><span style=\"color: black\"><span style=\"font-size: small\"><span style=\"color: black\"><span style=\"font-size: small\"><span style=\"font-family: verdana,sans-serif\"><\/p>\n<div style=\"text-align: center\">\n<div><\/div>\n<\/div>\n<p><\/span><\/p>\n<div style=\"text-align: center\">\n<div>\n<div style=\"text-align: center\"><\/div>\n<\/div>\n<\/div>\n<p><\/span><\/p>\n<div style=\"text-align: center\">&nbsp;<\/div>\n<div><\/div>\n<div style=\"text-align: center\"><\/div>\n<div style=\"text-align: center\"><\/div>\n<p><\/span><\/p>\n<div style=\"text-align: center\"><\/div>\n<div style=\"text-align: center\"><strong>&nbsp;<\/strong><\/div>\n<p><span style=\"font-family: verdana,sans-serif\"><\/p>\n<div style=\"text-align: center\"><strong>&nbsp;<\/strong><\/div>\n<p><strong>&nbsp;<\/strong><br \/><strong>&nbsp;<\/strong><\/p>\n<div style=\"text-align: center\"><\/div>\n<div style=\"text-align: center\"><\/div>\n<p><\/span><\/p>\n<div><strong>&nbsp;<\/strong>&nbsp;<\/div>\n<div style=\"text-align: center\">&nbsp;<\/div>\n<p><\/span><\/p>\n<div style=\"text-align: center\">&nbsp;<\/div>\n<p><\/span><\/p>\n<div style=\"text-align: center\">&nbsp;<\/div>\n<div style=\"text-align: center\"><span style=\"color: black\"><span style=\"font-size: small\"><b><span style=\"font-family: verdana,sans-serif\"><\/span><\/b><\/span><\/span>&nbsp;<\/div>\n<div style=\"text-align: left\"><span style=\"color: black\"><span style=\"font-size: small\"><b><span style=\"font-family: verdana,sans-serif\"><\/span><\/b><\/span><\/span>&nbsp;<\/div>\n<div style=\"text-align: center\"><strong><span style=\"color: black;font-size: small\"><\/span><\/strong>&nbsp;<\/div>\n<div style=\"text-align: center\">&nbsp;<\/div>\n<p><span style=\"color: black\"><\/p>\n<div style=\"text-align: center\"><\/div>\n<p><span style=\"font-size: small\"><\/p>\n<div style=\"text-align: center\"><\/div>\n<p><span style=\"font-family: verdana,sans-serif\"><\/p>\n<div style=\"text-align: center\"><\/div>\n<div style=\"text-align: center\">\n<div>\n<div style=\"text-align: center\">&nbsp;<\/div>\n<\/div>\n<p><span style=\"color: blue;font-family: verdana, sans-serif\"><\/span><\/p>\n<div style=\"text-align: left\"><span style=\"color: blue;font-family: verdana, sans-serif\">&nbsp;<\/span><\/div>\n<p><span style=\"color: blue;font-family: verdana, sans-serif\"><\/span><\/p>\n<div style=\"clear: both;text-align: center\"><\/div>\n<div style=\"text-align: center\">&nbsp;<\/div>\n<\/div>\n<p><\/span><\/p>\n<div style=\"text-align: center\">\n<div style=\"text-align: center\">&nbsp;<\/div>\n<div style=\"text-align: center\">&nbsp;<\/div>\n<p><\/p>\n<div style=\"text-align: center\">&nbsp;<\/div>\n<\/div>\n<p><\/span><\/p>\n<div style=\"text-align: center\">\n<div style=\"text-align: center\">&nbsp;<\/div>\n<p><\/p>\n<div style=\"text-align: center\">&nbsp;<\/div>\n<p><\/p>\n<div style=\"text-align: center\">&nbsp;<\/div>\n<p><\/p>\n<div style=\"text-align: center\"><\/div>\n<p><\/div>\n<p><\/span><\/p>\n<div style=\"text-align: center\"><\/p>\n<div style=\"text-align: center\"><span style=\"color: black\"><span style=\"font-size: small\"><b><span style=\"font-family: verdana,sans-serif\"><\/span><\/b><\/span><\/span>&nbsp;<\/div>\n<p><\/div>\n<p><\/span><\/div>\n<p><span style=\"color: red;font-family: Verdana;font-size: x-large\"><\/span><\/p>\n<div style=\"text-align: left\"><span style=\"color: red;font-family: Verdana;font-size: x-large\"><span style=\"color: blue;font-size: small\"><\/span>&nbsp;<\/span><\/div>\n<p><span style=\"color: red;font-family: Verdana;font-size: x-large\"><\/p>\n<div style=\"clear: both;text-align: center\"><\/div>\n<div style=\"text-align: left\">&nbsp;<\/div>\n<p><\/span><\/p>\n<div style=\"text-align: center\">&nbsp;<\/div>\n<div style=\"text-align: center\">&nbsp;<\/div>\n<p><\/div>\n","protected":false},"excerpt":{"rendered":"<p>&nbsp;&nbsp;&nbsp;&nbsp;&nbsp;&nbsp;&nbsp;&nbsp;&nbsp;&nbsp;&nbsp;&nbsp;&nbsp;&nbsp; ANTE LA DESCARADA AMENAZA DE EE.UU.&nbsp;&nbsp;&nbsp;&nbsp;&nbsp;&nbsp;&nbsp;&nbsp;&nbsp;&nbsp;&nbsp; A LA REP\u00daBLICA BOLIVARIANA DE VENEZUELA LA PATRIA GRANDE, COMO NUNCA, RESPONDE CON LA UNIDAD DEL PUEBLO TODO LO URGENTEDE UN MOMENTO HIST\u00d3RICO [FMR Mi\u00e9rcoles 18\/03\/15] La Orden Ejecutiva dictada por el Gobierno de EE.UU la semana pasada en contra del Proceso Revolucionario de Venezuela ha generado y [&hellip;]<\/p>\n","protected":false},"author":4,"featured_media":0,"comment_status":"open","ping_status":"open","sticky":false,"template":"","format":"standard","meta":{"_monsterinsights_skip_tracking":false,"_monsterinsights_sitenote_active":false,"_monsterinsights_sitenote_note":"","_monsterinsights_sitenote_category":0,"jnews-multi-image_gallery":[],"jnews_single_post":{"format":"standard"},"jnews_primary_category":[],"_joinchat":[],"footnotes":""},"categories":[58],"tags":[70,157],"class_list":["post-660","post","type-post","status-publish","format-standard","hentry","category-noticiariachuelo","tag-de-la-patria-grande","tag-nadie-se-salva-solo"],"_links":{"self":[{"href":"http:\/\/fmriachuelo.it10.com.ar\/index.php\/wp-json\/wp\/v2\/posts\/660","targetHints":{"allow":["GET"]}}],"collection":[{"href":"http:\/\/fmriachuelo.it10.com.ar\/index.php\/wp-json\/wp\/v2\/posts"}],"about":[{"href":"http:\/\/fmriachuelo.it10.com.ar\/index.php\/wp-json\/wp\/v2\/types\/post"}],"author":[{"embeddable":true,"href":"http:\/\/fmriachuelo.it10.com.ar\/index.php\/wp-json\/wp\/v2\/users\/4"}],"replies":[{"embeddable":true,"href":"http:\/\/fmriachuelo.it10.com.ar\/index.php\/wp-json\/wp\/v2\/comments?post=660"}],"version-history":[{"count":1,"href":"http:\/\/fmriachuelo.it10.com.ar\/index.php\/wp-json\/wp\/v2\/posts\/660\/revisions"}],"predecessor-version":[{"id":22701,"href":"http:\/\/fmriachuelo.it10.com.ar\/index.php\/wp-json\/wp\/v2\/posts\/660\/revisions\/22701"}],"wp:attachment":[{"href":"http:\/\/fmriachuelo.it10.com.ar\/index.php\/wp-json\/wp\/v2\/media?parent=660"}],"wp:term":[{"taxonomy":"category","embeddable":true,"href":"http:\/\/fmriachuelo.it10.com.ar\/index.php\/wp-json\/wp\/v2\/categories?post=660"},{"taxonomy":"post_tag","embeddable":true,"href":"http:\/\/fmriachuelo.it10.com.ar\/index.php\/wp-json\/wp\/v2\/tags?post=660"}],"curies":[{"name":"wp","href":"https:\/\/api.w.org\/{rel}","templated":true}]}}