{"id":658,"date":"2015-03-19T02:10:00","date_gmt":"2015-03-19T02:10:00","guid":{"rendered":"http:\/\/fmriachuelo.observatorioess.org.ar\/index.php\/2015\/03\/19\/coca-cola-no-respeta-el-feriado-del-24-de-marzo\/"},"modified":"2025-03-27T11:49:35","modified_gmt":"2025-03-27T14:49:35","slug":"coca-cola-no-respeta-el-feriado-del-24-de-marzo","status":"publish","type":"post","link":"http:\/\/fmriachuelo.it10.com.ar\/index.php\/2015\/03\/19\/coca-cola-no-respeta-el-feriado-del-24-de-marzo\/","title":{"rendered":"COCA COLA NO RESPETA EL FERIADO DEL 24 DE MARZO"},"content":{"rendered":"<p><span style=\"color: red;font-family: Verdana, sans-serif;font-size: large\"><strong>UNA DISPOSICION CON CONTENIDO POLITICO<\/strong><\/span><br \/><span style=\"color: red;font-family: Verdana, sans-serif;font-size: large\"><strong>&nbsp;&nbsp;<\/strong><\/span><\/p>\n<div style=\"clear: both;text-align: center\"><span style=\"color: red;font-family: Verdana, sans-serif;font-size: large\"><strong><a href=\"http:\/\/4.bp.blogspot.com\/-ZBfxuPglF38\/VQovLxYOPvI\/AAAAAAAADKU\/cYOSJjGi_vw\/s1600\/COCA.jpg\" style=\"clear: left;float: left;margin-bottom: 1em;margin-right: 1em\"><img loading=\"lazy\" decoding=\"async\" border=\"0\" src=\"http:\/\/4.bp.blogspot.com\/-ZBfxuPglF38\/VQovLxYOPvI\/AAAAAAAADKU\/cYOSJjGi_vw\/s1600\/COCA.jpg\" height=\"214\" width=\"320\" \/><\/a><\/strong><\/span><\/div>\n<p><span style=\"font-family: Verdana, sans-serif\">La multinacional norteamericana quiere obligar a trabajar a sus empleados en una fecha muy sentida por todo el pueblo argentino, que desde hace varios a\u00f1os es feriado nacional. Durante la jornada se realizar\u00e1n distintas actividades y movilizaciones, de las que no podr\u00e1n participar quienes tengan que trabajar, as\u00ed hayan tenido familiares o amigos fallecidos o desaparecidos durante esos a\u00f1os. Entrevistamos a Pablo Silvestri, delegado de Coca-Cola FEMSA cuyo padre fue asesinado por la Triple A y militante del PTS.<\/span><br \/><span style=\"font-family: Verdana\"><\/span>&nbsp;<a name='more'><\/a><br \/><span style=\"font-family: Verdana, sans-serif\">El cuerpo de delegados, con el apoyo de los trabajadores, logr\u00f3 que la empresa respete la mayor\u00eda de los feriados nacionales; en la planta Alcorta desde que est\u00e1 la Marr\u00f3n se trabajaron 6 de los \u00faltimos 29 feriados. Esto fue una gran victoria, porque Coca-Cola vende siempre la imagen de \u201cfamilia feliz\u201d, pero los trabajadores tuvimos que arrancarle el tiempo para poder estar con las nuestras. El cuerpo de delegados realiz\u00f3 un relevamiento y una encuesta que dio como resultado que el 98% no quiere asistir a trabajar los feriados. A nadie le sirve porque no lo pagan como corresponde y encima una parte te lo quita el impuesto a las \u201cganancias\u201d. Pero en el caso del 24 de marzo, desde el Cuerpo de Delegados estamos haciendo especial hincapi\u00e9 en que se \u00abtome Con-Ciencia\u00bb. Que Coca Cola nos haga trabajar el 24 de marzo tiene un contenido pol\u00edtico. Con la nueva interna logramos que la mayor\u00eda de los feriados no se trabaje, pero es simb\u00f3lico que la empresa haya elegido el 24 como uno de los que s\u00ed se trabaja como pas\u00f3 el a\u00f1o pasado. Es p\u00fablico que esta multinacional no s\u00f3lo fue sponsor oficial del mundial 78\u2019, sino que durante 2014 salieron a la luz documentos que muestran su complicidad y participaci\u00f3n con la dictadura militar argentina, donde el presidente de Coca Cola Argentina en ese momento, Tom\u00e1s Ornstein, afirma que ten\u00edan dos oficiales del Servicio de Inteligencia (SIDE) trabajando en la planta. Adem\u00e1s, pon\u00edan publicidad en la revista del Batall\u00f3n de Inteligencia 601.<\/span><br \/><span style=\"color: blue;font-family: Verdana\">Fuente: La Izquierda Diario, Producci\u00f3n Riachuelo<\/span><\/p>\n<div style=\"clear: both;text-align: center\"><a href=\"http:\/\/1.bp.blogspot.com\/-UstJs96tQnY\/VQov5PMXu6I\/AAAAAAAADKc\/voRDb6ePuGY\/s1600\/COOP%2BRIACHIUELO%2BPRODUCCIONES.jpg\" style=\"clear: left;float: left;margin-bottom: 1em;margin-right: 1em\"><img loading=\"lazy\" decoding=\"async\" border=\"0\" src=\"http:\/\/1.bp.blogspot.com\/-UstJs96tQnY\/VQov5PMXu6I\/AAAAAAAADKc\/voRDb6ePuGY\/s1600\/COOP%2BRIACHIUELO%2BPRODUCCIONES.jpg\" height=\"58\" width=\"200\" \/><\/a><\/div>\n","protected":false},"excerpt":{"rendered":"<p>UNA DISPOSICION CON CONTENIDO POLITICO&nbsp;&nbsp; La multinacional norteamericana quiere obligar a trabajar a sus empleados en una fecha muy sentida por todo el pueblo argentino, que desde hace varios a\u00f1os es feriado nacional. Durante la jornada se realizar\u00e1n distintas actividades y movilizaciones, de las que no podr\u00e1n participar quienes tengan que trabajar, as\u00ed hayan tenido [&hellip;]<\/p>\n","protected":false},"author":4,"featured_media":0,"comment_status":"open","ping_status":"open","sticky":false,"template":"","format":"standard","meta":{"_monsterinsights_skip_tracking":false,"_monsterinsights_sitenote_active":false,"_monsterinsights_sitenote_note":"","_monsterinsights_sitenote_category":0,"jnews-multi-image_gallery":[],"jnews_single_post":{"format":"standard"},"jnews_primary_category":[],"_joinchat":[],"footnotes":""},"categories":[58],"tags":[122,119,148],"class_list":["post-658","post","type-post","status-publish","format-standard","hentry","category-noticiariachuelo","tag-derecho-a-la-protesta-social","tag-derechos-humanos","tag-trabajo"],"_links":{"self":[{"href":"http:\/\/fmriachuelo.it10.com.ar\/index.php\/wp-json\/wp\/v2\/posts\/658","targetHints":{"allow":["GET"]}}],"collection":[{"href":"http:\/\/fmriachuelo.it10.com.ar\/index.php\/wp-json\/wp\/v2\/posts"}],"about":[{"href":"http:\/\/fmriachuelo.it10.com.ar\/index.php\/wp-json\/wp\/v2\/types\/post"}],"author":[{"embeddable":true,"href":"http:\/\/fmriachuelo.it10.com.ar\/index.php\/wp-json\/wp\/v2\/users\/4"}],"replies":[{"embeddable":true,"href":"http:\/\/fmriachuelo.it10.com.ar\/index.php\/wp-json\/wp\/v2\/comments?post=658"}],"version-history":[{"count":1,"href":"http:\/\/fmriachuelo.it10.com.ar\/index.php\/wp-json\/wp\/v2\/posts\/658\/revisions"}],"predecessor-version":[{"id":22708,"href":"http:\/\/fmriachuelo.it10.com.ar\/index.php\/wp-json\/wp\/v2\/posts\/658\/revisions\/22708"}],"wp:attachment":[{"href":"http:\/\/fmriachuelo.it10.com.ar\/index.php\/wp-json\/wp\/v2\/media?parent=658"}],"wp:term":[{"taxonomy":"category","embeddable":true,"href":"http:\/\/fmriachuelo.it10.com.ar\/index.php\/wp-json\/wp\/v2\/categories?post=658"},{"taxonomy":"post_tag","embeddable":true,"href":"http:\/\/fmriachuelo.it10.com.ar\/index.php\/wp-json\/wp\/v2\/tags?post=658"}],"curies":[{"name":"wp","href":"https:\/\/api.w.org\/{rel}","templated":true}]}}