{"id":6574,"date":"2018-03-25T04:12:15","date_gmt":"2018-03-25T04:12:15","guid":{"rendered":"http:\/\/fmriachuelo.com.ar\/?p=6574"},"modified":"2018-03-25T04:12:15","modified_gmt":"2018-03-25T04:12:15","slug":"festival-popular-para-homenajear-a-martin-oso-cisneros","status":"publish","type":"post","link":"http:\/\/fmriachuelo.it10.com.ar\/index.php\/2018\/03\/25\/festival-popular-para-homenajear-a-martin-oso-cisneros\/","title":{"rendered":"FESTIVAL POPULAR  EN HOMENAJE A MART\u00cdN \u00abOSO\u00bb CISNEROS"},"content":{"rendered":"<p>[[FM Riachuelo 25\/03\/2018] El viernes 23 en el barrio de la Boca se realiz\u00f3 un homenaje al militante Mart\u00edn \u201cOso\u201d Cisneros en el d\u00eda de su cumplea\u00f1os n\u00famero 58. El festejo se organiz\u00f3 y desarrollo en La Casa Popular \u201cEl Patio\u201d ubicado en Lamadrid 1053, frente a la Plaza Matheu.<br \/>\nCerca de la seis de la tarde comenzaron a llegar los primeros vecinos y organizaciones que se hicieron presentes para recordar la vida y militancia del compa\u00f1ero. La calle cortada, como s\u00edmbolo hist\u00f3rico de la participaci\u00f3n y el protagonismo de nuestro pueblo en el espacio p\u00fablico, se cubri\u00f3 con sillas a modo de platea y con los puestos del ALMACEN POPULAR, a cargo del Paseo de la Econom\u00eda Popular Mart\u00edn Oso Cisneros, otro con el lanzamiento en sociedad de LA COCINA EL PATIO, emprendimiento de producci\u00f3n alimentos caseros, vegetarianos y postres con entrega a domicilio y la radio abierta de la FM Riachuelo, que realiz\u00f3 la cobertura de la actividad con una trasmisi\u00f3n especial en vivo de ROMP\u00c9 EL CERCO INFORMATIVO y CAZADORES DE ZONCERAS, los dos programas habituales de la tarde noche del viernes de nuestra emisora.<\/p>\n<p><img loading=\"lazy\" decoding=\"async\" class=\"alignnone size-medium wp-image-6586\" src=\"http:\/\/fmriachuelo.com.ar\/wp-content\/uploads\/2018\/03\/WhatsApp-Image-2018-03-23-at-11.09.19-PM-300x200.jpeg\" alt=\"\" width=\"300\" height=\"200\" srcset=\"http:\/\/fmriachuelo.it10.com.ar\/wp-content\/uploads\/2018\/03\/WhatsApp-Image-2018-03-23-at-11.09.19-PM-300x200.jpeg 300w, http:\/\/fmriachuelo.it10.com.ar\/wp-content\/uploads\/2018\/03\/WhatsApp-Image-2018-03-23-at-11.09.19-PM-768x513.jpeg 768w, http:\/\/fmriachuelo.it10.com.ar\/wp-content\/uploads\/2018\/03\/WhatsApp-Image-2018-03-23-at-11.09.19-PM-750x501.jpeg 750w, http:\/\/fmriachuelo.it10.com.ar\/wp-content\/uploads\/2018\/03\/WhatsApp-Image-2018-03-23-at-11.09.19-PM.jpeg 800w\" sizes=\"auto, (max-width: 300px) 100vw, 300px\" \/><\/p>\n<p><img loading=\"lazy\" decoding=\"async\" class=\"alignnone size-medium wp-image-6576\" src=\"http:\/\/fmriachuelo.com.ar\/wp-content\/uploads\/2018\/03\/WhatsApp-Image-2018-03-23-at-11.09.18-PM-300x185.jpeg\" alt=\"\" width=\"300\" height=\"185\" srcset=\"http:\/\/fmriachuelo.it10.com.ar\/wp-content\/uploads\/2018\/03\/WhatsApp-Image-2018-03-23-at-11.09.18-PM-300x185.jpeg 300w, http:\/\/fmriachuelo.it10.com.ar\/wp-content\/uploads\/2018\/03\/WhatsApp-Image-2018-03-23-at-11.09.18-PM-768x472.jpeg 768w, http:\/\/fmriachuelo.it10.com.ar\/wp-content\/uploads\/2018\/03\/WhatsApp-Image-2018-03-23-at-11.09.18-PM-750x461.jpeg 750w, http:\/\/fmriachuelo.it10.com.ar\/wp-content\/uploads\/2018\/03\/WhatsApp-Image-2018-03-23-at-11.09.18-PM.jpeg 800w\" sizes=\"auto, (max-width: 300px) 100vw, 300px\" \/><br \/>\nAntes de dar inicio al FESTIVAL ART\u00cdSTICO CALLEJERO, Lito Borello, Secretario de DDHH de la CTEP (Confederaci\u00f3n de Trabajadorxs de la Econom\u00eda Popular), record\u00f3 a Mart\u00edn \u201cOso\u201d Cisneros, con quien comparti\u00f3 amistad y militancia desde su juventud.<br \/>\nCon mucha emoci\u00f3n y alegr\u00eda manifest\u00f3 que \u201celegimos festejar el cumplea\u00f1os del Oso porque todos los a\u00f1os vuelve a renacer\u2026 los que cre\u00edan que se quedaban con el cuerpo de nuestro compa\u00f1ero y que as\u00ed iban a matar la semilla que se siembra, que son los que luchan por construir una sociedad distinta para nuestras pibas y nuestros pibes, \u00a1c\u00f3mo se equivocan! El Oso se multiplica en cientos de compa\u00f1erxs que siguen la tarea, que lejos de llorarlo, lo imitamos en su combate cotidiano, en su compromiso, tratando de hacer lo que \u00e9l so\u00f1aba.\u201d<br \/>\nLuego de las palabras de Borello, lleg\u00f3 la m\u00fasica para los m\u00e1s peque\u00f1os: canciones a cargo de Luca y Mat\u00edas, profesores de guitarra y percusi\u00f3n respectivamente.<\/p>\n<p><img loading=\"lazy\" decoding=\"async\" class=\"alignnone size-medium wp-image-6578\" src=\"http:\/\/fmriachuelo.com.ar\/wp-content\/uploads\/2018\/03\/WhatsApp-Image-2018-03-23-at-11.09.28-PM-1-300x200.jpeg\" alt=\"\" width=\"300\" height=\"200\" srcset=\"http:\/\/fmriachuelo.it10.com.ar\/wp-content\/uploads\/2018\/03\/WhatsApp-Image-2018-03-23-at-11.09.28-PM-1-300x200.jpeg 300w, http:\/\/fmriachuelo.it10.com.ar\/wp-content\/uploads\/2018\/03\/WhatsApp-Image-2018-03-23-at-11.09.28-PM-1-768x513.jpeg 768w, http:\/\/fmriachuelo.it10.com.ar\/wp-content\/uploads\/2018\/03\/WhatsApp-Image-2018-03-23-at-11.09.28-PM-1-750x501.jpeg 750w, http:\/\/fmriachuelo.it10.com.ar\/wp-content\/uploads\/2018\/03\/WhatsApp-Image-2018-03-23-at-11.09.28-PM-1.jpeg 800w\" sizes=\"auto, (max-width: 300px) 100vw, 300px\" \/><\/p>\n<p><img loading=\"lazy\" decoding=\"async\" class=\"alignnone size-medium wp-image-6580\" src=\"http:\/\/fmriachuelo.com.ar\/wp-content\/uploads\/2018\/03\/WhatsApp-Image-2018-03-24-at-7.04.20-PM-300x240.jpeg\" alt=\"\" width=\"300\" height=\"240\" srcset=\"http:\/\/fmriachuelo.it10.com.ar\/wp-content\/uploads\/2018\/03\/WhatsApp-Image-2018-03-24-at-7.04.20-PM-300x240.jpeg 300w, http:\/\/fmriachuelo.it10.com.ar\/wp-content\/uploads\/2018\/03\/WhatsApp-Image-2018-03-24-at-7.04.20-PM-1024x819.jpeg 1024w, http:\/\/fmriachuelo.it10.com.ar\/wp-content\/uploads\/2018\/03\/WhatsApp-Image-2018-03-24-at-7.04.20-PM-768x614.jpeg 768w, http:\/\/fmriachuelo.it10.com.ar\/wp-content\/uploads\/2018\/03\/WhatsApp-Image-2018-03-24-at-7.04.20-PM-750x600.jpeg 750w, http:\/\/fmriachuelo.it10.com.ar\/wp-content\/uploads\/2018\/03\/WhatsApp-Image-2018-03-24-at-7.04.20-PM-1140x912.jpeg 1140w, http:\/\/fmriachuelo.it10.com.ar\/wp-content\/uploads\/2018\/03\/WhatsApp-Image-2018-03-24-at-7.04.20-PM.jpeg 1198w\" sizes=\"auto, (max-width: 300px) 100vw, 300px\" \/><\/p>\n<p>Ambos talleres funcionan en el PATIO. Luego el payaso Remolacha, parte del PROYECTO GALERA de formaci\u00f3n en artes esc\u00e9nicas, hizo divertir a toda la familia con su show humor\u00edstico. A continuaci\u00f3n el grupo de hip hop \u201cCOMUNA 4\u201d, con mucha historia en el barrio, trajo su salud y su arte, haciendo cantar y bailar a todos.<br \/>\nEn un intermedio, la FM RIACHUELO realiz\u00f3 entrevistas a los participantes. Estuvieron presentes la Radio Grafica 89.3, Martina Noailles de Sur Capitalino, MT Rebelde, Cooperativa Cartonera de la Boca, Movimiento Popular Dar\u00edo Santill\u00e1n, Comedor San Jorge. Se destacaron los trabajadores de la f\u00e1brica OROPEL y Roxana Cainzos madre de Nehu\u00e9n, quienes contaron y actualizaron las luchas que vienen llevando a cabo.<br \/>\nPromediando el Festival, la tormenta quiso interrumpir la fiesta. Pero una vez m\u00e1s el entusiasmo y la lucha popular sorte\u00f3 los obst\u00e1culos: gran parte del p\u00fablico y los artistas ingresaron al sal\u00f3n del PATIO, en el que se realizan diariamente las actividades. All\u00ed continuaron tres n\u00fameros art\u00edsticos a cargo del taller GALERA: t\u00edteres, expresi\u00f3n corporal y un mon\u00f3logo, seguido con gran atenci\u00f3n por el p\u00fablico que apretujado adem\u00e1s saboreaba un exquisito guiso de lentejas.<br \/>\nFinaliz\u00f3 el homenaje con las palabras de agradecimiento de la Negra Cano, una de las referentes de la Casa Popular El Patio.<\/p>\n<p>&nbsp;<\/p>\n","protected":false},"excerpt":{"rendered":"<p>[[FM Riachuelo 25\/03\/2018] El viernes 23 en el barrio de la Boca se realiz\u00f3 un homenaje al militante Mart\u00edn \u201cOso\u201d Cisneros en el d\u00eda de su cumplea\u00f1os n\u00famero 58. El festejo se organiz\u00f3 y desarrollo en La Casa Popular \u201cEl Patio\u201d ubicado en Lamadrid 1053, frente a la Plaza Matheu. Cerca de la seis de [&hellip;]<\/p>\n","protected":false},"author":5,"featured_media":6582,"comment_status":"open","ping_status":"open","sticky":false,"template":"","format":"standard","meta":{"_monsterinsights_skip_tracking":false,"_monsterinsights_sitenote_active":false,"_monsterinsights_sitenote_note":"","_monsterinsights_sitenote_category":0,"jnews-multi-image_gallery":[],"jnews_single_post":[],"jnews_primary_category":[],"_joinchat":[],"footnotes":""},"categories":[78,80,76],"tags":[],"class_list":["post-6574","post","type-post","status-publish","format-standard","has-post-thumbnail","hentry","category-economia-popular","category-educacion","category-salud-comunitaria"],"_links":{"self":[{"href":"http:\/\/fmriachuelo.it10.com.ar\/index.php\/wp-json\/wp\/v2\/posts\/6574","targetHints":{"allow":["GET"]}}],"collection":[{"href":"http:\/\/fmriachuelo.it10.com.ar\/index.php\/wp-json\/wp\/v2\/posts"}],"about":[{"href":"http:\/\/fmriachuelo.it10.com.ar\/index.php\/wp-json\/wp\/v2\/types\/post"}],"author":[{"embeddable":true,"href":"http:\/\/fmriachuelo.it10.com.ar\/index.php\/wp-json\/wp\/v2\/users\/5"}],"replies":[{"embeddable":true,"href":"http:\/\/fmriachuelo.it10.com.ar\/index.php\/wp-json\/wp\/v2\/comments?post=6574"}],"version-history":[{"count":0,"href":"http:\/\/fmriachuelo.it10.com.ar\/index.php\/wp-json\/wp\/v2\/posts\/6574\/revisions"}],"wp:featuredmedia":[{"embeddable":true,"href":"http:\/\/fmriachuelo.it10.com.ar\/index.php\/wp-json\/wp\/v2\/media\/6582"}],"wp:attachment":[{"href":"http:\/\/fmriachuelo.it10.com.ar\/index.php\/wp-json\/wp\/v2\/media?parent=6574"}],"wp:term":[{"taxonomy":"category","embeddable":true,"href":"http:\/\/fmriachuelo.it10.com.ar\/index.php\/wp-json\/wp\/v2\/categories?post=6574"},{"taxonomy":"post_tag","embeddable":true,"href":"http:\/\/fmriachuelo.it10.com.ar\/index.php\/wp-json\/wp\/v2\/tags?post=6574"}],"curies":[{"name":"wp","href":"https:\/\/api.w.org\/{rel}","templated":true}]}}