{"id":657,"date":"2015-03-19T02:18:00","date_gmt":"2015-03-19T02:18:00","guid":{"rendered":"http:\/\/fmriachuelo.observatorioess.org.ar\/index.php\/2015\/03\/19\/mexico-la-privatizacion-de-los-recursos\/"},"modified":"2025-03-27T12:01:49","modified_gmt":"2025-03-27T15:01:49","slug":"mexico-la-privatizacion-de-los-recursos","status":"publish","type":"post","link":"http:\/\/fmriachuelo.it10.com.ar\/index.php\/2015\/03\/19\/mexico-la-privatizacion-de-los-recursos\/","title":{"rendered":"MEXICO: LA PRIVATIZACION DE LOS RECURSOS"},"content":{"rendered":"<p><span style=\"color: red;font-family: Verdana, sans-serif;font-size: large\"><strong>SIERRA NORTE DE PUEBLA SE MOVILIZA FRENTE AL INTENTO DE DESPOJO<\/strong><\/span><br \/><strong><span style=\"color: red;font-family: Verdana;font-size: large\"><\/span><\/strong><\/p>\n<div style=\"clear: both;text-align: center\"><a href=\"http:\/\/2.bp.blogspot.com\/-JPDKZZfTpjU\/VQoxSUX3VaI\/AAAAAAAADKo\/qw88ttqE0pk\/s1600\/M%C3%A9xico-asamblea-pueblo.jpg\" style=\"clear: left;float: left;margin-bottom: 1em;margin-right: 1em\"><img loading=\"lazy\" decoding=\"async\" border=\"0\" src=\"http:\/\/2.bp.blogspot.com\/-JPDKZZfTpjU\/VQoxSUX3VaI\/AAAAAAAADKo\/qw88ttqE0pk\/s1600\/M%C3%A9xico-asamblea-pueblo.jpg\" height=\"213\" width=\"320\" \/><\/a><\/div>\n<p><span style=\"font-family: Verdana, sans-serif\">L\u00edderes comunitarios, campesinos y defensores del medio ambiente de la Sierra Norte de Puebla advirtieron que frente a las reformas energ\u00e9tica, de miner\u00eda y la inminente ley nacional de aguas, las empresas que pretenden despojarlos de su territorio y sus recursos \u201cno pasar\u00e1n\u201d.<\/p>\n<p>La advertencia la realizaron durante la s\u00e9ptima Asamblea de Pueblos Serranos en Defensa del Territorio y la Naturaleza, que se realiz\u00f3 el pasado domingo en la comunidad cuetzalteca de Pepexta.<\/p>\n<p>El movimiento de organizaciones y comunidades nahuas, totonacas y mestizas de la regi\u00f3n, que rechaza las concesiones que el gobierno federal ha otorgado a negocios privados \u2013principalmente hidromineros\u2013, abarca la participaci\u00f3n de cerca de 90 pueblos de siete municipios poblanos y tres veracruzanos, colindantes con la zona.<\/span><br \/><span style=\"font-family: Verdana, sans-serif\"><\/span><a name='more'><\/a><span style=\"font-family: Verdana, sans-serif\"><br \/>Pepexta se ubica en el coraz\u00f3n de este bosque mes\u00f3filo de monta\u00f1a, de los m\u00e1s amenazados del pa\u00eds. Desde noviembre pasado, cuando se empezaron a conocer los megaproyectos corporativos, se activ\u00f3 la movilizaci\u00f3n. A partir de ese momento se organiza un encuentro cada dos meses en distintas comunidades.<\/p>\n<p>Grandes logros<\/p>\n<p>Entre otros avances, lograron que la presidencias municipales de Cuetzalan y Tuzamapan de Galeana declararan estas comunidades territorios libres de miner\u00eda, hidroel\u00e9ctricas y explotaciones petroleras.<\/p>\n<p>Tambi\u00e9n decidieron la adhesi\u00f3n de los 90 pueblos, que abarcan siete municipios poblanos, a la demanda que fue presentada por integrantes del Comit\u00e9 de Ordenamiento Territorial Integral de Cuetzalan (Cotic) a la Secretar\u00eda del Medio Ambiente y Recursos Naturales (Semarnat) por presentar manifestaciones de impacto ambiental \u201cplagadas de errores, datos viejos y omisiones\u201d.<\/p>\n<p>Firmaron lista de asistencia m\u00e1s de 3 mil delegados de 89 pueblos, entre autoridades, jueces de paz, l\u00edderes agrarios, comit\u00e9s de gesti\u00f3n del agua y representantes de cooperativas de siete municipios, con el prop\u00f3sito firme de frenar la m\u00e1s reciente amenaza: los cuatro proyectos que la Semarnat concedi\u00f3 a la constructora Ingenieros Civiles Asociados (ICA) y de la cual inform\u00f3 en su Gaceta en diciembre pasado: cuatro hidroel\u00e9ctricas, presentadas como obras independientes, y \u201cmini-hidroel\u00e9ctricas\u201d, bautizadas como Ana, Boca, Conde y Diego.<\/p>\n<p>Seg\u00fan los estudios realizados por el Comit\u00e9 de Ordenamiento Territorial Integral de Cuetzalan y el Centro Universitario para la Preservaci\u00f3n de Desastres Regionales de la Universidad Aut\u00f3noma de Puebla (Cupreder\/ UAP), las hidroel\u00e9ctricas concesionadas no son menores ni inofensivas, sino obras de gran envergadura vinculadas a la extracci\u00f3n minera de El Aret\u00f3n y Minera Sunshine, de los consorcios Grupo Ferrominero y Autl\u00e1n, y con severos impactos ambientales en la zona.<\/p>\n<p>Leonardo Dur\u00e1n, del comit\u00e9 t\u00e9cnico del Cotic y de la cooperativa Tosepan-Titataniske (unidos venceremos, en la lengua n\u00e1huatl-maseual que se habla en esos pueblos), explic\u00f3 las afectaciones que implicar\u00eda a la vida econ\u00f3mica y cultural. El r\u00edo Apulco, que corre por 114 kil\u00f3metros desde Tlaxcala, y en la selva alta poblana se alimenta de decenas de cascadas y manantiales para ir a desembocar como afluente del r\u00edo Tecolutla, ser\u00eda desviado de su cauce \u2013entubado o represado\u2013 en cuatro puntos diferentes, lo que afectar\u00eda directamente 27 kil\u00f3metros.<\/p>\n<p>El impacto acumulado de las cuatro hidroel\u00e9ctricas, que empiezan en Tetela de Ocampo y Xochiapulco y terminan en Zacapoaxtla, Cuetzalan y Tlatlauitepec, afectar\u00e1 la vida natural de 45 por ciento del r\u00edo, hoy rico en flora y fauna.<\/p>\n<p>Bajo la sombra de un f\u00f3sil viviente<\/p>\n<p>En la asamblea fueron distribuidos miles de ejemplares del peri\u00f3dico comunitario Kuojtakiloyan (que significa \u201cel monte donde producimos\u201d o \u201cnuestro bosque \u00fatil\u201d), en el cual los delegados pod\u00edan ver gr\u00e1ficamente en el mapa el paso de las corporaciones privadas por sus tierras.<\/p>\n<p>En la tarima del gran centro comunitario de Pepexta fue colocada una enorme pesma (as\u00ed le llaman a los helechos arborescentes gigantes, que datan de hace 300 millones de a\u00f1os). En estos parajes hay bosques enteros de estas joyas bot\u00e1nicas y otras muchas, y los animales y personas que las pueblan. Los oradores hablaron desde ah\u00ed, bajo el penacho de esta especie que es considerada un f\u00f3sil viviente, para simbolizar su determinaci\u00f3n en defensa de su territorio, del agua y de su identidad ind\u00edgena.<\/p>\n<p>La manta que presidi\u00f3 la asamblea rezaba: \u201cLos serranos defendemos nuestra cultura y nuestra naturaleza\u201d. Los discursos fueron biling\u00fces. La participaci\u00f3n de pueblos totonacos en este movimiento todav\u00eda es minoritaria.<\/p>\n<p>Rufina Villa Hern\u00e1ndez, secretaria del Comit\u00e9 del Ordenamiento Ecol\u00f3gico de Cuetzalan, hizo el recuento de las seis asambleas anteriores, donde se ha ido definiendo la agenda estrat\u00e9gica contra lo que llam\u00f3 \u201clos proyectos de muerte\u201d. Asegur\u00f3: \u201cVamos a sacar de nuestros lugares a cualquiera que venga a entrometerse en nuestra forma de vida de ind\u00edgenas maseuales. Esto alcanza mucho m\u00e1s all\u00e1 de nuestro municipio: lo que afecta a unos, nos afecta a todos\u201d.<\/p>\n<p>La inminencia de una reforma a la ley federal del agua imprimi\u00f3 a muchas de las intervenciones un ingrediente adicional de alarma. En Puebla ya fueron aprobadas las reformas que favorecen la privatizaci\u00f3n del l\u00edquido. \u201cNos preocupa lo que vemos venir. Tenemos que estar alertas porque por ahora los diputados federales pararon los cambios en la ley del agua, pero pasando las elecciones lo van a retomar. Y entonces, \u00bfqu\u00e9 va a pasar? \u00bfVamos a dejar que otros vengan y tomen nuestra propia agua?\u201d<\/p>\n<p>Luis Enrique Fern\u00e1ndez, presidente del \u00f3rgano t\u00e9cnico del Cotic, explic\u00f3 que las concesiones otorgadas a empresas privadas para el uso del r\u00edo Apulco privilegian a los negocios por encima del derecho humano m\u00e1s elemental, que es el del acceso al agua.<\/p>\n<p>En Cuetzalan, como en otros municipios, se han organizado los consejos maseuales del agua, como parte de un importante tejido cooperativo. Sus representantes, electos en asamblea, son responsables de la gesti\u00f3n de los recursos acu\u00edferos. En la asamblea se resolvi\u00f3 repetir esta experiencia como una forma de resistir el despojo y \u201cpara hacer resistencia\u201d. El Cupreder ofrece asesor\u00eda para estos organismos.<\/p>\n<p>En este tema, como entre los dem\u00e1s, se subray\u00f3 la divisi\u00f3n entre los coyomes \u2013los no ind\u00edgenas, en este caso los diputados poblanos que aprobaron las leyes de privatizaci\u00f3n del agua y los legisladores federales, que se aprestan a hacer lo mismo\u2013 y los maseuales, que proponen un manejo del recurso con respeto a las mayor\u00edas.<\/p>\n<p>La invitaci\u00f3n a conocer y extender este modelo de movilizaci\u00f3n se hizo extensivo a las comunidades totonacas de la sierra que habitan hacia el norte de Veracruz. En las cercan\u00edas de Poza Rica, seg\u00fan las previsiones de las rondas cero y uno de la nueva ley de energ\u00e9ticos, se contempla la asignaci\u00f3n de contratos a empresas privadas en 30 por ciento de su territorio.<\/p>\n<p>Por \u00faltimo, en la agenda de los movimientos serranos \u2013que no s\u00f3lo colindan con \u201ct<br \/>\nerritorio zeta\u201d por el lado de Veracruz, sino que han experimentado en los a\u00f1os recientes un ascenso de ataques de la delincuencia com\u00fan a niveles no conocidos hasta ahora\u2013 tambi\u00e9n figura el de la autodefensa pac\u00edfica.<\/p>\n<p>El joven Francisco G\u00f3mez explic\u00f3 lo que han avanzado los comit\u00e9s comunitarios en este rubro: \u201cVemos que las autoridades de los tres niveles est\u00e1n muy lejos de estar interesados en proteger a la poblaci\u00f3n que dicen representar. Entonces lo vamos a hacer nosotros, en forma pac\u00edfica y organizada. Se decidi\u00f3 una depuraci\u00f3n de polic\u00edas y topiles en los pueblos\u201d, indic\u00f3.<\/span><br \/><span style=\"color: blue;font-family: Verdana\">Fuente: Resumen Latinoamericano, Producci\u00f3n Riachuelo<\/span><\/p>\n<div style=\"clear: both;text-align: center\"><a href=\"http:\/\/4.bp.blogspot.com\/-UstJs96tQnY\/VQov5PMXu6I\/AAAAAAAADKg\/xVDe-3o5X0I\/s1600\/COOP%2BRIACHIUELO%2BPRODUCCIONES.jpg\" style=\"clear: left;float: left;margin-bottom: 1em;margin-right: 1em\"><img loading=\"lazy\" decoding=\"async\" border=\"0\" src=\"http:\/\/4.bp.blogspot.com\/-UstJs96tQnY\/VQov5PMXu6I\/AAAAAAAADKg\/xVDe-3o5X0I\/s1600\/COOP%2BRIACHIUELO%2BPRODUCCIONES.jpg\" height=\"58\" width=\"200\" \/><\/a><\/div>\n","protected":false},"excerpt":{"rendered":"<p>SIERRA NORTE DE PUEBLA SE MOVILIZA FRENTE AL INTENTO DE DESPOJO L\u00edderes comunitarios, campesinos y defensores del medio ambiente de la Sierra Norte de Puebla advirtieron que frente a las reformas energ\u00e9tica, de miner\u00eda y la inminente ley nacional de aguas, las empresas que pretenden despojarlos de su territorio y sus recursos \u201cno pasar\u00e1n\u201d. La [&hellip;]<\/p>\n","protected":false},"author":4,"featured_media":0,"comment_status":"open","ping_status":"open","sticky":false,"template":"","format":"standard","meta":{"_monsterinsights_skip_tracking":false,"_monsterinsights_sitenote_active":false,"_monsterinsights_sitenote_note":"","_monsterinsights_sitenote_category":0,"jnews-multi-image_gallery":[],"jnews_single_post":{"format":"standard"},"jnews_primary_category":[],"_joinchat":[],"footnotes":""},"categories":[58],"tags":[70,147],"class_list":["post-657","post","type-post","status-publish","format-standard","hentry","category-noticiariachuelo","tag-de-la-patria-grande","tag-habitat"],"_links":{"self":[{"href":"http:\/\/fmriachuelo.it10.com.ar\/index.php\/wp-json\/wp\/v2\/posts\/657","targetHints":{"allow":["GET"]}}],"collection":[{"href":"http:\/\/fmriachuelo.it10.com.ar\/index.php\/wp-json\/wp\/v2\/posts"}],"about":[{"href":"http:\/\/fmriachuelo.it10.com.ar\/index.php\/wp-json\/wp\/v2\/types\/post"}],"author":[{"embeddable":true,"href":"http:\/\/fmriachuelo.it10.com.ar\/index.php\/wp-json\/wp\/v2\/users\/4"}],"replies":[{"embeddable":true,"href":"http:\/\/fmriachuelo.it10.com.ar\/index.php\/wp-json\/wp\/v2\/comments?post=657"}],"version-history":[{"count":1,"href":"http:\/\/fmriachuelo.it10.com.ar\/index.php\/wp-json\/wp\/v2\/posts\/657\/revisions"}],"predecessor-version":[{"id":22711,"href":"http:\/\/fmriachuelo.it10.com.ar\/index.php\/wp-json\/wp\/v2\/posts\/657\/revisions\/22711"}],"wp:attachment":[{"href":"http:\/\/fmriachuelo.it10.com.ar\/index.php\/wp-json\/wp\/v2\/media?parent=657"}],"wp:term":[{"taxonomy":"category","embeddable":true,"href":"http:\/\/fmriachuelo.it10.com.ar\/index.php\/wp-json\/wp\/v2\/categories?post=657"},{"taxonomy":"post_tag","embeddable":true,"href":"http:\/\/fmriachuelo.it10.com.ar\/index.php\/wp-json\/wp\/v2\/tags?post=657"}],"curies":[{"name":"wp","href":"https:\/\/api.w.org\/{rel}","templated":true}]}}