{"id":656,"date":"2015-03-19T06:30:00","date_gmt":"2015-03-19T06:30:00","guid":{"rendered":"http:\/\/fmriachuelo.observatorioess.org.ar\/index.php\/2015\/03\/19\/noticias-de-la-movilizacion-que-impidio-el-desalojo-de-pavon-4127\/"},"modified":"2025-03-27T12:02:23","modified_gmt":"2025-03-27T15:02:23","slug":"noticias-de-la-movilizacion-que-impidio-el-desalojo-de-pavon-4127","status":"publish","type":"post","link":"http:\/\/fmriachuelo.it10.com.ar\/index.php\/2015\/03\/19\/noticias-de-la-movilizacion-que-impidio-el-desalojo-de-pavon-4127\/","title":{"rendered":"NOTICIAS DE LA MOVILIZACION QUE IMPIDIO EL DESALOJO DE PAVON 4127"},"content":{"rendered":"<div style=\"text-align: center\"><span style=\"color: red;font-family: Verdana, sans-serif;font-size: large\"><strong>NI GENTE SIN CASAS NI CASAS SIN GENTE:<br \/>LA ORGANIZACION POPULAR PUSO FRENO AL DESALOJO<\/strong><\/span><\/div>\n<div style=\"text-align: center\">&nbsp;<\/div>\n<p><span style=\"font-family: Verdana, sans-serif\"><\/p>\n<div style=\"clear: both;text-align: center\"><a href=\"http:\/\/3.bp.blogspot.com\/-JQZZ2aR6_h4\/VQwuDXm-ANI\/AAAAAAAADMc\/gnDqZNqsYvo\/s1600\/_DSC3399.jpg\" style=\"margin-left: 1em;margin-right: 1em\"><img loading=\"lazy\" decoding=\"async\" border=\"0\" src=\"http:\/\/3.bp.blogspot.com\/-JQZZ2aR6_h4\/VQwuDXm-ANI\/AAAAAAAADMc\/gnDqZNqsYvo\/s1600\/_DSC3399.jpg\" height=\"211\" width=\"320\" \/><\/a><\/div>\n<div style=\"clear: both;text-align: center\"><\/div>\n<div style=\"text-align: center\">&nbsp;<strong>[FMR18\/03\/15] En el d\u00eda de hoy la numerosa concurrencia de organizaciones sociales, pol\u00edticas, barriales, junto a la presencia de representantes gremiales, legisladores, vecinos y defensores p\u00fablicos impidi\u00f3 la ejecuci\u00f3n del desalojo de 37 familias que viven en Pav\u00f3n 4127 desde hace 28 a\u00f1os.<\/strong><\/div>\n<div style=\"clear: both;text-align: center\"><a href=\"http:\/\/1.bp.blogspot.com\/-Wi5vadyhASw\/VQwuGvkaxsI\/AAAAAAAADMk\/jho53SRPMVI\/s1600\/_DSC3431.jpg\" style=\"margin-left: 1em;margin-right: 1em\"><img loading=\"lazy\" decoding=\"async\" border=\"0\" src=\"http:\/\/1.bp.blogspot.com\/-Wi5vadyhASw\/VQwuGvkaxsI\/AAAAAAAADMk\/jho53SRPMVI\/s1600\/_DSC3431.jpg\" height=\"211\" width=\"320\" \/><\/a><\/div>\n<div style=\"text-align: center\"><a name='more'><\/a><br \/><span style=\"font-size: medium\">Esta vez le toc\u00f3 al barrio de Boedo: la especulaci\u00f3n inmobiliaria impulsada por el poder econ\u00f3mico concentrado quiso arrancarle un nuevo pedazo de suelo -y sue\u00f1os- a los habitantes m\u00e1s humildes del Sur de la Ciudad de Buenos Aires. El desalojo y la frecuente represi\u00f3n policial -que son los caballitos de batalla de los intereses econ\u00f3micos volcados sobre el mercado inmobiliario- son una escena cada vez m\u00e1s cotidiana en los barrios populares de la ciudad. Como&nbsp;relata Gustavo, habitante de la casa de Pav\u00f3n 4127, la complicidad de algunos sectores de la justicia hacen de la metodolog\u00eda del desalojo una verdadera guerra psicol\u00f3gica contra las familias.<\/span><\/p>\n<div style=\"text-align: center\"><a href=\"http:\/\/www.mediafire.com\/listen\/fkwtz2c4odd2wut\/HABITANTE_GUSTAVO-__COMO_FUE_ESTE_DESALOJO.mp3\"><strong>GUSTAVO HABITANTE DE LA VIVIENDA <\/strong><\/a><\/div>\n<div style=\"text-align: center\"><span style=\"font-size: medium\">La jornada de hoy -que comenz\u00f3 el martes por la noche con un festival y una vigilia organizados para resistir el desalojo- amaneci\u00f3 con una nutrida concurrencia de organizaciones sociales, pol\u00edticas, barriales, sindicales, legisladores y representantes de defensor\u00edas dispuestos a&nbsp;respaldar la lucha planteada por los habitantes de la vivienda amenazada y los vecinos del barrio. Seg\u00fan los testimonios que recogi\u00f3 la <strong><span style=\"color: red\">FM Riachuelo<\/span><\/strong>, los referentes coincid\u00edan en la importancia de la organizaci\u00f3n, la unidad y la solidaridad para lograr defender la vivienda as\u00ed como en la necesidad de poner un freno a las pol\u00edticas excluyentes del macrismo que s\u00f3lo buscan construir una ciudad para pocos:<\/span><\/div>\n<div style=\"text-align: center\"><a href=\"http:\/\/www.mediafire.com\/listen\/wmuigd5xt6f2p18\/LUIS_HABITANTE_BOEDO_4127_-_AGRADECIMIENTO_A_LAS_ORGANIZACIONES.mp3\"><strong>LUIS DELEGADO DE LOS HABITANTES DE LA VIVIENDA<\/strong><\/a><\/div>\n<div style=\"text-align: center\"><a href=\"http:\/\/www.mediafire.com\/listen\/w5a30am0v5l3d3s\/PABLO_FERREYRA-_EN_LA_CIUDAD_NO_HAY_POLITICAS__PARA__SECTORES_POPULARES.mp3\"><strong>PABLO FERREYRA LEGISLADOR PORTE\u00d1O<\/strong><\/a><\/div>\n<div style=\"text-align: center\"><a href=\"http:\/\/www.mediafire.com\/listen\/ebz0vc66lti3pqk\/LITO_BORELLO_-_SEC_VIVIENDA_Y_HABITAT_DE_LA_BOCA_-_LA_IMPORTANCIA_DE_LUCHAR_ORGANIZADOS.mp3\"><strong>LITO BOREL0-SECRETARIO VIVIENDA Y HABITAT CTEP<\/strong><\/a><\/div>\n<div style=\"text-align: center\"><a href=\"http:\/\/www.mediafire.com\/listen\/ngo9be1okpl0b81\/03-18-2015_-_NONO_FRONDIZI_-CTA_-_ESTAMOS_PRESENTE_PARA_BANCAR_A_LOS_VECINOS.mp3\"><strong>NONO FRONDISI TRABAJADOR DEL BORDA Y DELEGADO DE CTA<\/strong><\/a><\/div>\n<div style=\"text-align: center\"><span style=\"font-size: medium\">Lo&nbsp;sucedido&nbsp;demuestra que con organizaci\u00f3n popular es posible torcerle el rumbo a las pol\u00edticas de expulsi\u00f3n que propone el macrismo. Al suspender el desalojo y conquistar una v\u00eda de negociaci\u00f3n con la Justicia y el Estado porte\u00f1o los habitantes de Pav\u00f3n 4127 tienen la posibilidad de seguir el camino que ya lograron otros vecinos organizados de la ciudad: la vivienda propia por autogesti\u00f3n y ayuda mutua, en el marco de la Ley 341 de la CABA. Representantes de la Defensor\u00eda General de la Naci\u00f3n presentes en el lugar explicaban que&nbsp;&nbsp;toman como referencia&nbsp;&nbsp;experiencias recientes como la de la Cooperativa de Vivienda \u00abCrecer en Ministro Brin\u00bb,&nbsp; o&nbsp; la Cooperativa de Vivienda Los Pibes, que este 22 de marzo inaugura 33 departamentos en el barrio de La Boca.<\/span><\/div>\n<div style=\"text-align: center\"><a href=\"http:\/\/www.mediafire.com\/listen\/v5c5wnvc3tbd89p\/03-18-2015_-_SEBASTIAN_TEDESCHI__-_SOBRE_LA_COOP_CRECER_EN_MINISTRO_BRIN.mp3\"><strong>SEBASTIAN TEDESCHI DEFENSORIA GENERAL DE LA NACION<\/strong><\/a><\/div>\n<div style=\"text-align: left\">&nbsp;<\/div>\n<div style=\"text-align: left\"><span style=\"color: blue\">Fuente: Producci\u00f3n Riachuelo<\/span><\/div>\n<div style=\"text-align: center\">&nbsp;<\/div>\n<\/div>\n<p><\/span><\/p>\n","protected":false},"excerpt":{"rendered":"<p>NI GENTE SIN CASAS NI CASAS SIN GENTE:LA ORGANIZACION POPULAR PUSO FRENO AL DESALOJO &nbsp; &nbsp;[FMR18\/03\/15] En el d\u00eda de hoy la numerosa concurrencia de organizaciones sociales, pol\u00edticas, barriales, junto a la presencia de representantes gremiales, legisladores, vecinos y defensores p\u00fablicos impidi\u00f3 la ejecuci\u00f3n del desalojo de 37 familias que viven en Pav\u00f3n 4127 desde [&hellip;]<\/p>\n","protected":false},"author":4,"featured_media":0,"comment_status":"open","ping_status":"open","sticky":false,"template":"","format":"standard","meta":{"_monsterinsights_skip_tracking":false,"_monsterinsights_sitenote_active":false,"_monsterinsights_sitenote_note":"","_monsterinsights_sitenote_category":0,"jnews-multi-image_gallery":[],"jnews_single_post":{"format":"standard"},"jnews_primary_category":[],"_joinchat":[],"footnotes":""},"categories":[58],"tags":[147,157],"class_list":["post-656","post","type-post","status-publish","format-standard","hentry","category-noticiariachuelo","tag-habitat","tag-nadie-se-salva-solo"],"_links":{"self":[{"href":"http:\/\/fmriachuelo.it10.com.ar\/index.php\/wp-json\/wp\/v2\/posts\/656","targetHints":{"allow":["GET"]}}],"collection":[{"href":"http:\/\/fmriachuelo.it10.com.ar\/index.php\/wp-json\/wp\/v2\/posts"}],"about":[{"href":"http:\/\/fmriachuelo.it10.com.ar\/index.php\/wp-json\/wp\/v2\/types\/post"}],"author":[{"embeddable":true,"href":"http:\/\/fmriachuelo.it10.com.ar\/index.php\/wp-json\/wp\/v2\/users\/4"}],"replies":[{"embeddable":true,"href":"http:\/\/fmriachuelo.it10.com.ar\/index.php\/wp-json\/wp\/v2\/comments?post=656"}],"version-history":[{"count":1,"href":"http:\/\/fmriachuelo.it10.com.ar\/index.php\/wp-json\/wp\/v2\/posts\/656\/revisions"}],"predecessor-version":[{"id":22712,"href":"http:\/\/fmriachuelo.it10.com.ar\/index.php\/wp-json\/wp\/v2\/posts\/656\/revisions\/22712"}],"wp:attachment":[{"href":"http:\/\/fmriachuelo.it10.com.ar\/index.php\/wp-json\/wp\/v2\/media?parent=656"}],"wp:term":[{"taxonomy":"category","embeddable":true,"href":"http:\/\/fmriachuelo.it10.com.ar\/index.php\/wp-json\/wp\/v2\/categories?post=656"},{"taxonomy":"post_tag","embeddable":true,"href":"http:\/\/fmriachuelo.it10.com.ar\/index.php\/wp-json\/wp\/v2\/tags?post=656"}],"curies":[{"name":"wp","href":"https:\/\/api.w.org\/{rel}","templated":true}]}}