{"id":655,"date":"2015-03-19T19:09:00","date_gmt":"2015-03-19T19:09:00","guid":{"rendered":"http:\/\/fmriachuelo.observatorioess.org.ar\/index.php\/2015\/03\/19\/bolivia-sindicato-de-campesinos-propone-crear-consejo-de-defensa-de-los-pueblos\/"},"modified":"2025-03-27T12:04:33","modified_gmt":"2025-03-27T15:04:33","slug":"bolivia-sindicato-de-campesinos-propone-crear-consejo-de-defensa-de-los-pueblos","status":"publish","type":"post","link":"http:\/\/fmriachuelo.it10.com.ar\/index.php\/2015\/03\/19\/bolivia-sindicato-de-campesinos-propone-crear-consejo-de-defensa-de-los-pueblos\/","title":{"rendered":"BOLIVIA: SINDICATO DE CAMPESINOS PROPONE CREAR CONSEJO DE DEFENSA DE LOS PUEBLOS"},"content":{"rendered":"<div style=\"clear: both;text-align: left\"><span lang=\"ES\"><span style=\"color: red;font-family: Verdana, sans-serif;font-size: large\"><strong>INICIATIVAS DE LOS PUEBLOS<\/strong><\/span><\/span><\/div>\n<div style=\"clear: both;text-align: left\"><span lang=\"ES\"><span style=\"color: red;font-family: Verdana, sans-serif;font-size: large\"><strong>DEFENDER LAS DEMOCRACIAS LATINOAMERICANAS<\/strong><\/span><\/span><\/div>\n<div style=\"text-align: left\"> <\/div>\n<div style=\"clear: both;text-align: center\"><a href=\"http:\/\/3.bp.blogspot.com\/-SNOWi5bAIGk\/VQsedhNJM-I\/AAAAAAAADLA\/RDYfUxFmZTU\/s1600\/consejo%2Bbolivia.jpg\" style=\"clear: left;float: left;margin-bottom: 1em;margin-right: 1em\"><img decoding=\"async\" border=\"0\" src=\"http:\/\/3.bp.blogspot.com\/-SNOWi5bAIGk\/VQsedhNJM-I\/AAAAAAAADLA\/RDYfUxFmZTU\/s1600\/consejo%2Bbolivia.jpg\" \/><\/a><\/div>\n<div style=\"text-align: left\"><span style=\"font-family: Verdana, sans-serif\">La Coordinadora Nacional por el Cambio (Conalcam) crear\u00e1 el Consejo de Defensa de los Pueblos para defender la democracia en Latinoam\u00e9rica, inform\u00f3 el mi\u00e9rcoles el secretario ejecutivo de la Confederaci\u00f3n Sindical de Trabajadores Campesinos de Bolivia (Csutcb), Rodolfo Machaca.<\/p>\n<p>\u201cVamos a constituir un Consejo de Defensa de los Pueblos Latinoamericanos desde los pueblos ind\u00edgenas originarios campesinos, as\u00ed como trabajadores, obreros, fabriles, mineros y de todos los sectores, con la finalidad de unir fuerzas para defender nuestra democracia en Latinoam\u00e9rica y especialmente en Bolivia\u201d, dijo.<\/span><a name='more'><\/a><span style=\"font-family: Verdana, sans-serif\"><br \/>Explic\u00f3 que ese consejo reunir\u00e1 a los trabajadores e ind\u00edgenas del mundo \u201cpara unir fuerzas\u201d y de esa manera enfrentar la amenaza de Estados Unidos sobre Latinoam\u00e9rica.<\/p>\n<p>La decisi\u00f3n fue tomada en una reuni\u00f3n que la Conalcam celebr\u00f3 en la v\u00edspera, en la que tambi\u00e9n se aprob\u00f3 rechazar y condenar las declaraciones del presidente norteamericano Barak Obama, respecto a Venezuela.<\/p>\n<p>El dirigente campesino indic\u00f3 que se exige a Estados Unidos derogue el decreto y las sanciones impuestas con las que pretende iniciar la marcha de un plan b\u00e9lico e intervencionista.<\/p>\n<p>Otro punto, que se defini\u00f3 en la reuni\u00f3n, dijo fue advertir que el pueblo latinoamericano defender\u00e1 con su sangre si fuera preciso el proceso revolucionario que se ha iniciado en Sudam\u00e9rica.<\/p>\n<p>\u201cNo vamos a dejar as\u00ed no m\u00e1s, todas las organizaciones sociales vamos defender el proceso democr\u00e1tico que se est\u00e1 viviendo en Latinoam\u00e9rica\u201d, acot\u00f3.<\/p>\n<p>Manifest\u00f3 que el plan intervencionista de Estados Unidos encubre la ambici\u00f3n imperialista sobre los recursos naturales en Latinoam\u00e9rica, que busca provocar guerra y tomar su control \u201cdesestabilizando la democracia en Latinoam\u00e9rica\u201d.<\/p>\n<p>Machaca precis\u00f3 que esa resoluci\u00f3n en su integridad ser\u00e1 entregada al presidente Evo Morales, y a la Embajada de Venezuela en Bolivia para hacerlo p\u00fablico.<\/span><\/p>\n<div style=\"text-align: left\"><span style=\"color: blue;font-family: Verdana\">Fuente: Nodal, Producci\u00f3n Riachuelo<\/span><\/div>\n<div style=\"clear: both;text-align: center\"><a href=\"http:\/\/4.bp.blogspot.com\/-Q0WBDyr-4PI\/VQsetpby29I\/AAAAAAAADLI\/6PLH2XEB1cA\/s1600\/COOP%2BRIACHIUELO%2BPRODUCCIONES.jpg\" style=\"clear: left;float: left;margin-bottom: 1em;margin-right: 1em\"><img loading=\"lazy\" decoding=\"async\" border=\"0\" src=\"http:\/\/4.bp.blogspot.com\/-Q0WBDyr-4PI\/VQsetpby29I\/AAAAAAAADLI\/6PLH2XEB1cA\/s1600\/COOP%2BRIACHIUELO%2BPRODUCCIONES.jpg\" height=\"58\" width=\"200\" \/><\/a><\/div>\n<div style=\"text-align: left\">&nbsp;<\/div>\n<\/div>\n","protected":false},"excerpt":{"rendered":"<p>INICIATIVAS DE LOS PUEBLOS DEFENDER LAS DEMOCRACIAS LATINOAMERICANAS La Coordinadora Nacional por el Cambio (Conalcam) crear\u00e1 el Consejo de Defensa de los Pueblos para defender la democracia en Latinoam\u00e9rica, inform\u00f3 el mi\u00e9rcoles el secretario ejecutivo de la Confederaci\u00f3n Sindical de Trabajadores Campesinos de Bolivia (Csutcb), Rodolfo Machaca. \u201cVamos a constituir un Consejo de Defensa de [&hellip;]<\/p>\n","protected":false},"author":4,"featured_media":0,"comment_status":"open","ping_status":"open","sticky":false,"template":"","format":"standard","meta":{"_monsterinsights_skip_tracking":false,"_monsterinsights_sitenote_active":false,"_monsterinsights_sitenote_note":"","_monsterinsights_sitenote_category":0,"jnews-multi-image_gallery":[],"jnews_single_post":{"format":"standard"},"jnews_primary_category":[],"_joinchat":[],"footnotes":""},"categories":[58],"tags":[174,70],"class_list":["post-655","post","type-post","status-publish","format-standard","hentry","category-noticiariachuelo","tag-cultura-originaria","tag-de-la-patria-grande"],"_links":{"self":[{"href":"http:\/\/fmriachuelo.it10.com.ar\/index.php\/wp-json\/wp\/v2\/posts\/655","targetHints":{"allow":["GET"]}}],"collection":[{"href":"http:\/\/fmriachuelo.it10.com.ar\/index.php\/wp-json\/wp\/v2\/posts"}],"about":[{"href":"http:\/\/fmriachuelo.it10.com.ar\/index.php\/wp-json\/wp\/v2\/types\/post"}],"author":[{"embeddable":true,"href":"http:\/\/fmriachuelo.it10.com.ar\/index.php\/wp-json\/wp\/v2\/users\/4"}],"replies":[{"embeddable":true,"href":"http:\/\/fmriachuelo.it10.com.ar\/index.php\/wp-json\/wp\/v2\/comments?post=655"}],"version-history":[{"count":1,"href":"http:\/\/fmriachuelo.it10.com.ar\/index.php\/wp-json\/wp\/v2\/posts\/655\/revisions"}],"predecessor-version":[{"id":22716,"href":"http:\/\/fmriachuelo.it10.com.ar\/index.php\/wp-json\/wp\/v2\/posts\/655\/revisions\/22716"}],"wp:attachment":[{"href":"http:\/\/fmriachuelo.it10.com.ar\/index.php\/wp-json\/wp\/v2\/media?parent=655"}],"wp:term":[{"taxonomy":"category","embeddable":true,"href":"http:\/\/fmriachuelo.it10.com.ar\/index.php\/wp-json\/wp\/v2\/categories?post=655"},{"taxonomy":"post_tag","embeddable":true,"href":"http:\/\/fmriachuelo.it10.com.ar\/index.php\/wp-json\/wp\/v2\/tags?post=655"}],"curies":[{"name":"wp","href":"https:\/\/api.w.org\/{rel}","templated":true}]}}