{"id":6546,"date":"2018-03-16T14:12:15","date_gmt":"2018-03-16T14:12:15","guid":{"rendered":"http:\/\/fmriachuelo.com.ar\/?p=6546"},"modified":"2018-03-16T14:12:15","modified_gmt":"2018-03-16T14:12:15","slug":"oropel-fabrica-en-conflicto-en-la-boca-los-trabajadores-no-bajan-sus-brazos","status":"publish","type":"post","link":"http:\/\/fmriachuelo.it10.com.ar\/index.php\/2018\/03\/16\/oropel-fabrica-en-conflicto-en-la-boca-los-trabajadores-no-bajan-sus-brazos\/","title":{"rendered":"\u201cOROPEL\u201d  FABRICA  EN CONFLICTO EN LA BOCA: LOS TRABAJADORES NO BAJAN SUS BRAZOS"},"content":{"rendered":"<p>[FM Riachuelo, 16\/03\/2018] Ayer desde El Programa Rompe el Cerco Informativo, entrevistamos a uno de los trabajadores de la f\u00e1brica OROPEL S.A. ubicada \u00a0en Coronel Salvadores 1140, del barrio de La Boca, donde desde \u00a0el a\u00f1o pasado explot\u00f3 el conflicto debido a las deudas existentes de los salarios .<\/p>\n<p>Las dificultades arrancan en junio de 2013, \u00a0pero en el 2016 \u00a0seg\u00fan nos dijo<strong>\u00a0 <\/strong>Gabriel, empleado de la empresa <strong>\u00a0<\/strong><strong>: <\/strong>\u00a0\u201cSe empezaron a generar deudas desde $20.000 hasta $10.000 dependiendo de la categor\u00eda de cada compa\u00f1ero\u201d.<\/p>\n<p>En los \u00faltimos a\u00f1os se\u00a0 quintuplic\u00f3 la deuda de la empresa. Mientras muchos de los trabajadores no pueden ir a trabajar porque no pueden cargar la SUBE, frente a esta irregular situaci\u00f3n desde julio del 2016 estan en asamblea permanente. \u00a0Oropel produce envases pl\u00e1sticos para grandes empresas y marcas, por lo que la ausencia de pagos no se corresponde a la productividad de la empresa y tambi\u00e9n incumplen con sus proveedores de insumos y servicios.<\/p>\n<p>Gabriel contin\u00faa diciendo; \u201cdejan la empresa en manos de Alejandro Calabria que nos prometi\u00f3 cosas que poco a poco no iban a cumplir, no hacen aportes ni pagos de quincenas, y a medida que pasa el tiempo nuestra inquietud es m\u00e1s grande\u201d.<\/p>\n<p>Luego nos cont\u00f3: \u201cAs\u00ed empezamos con las medidas de fuerza hasta llegar a este punto donde despidi\u00f3 trabajadores, y dej\u00f3 de pagar, adem\u00e1s de no aparecer m\u00e1s. Por eso estamos ac\u00e1 cuidando la f\u00e1brica hasta que la jueza determine que va a hacer, para que no se lleven nada, ya que un domingo que no pudimos cubrir la guardia \u00e9l vino con un cami\u00f3n e intent\u00f3 llevarse m\u00e1quinas\u201d.<\/p>\n<p>Luego concluy\u00f3 diciendo; \u201cEstamos a la espera de la resoluci\u00f3n judicial somos m\u00e1s de 70 trabajadores con sus familias,\u00a0 que cuidamos las m\u00e1quinas y la empresa para evitar que la vac\u00eden. La mayor\u00eda tenemos 15 y 20 a\u00f1os en la empresa lo principal es mantener la fuente de trabajo que es el sost\u00e9n de nuestras familias\u201d<\/p>\n<p><strong>\u201cSe la vamos a hacer dif\u00edcil, nos vamos a quedar cuidando nuestra fuente de trabajo\u201d.<\/strong><\/p>\n<p>Escuch\u00e1 la entrevista<br \/>\n<iframe loading=\"lazy\" title=\"CONFLICTO  FABRICA OROPEL: ENTREVISTA A GABRIEL, TRABAJADOR DE LA EMPRESA by FMR\" width=\"500\" height=\"400\" scrolling=\"no\" frameborder=\"no\" src=\"https:\/\/w.soundcloud.com\/player\/?visual=true&#038;url=https%3A%2F%2Fapi.soundcloud.com%2Ftracks%2F414595317&#038;show_artwork=true&#038;maxheight=750&#038;maxwidth=500\"><\/iframe><\/p>\n","protected":false},"excerpt":{"rendered":"<p>[FM Riachuelo, 16\/03\/2018] Ayer desde El Programa Rompe el Cerco Informativo, entrevistamos a uno de los trabajadores de la f\u00e1brica OROPEL S.A. ubicada \u00a0en Coronel Salvadores 1140, del barrio de La Boca, donde desde \u00a0el a\u00f1o pasado explot\u00f3 el conflicto debido a las deudas existentes de los salarios . Las dificultades arrancan en junio de [&hellip;]<\/p>\n","protected":false},"author":5,"featured_media":6547,"comment_status":"open","ping_status":"open","sticky":false,"template":"","format":"standard","meta":{"_monsterinsights_skip_tracking":false,"_monsterinsights_sitenote_active":false,"_monsterinsights_sitenote_note":"","_monsterinsights_sitenote_category":0,"jnews-multi-image_gallery":[],"jnews_single_post":[],"jnews_primary_category":[],"_joinchat":[],"footnotes":""},"categories":[78,76,74,75],"tags":[],"class_list":["post-6546","post","type-post","status-publish","format-standard","has-post-thumbnail","hentry","category-economia-popular","category-salud-comunitaria","category-san-cayetano","category-trabajo"],"_links":{"self":[{"href":"http:\/\/fmriachuelo.it10.com.ar\/index.php\/wp-json\/wp\/v2\/posts\/6546","targetHints":{"allow":["GET"]}}],"collection":[{"href":"http:\/\/fmriachuelo.it10.com.ar\/index.php\/wp-json\/wp\/v2\/posts"}],"about":[{"href":"http:\/\/fmriachuelo.it10.com.ar\/index.php\/wp-json\/wp\/v2\/types\/post"}],"author":[{"embeddable":true,"href":"http:\/\/fmriachuelo.it10.com.ar\/index.php\/wp-json\/wp\/v2\/users\/5"}],"replies":[{"embeddable":true,"href":"http:\/\/fmriachuelo.it10.com.ar\/index.php\/wp-json\/wp\/v2\/comments?post=6546"}],"version-history":[{"count":0,"href":"http:\/\/fmriachuelo.it10.com.ar\/index.php\/wp-json\/wp\/v2\/posts\/6546\/revisions"}],"wp:featuredmedia":[{"embeddable":true,"href":"http:\/\/fmriachuelo.it10.com.ar\/index.php\/wp-json\/wp\/v2\/media\/6547"}],"wp:attachment":[{"href":"http:\/\/fmriachuelo.it10.com.ar\/index.php\/wp-json\/wp\/v2\/media?parent=6546"}],"wp:term":[{"taxonomy":"category","embeddable":true,"href":"http:\/\/fmriachuelo.it10.com.ar\/index.php\/wp-json\/wp\/v2\/categories?post=6546"},{"taxonomy":"post_tag","embeddable":true,"href":"http:\/\/fmriachuelo.it10.com.ar\/index.php\/wp-json\/wp\/v2\/tags?post=6546"}],"curies":[{"name":"wp","href":"https:\/\/api.w.org\/{rel}","templated":true}]}}