{"id":6544,"date":"2018-03-16T17:51:16","date_gmt":"2018-03-16T17:51:16","guid":{"rendered":"http:\/\/fmriachuelo.com.ar\/?p=6544"},"modified":"2018-03-16T17:51:16","modified_gmt":"2018-03-16T17:51:16","slug":"se-inauguro-la-casa-de-la-mujer-esther-de-careaga-en-maximo-paz","status":"publish","type":"post","link":"http:\/\/fmriachuelo.it10.com.ar\/index.php\/2018\/03\/16\/se-inauguro-la-casa-de-la-mujer-esther-de-careaga-en-maximo-paz\/","title":{"rendered":"SE  INAUGUR\u00d3 LA CASA DE LA MUJER \u201cESTHER DE CAREAGA\u201d EN M\u00c1XIMO PAZ"},"content":{"rendered":"<p>[FM RIACHUELO 16-03-2018] El pasado mi\u00e9rcoles en M\u00e1ximo Paz se celebr\u00f3 la apertura de un espacio destinado a la contenci\u00f3n de mujeres en situaci\u00f3n de vulnerabilidad. La casa de la Mujer, que lleva el nombre de la reconocida militante y una de las fundadoras de Madres de Plaza de Mayo, Esther de Careaga, se inaugur\u00f3 con la presencia de una de sus hijas, Ana Mar\u00eda Careaga, quien record\u00f3 la lucha y militancia de su madre durante la \u00e9poca m\u00e1s oscura de nuestro pa\u00eds.<\/p>\n<p>FM Riachuelo entrevist\u00f3 a Marta Ferraro, referente de Agrupaci\u00f3n de Frente e integrante de la Mesa Gremial 19 y 20 de la CTEP, que explic\u00f3 que eligieron el nombre de Esther para el nombre de la casa \u00abno s\u00f3lo porque ella fue una madre de plaza de mayo, sino tambi\u00e9n porque es un ejemplo de lucha y de defensa de los derechos de la mujer, cuando era muy dif\u00edcil sostener los derechos de las mujeres. En esa grandeza volvi\u00f3 y desapareci\u00f3, y en esa grandeza nos dej\u00f3 su gran legado\u201d.<\/p>\n<p><iframe loading=\"lazy\" title=\"14-03-2018 Marta Ferraro - Agrupaci\u00f3n de Frente de M\u00e1ximo Paz by FMR\" width=\"500\" height=\"400\" scrolling=\"no\" frameborder=\"no\" src=\"https:\/\/w.soundcloud.com\/player\/?visual=true&#038;url=https%3A%2F%2Fapi.soundcloud.com%2Ftracks%2F413788641&#038;show_artwork=true&#038;maxheight=750&#038;maxwidth=500\"><\/iframe><\/p>\n<p>Tambi\u00e9n hizo un recorrido hist\u00f3rico por la vida de la activista: \u201cEsther se cri\u00f3 en Paraguay, estudi\u00f3 magisterio y m\u00e1s tarde bioqu\u00edmica y farmacia. Ella funda el feminismo en el partido Febrerista de Paraguay, algo muy dif\u00edcil para una mujer en un contexto de un pa\u00eds con dictadura militar. Luego se exilia en Argentina, se casa y tiene 3 hijas. Esther empez\u00f3 con la militancia que tenia arraigada, no era una mam\u00e1 de plaza de mayo ama de casa, era una militante ac\u00e9rrima, comprometida\u201d.<\/p>\n<p>Luego de la desaparici\u00f3n de sus yernos y tras recuperar a su hija Ana Mar\u00eda, quien hab\u00eda sido secuestrada y detenida en el centro clandestino de detenci\u00f3n \u201cClub Atl\u00e9tico\u201d con 16 a\u00f1os y un embarazo de 3 meses, Esther decide exiliarse en Brasil, para resguardar a su familia. Sin embargo, su \u00edmpetu militante la oblig\u00f3 a volver al pa\u00eds a buscar a los hijos desaparecidos de otras madres. Es as\u00ed que fue secuestrada en la iglesia Santa Cruz, junto con las otras fundadoras de Madres de Plaza de Mayo Azucena Villaflor y Mar\u00eda Ponce, y las monjas francesas Alice Domon y L\u00e9onie Duquet, y enviada al centro clandestino de detenci\u00f3n Esma para luego ser asesinada en uno de los \u201cvuelos de la muerte\u201d.<\/p>\n<p>Marta Ferraro relat\u00f3 que \u201cSu cuerpo fue devuelto por el mar, estuvo 27 a\u00f1os en un cementerio del partido de la costa enterrada como NN. En 2005, el equipo de antrop\u00f3logos forenses de Argentina, uno de los mejores del mundo, reconoci\u00f3 el cuerpo. Hoy sus restos descansan en la Iglesia Santa Cruz\u201d.<\/p>\n<p>Con respecto a la funci\u00f3n que va a cumplir en el barrio la Casa de la Mujer, Marta coment\u00f3: \u201cNo existe en Ca\u00f1uelas un refugio para mujeres en situaci\u00f3n de vulnerabilidad. Hoy Anita Careaga dec\u00eda que su casa era una casa abierta, y nosotros pensamos que este espacio es eso. Nosotros quer\u00edamos acompa\u00f1ar a otras en el padecimiento de ser una mujer vulnerada, lo fuimos haciendo como pod\u00edamos. Primero con una sociedad de fomento, luego usurpamos un trailer para armar la casa de la mujer, que hoy se inaugura con ba\u00f1o y cocina, que construyeron los cooperativistas de Argentina Trabaja, para que una familia pueda contar con todos los servicios\u201d.<\/p>\n<p>Al finalizar concluy\u00f3: \u201cLas mujeres se encontraron y se animaron a hablar de sus problemas, que al principio hasta les daba verg\u00fcenza. As\u00ed nace la casa de la mujer; con la voluntad, firmeza y proyecto pol\u00edtico de lo que quer\u00edamos hacer. No importa el espacio, importa lo que se construye all\u00ed con el otro\u201d.<\/p>\n<p>&nbsp;<\/p>\n","protected":false},"excerpt":{"rendered":"<p>[FM RIACHUELO 16-03-2018] El pasado mi\u00e9rcoles en M\u00e1ximo Paz se celebr\u00f3 la apertura de un espacio destinado a la contenci\u00f3n de mujeres en situaci\u00f3n de vulnerabilidad. La casa de la Mujer, que lleva el nombre de la reconocida militante y una de las fundadoras de Madres de Plaza de Mayo, Esther de Careaga, se inaugur\u00f3 [&hellip;]<\/p>\n","protected":false},"author":5,"featured_media":6550,"comment_status":"open","ping_status":"open","sticky":false,"template":"","format":"standard","meta":{"_monsterinsights_skip_tracking":false,"_monsterinsights_sitenote_active":false,"_monsterinsights_sitenote_note":"","_monsterinsights_sitenote_category":0,"jnews-multi-image_gallery":[],"jnews_single_post":[],"jnews_primary_category":[],"_joinchat":[],"footnotes":""},"categories":[76],"tags":[],"class_list":["post-6544","post","type-post","status-publish","format-standard","has-post-thumbnail","hentry","category-salud-comunitaria"],"_links":{"self":[{"href":"http:\/\/fmriachuelo.it10.com.ar\/index.php\/wp-json\/wp\/v2\/posts\/6544","targetHints":{"allow":["GET"]}}],"collection":[{"href":"http:\/\/fmriachuelo.it10.com.ar\/index.php\/wp-json\/wp\/v2\/posts"}],"about":[{"href":"http:\/\/fmriachuelo.it10.com.ar\/index.php\/wp-json\/wp\/v2\/types\/post"}],"author":[{"embeddable":true,"href":"http:\/\/fmriachuelo.it10.com.ar\/index.php\/wp-json\/wp\/v2\/users\/5"}],"replies":[{"embeddable":true,"href":"http:\/\/fmriachuelo.it10.com.ar\/index.php\/wp-json\/wp\/v2\/comments?post=6544"}],"version-history":[{"count":0,"href":"http:\/\/fmriachuelo.it10.com.ar\/index.php\/wp-json\/wp\/v2\/posts\/6544\/revisions"}],"wp:featuredmedia":[{"embeddable":true,"href":"http:\/\/fmriachuelo.it10.com.ar\/index.php\/wp-json\/wp\/v2\/media\/6550"}],"wp:attachment":[{"href":"http:\/\/fmriachuelo.it10.com.ar\/index.php\/wp-json\/wp\/v2\/media?parent=6544"}],"wp:term":[{"taxonomy":"category","embeddable":true,"href":"http:\/\/fmriachuelo.it10.com.ar\/index.php\/wp-json\/wp\/v2\/categories?post=6544"},{"taxonomy":"post_tag","embeddable":true,"href":"http:\/\/fmriachuelo.it10.com.ar\/index.php\/wp-json\/wp\/v2\/tags?post=6544"}],"curies":[{"name":"wp","href":"https:\/\/api.w.org\/{rel}","templated":true}]}}